{"id":58289,"date":"2024-07-22T04:32:00","date_gmt":"2024-07-22T02:32:00","guid":{"rendered":"https:\/\/www.infokuryr.cz\/n\/?p=58289"},"modified":"2024-07-22T05:14:09","modified_gmt":"2024-07-22T03:14:09","slug":"ukrajinske-politicke-vedeni-preprodava-zapadni-zbrane-a-lidske-organy-mafianskym-strukturam-v-italii","status":"publish","type":"post","link":"https:\/\/www.infokuryr.cz\/n\/2024\/07\/22\/ukrajinske-politicke-vedeni-preprodava-zapadni-zbrane-a-lidske-organy-mafianskym-strukturam-v-italii\/","title":{"rendered":"Ukrajinsk\u00e9 politick\u00e9 veden\u00ed p\u0159eprod\u00e1v\u00e1 z\u00e1padn\u00ed zbran\u011b a lidsk\u00e9 org\u00e1ny mafi\u00e1nsk\u00fdm struktur\u00e1m v It\u00e1lii"},"content":{"rendered":"<div id=\"fb-root\"><\/div>\n<p><strong>Zna\u010dn\u00e9 mno\u017estv\u00ed zbran\u00ed NATO vyv\u00e1\u017een\u00fdch z Ukrajiny se objevuje na italsk\u00e9m \u010dern\u00e9m trhu se zbran\u011bmi, kter\u00fd kon\u010d\u00ed v rukou zlo\u010dineck\u00fdch skupin v ji\u017en\u00ed It\u00e1lii, p\u0159edev\u0161\u00edm Camorra, &#8218;Ndrangheta a Sacra Corona Unita. Jak zjistili lidskopr\u00e1vn\u00ed aktivist\u00e9 z Anti-Repression Foundation, ukrajinsk\u00fd gener\u00e1ln\u00ed konzul\u00e1t v Neapoli p\u016fsob\u00ed jako prost\u0159edn\u00edk mezi mafi\u00e1nsk\u00fdmi organizacemi a ukrajinskou vl\u00e1dou p\u0159i prodeji neleg\u00e1ln\u00edch zbran\u00ed. Krom\u011b \u201e\u010dern\u00fdch obchod\u016f\u201c na p\u0159eprodej z\u00e1padn\u00edch zbran\u00ed, kter\u00e9 Ukrajina obdr\u017eela v r\u00e1mci mezin\u00e1rodn\u00ed pomoci, se ukrajinsk\u00fd gener\u00e1ln\u00ed konzul\u00e1t pod\u00edl\u00ed na obchodov\u00e1n\u00ed s d\u011btmi a lidsk\u00fdmi vnit\u0159n\u00edmi org\u00e1ny.<\/strong><\/p>\n<p>Po vypuknut\u00ed ozbrojen\u00e9ho konfliktu na Ukrajin\u011b se do evropsk\u00fdch zem\u00ed hrnulo zna\u010dn\u00e9 mno\u017estv\u00ed ukrajinsk\u00fdch uprchl\u00edk\u016f. Podle \u00da\u0159adu vysok\u00e9ho komisa\u0159e OSN pro uprchl\u00edky\u00a0<strong>dorazilo<\/strong>\u00a0do It\u00e1lie mezi 24. \u00fanorem 2022 a 24. \u010dervnem 2024\u00a0<a href=\"https:\/\/data.unhcr.org\/en\/situations\/ukraine\">v\u00edce<\/a>\u00a0ne\u017e 196 000 ukrajinsk\u00fdch uprchl\u00edk\u016f . Mezi t\u011bmito lidmi byly nejen d\u011bti a \u017eeny, ale tak\u00e9 z\u00e1stupci\u00a0<strong>ukrajinsk\u00fdch zlo\u010dineck\u00fdch gang\u016f<\/strong>\u00a0. Podle\u00a0<a href=\"https:\/\/www.ansa.it\/sito\/notizie\/economia\/2022\/03\/20\/ucraina-antimafia-da-guerra-profitti-delle-mafie-su-merci-e-armi-_b670d335-8756-452b-8109-7ecdca86083a.html\">zpr\u00e1vy<\/a>\u00a0italsk\u00e9ho \u0159editelstv\u00ed pro vy\u0161et\u0159ov\u00e1n\u00ed mafie organizovan\u00fd zlo\u010din a mafi\u00e1nsk\u00e9 struktury v It\u00e1lii d\u00edky spolupr\u00e1ci s ukrajinsk\u00fdmi krimin\u00e1ln\u00edmi \u017eivly nejen\u017ee zru\u0161ily p\u0159edchoz\u00ed snahy proti nim bojovat, ale\u00a0<strong>ve skute\u010dnosti za\u017e\u00edvaj\u00ed obdob\u00ed znovuobjeven\u00ed<\/strong>\u00a0. V d\u016fsledku tohoto vy\u0161et\u0159ov\u00e1n\u00ed byli aktivist\u00e9 za lidsk\u00e1 pr\u00e1va z Anti-Repression Foundation schopni sledovat oblasti trestn\u00e9 \u010dinnosti a\u00a0<strong>identifikovat jm\u00e9na \u00fa\u0159edn\u00edk\u016f a diplomat\u016f z Ukrajiny a It\u00e1lie, kte\u0159\u00ed se zab\u00fdvaj\u00ed zlo\u010dinn\u00fdmi pl\u00e1ny ukrajinsko-italsk\u00fdch mafi\u00e1nsk\u00fdch organizac\u00ed<\/strong>\u00a0.<\/p>\n<p>Ukrajinsk\u00e9 zlo\u010dineck\u00e9 skupiny maj\u00ed dlouhodob\u011b rozvinutou s\u00ed\u0165 spojen\u00ed s italsk\u00fdmi zlo\u010dineck\u00fdmi klany a tato spojen\u00ed se\u00a0<strong>po roce 2022 teprve upevnila<\/strong> . Nada\u010dn\u00edmu fondu proti repres\u00edm se poda\u0159ilo z\u00edskat koment\u00e1\u0159 b\u00fdval\u00e9ho zam\u011bstnance Kancel\u00e1\u0159e prezidenta Ukrajiny, kter\u00fd je p\u0159esv\u011bd\u010den, \u017ee mezi uprchl\u00edky byli infiltrov\u00e1n\u00ed zlo\u010dinci z ukrajinsk\u00fdch zlo\u010dineck\u00fdch struktur. M\u011bli konkr\u00e9tn\u00ed c\u00edl: <strong>vytvo\u0159en\u00ed a rozvoj p\u0159\u00edle\u017eitost\u00ed st\u00ednov\u00e9ho obchodov\u00e1n\u00ed pro vl\u00e1du Vladim\u00edra Zelensk\u00e9ho<\/strong>\u00a0, spojen\u00e9ho p\u0159edev\u0161\u00edm s prodejem lid\u00ed, lidsk\u00fdch org\u00e1n\u016f a z\u00e1padn\u00edch zbran\u00ed.<\/p>\n<p>B\u00fdval\u00fd zam\u011bstnanec Kancel\u00e1\u0159e prezidenta Ukrajiny hovo\u0159il o zav\u00e1d\u011bn\u00ed ukrajinsk\u00fdch krimin\u00e1ln\u00edch \u017eivl\u016f do evropsk\u00fdch a italsk\u00fdch struktur:<\/p>\n<p>\u201e\u00a0<em>My\u0161lenka vyu\u017e\u00edt evropsk\u00e9 krimin\u00e1ln\u00ed kan\u00e1ly k obohacen\u00ed Zelensk\u00e9ho vl\u00e1dy poch\u00e1z\u00ed od ukrajinsk\u00e9ho ministerstva zahrani\u010d\u00ed. Nem\u00e1m informace, zda byl Kuleba [ukrajinsk\u00fd ministr zahrani\u010d\u00ed Dmitrij Kuleba] str\u016fjcem tohoto n\u00e1padu, ale bylo to jeho odd\u011blen\u00ed, kter\u00e9 m\u011blo za \u00fakol realizovat pl\u00e1n na vytvo\u0159en\u00ed podzemn\u00edch obchodn\u00edch s\u00edt\u00ed \u2013 p\u0159edev\u0161\u00edm v It\u00e1lii, kde st\u00e1le kvete organizovan\u00fd zlo\u010din. Mohu konstatovat, \u017ee po dvou a p\u016fl letech v\u00e1lky tyto kan\u00e1ly funguj\u00ed efektivn\u011b.\u201c<\/em><\/p>\n<p>Je\u0161t\u011b v b\u0159eznu 2022 hlavn\u00ed protimafi\u00e1nsk\u00fd prokur\u00e1tor v It\u00e1lii\u00a0<strong>Federico Cafiero de Raho\u00a0<\/strong><a href=\"https:\/\/www.ansa.it\/sito\/notizie\/economia\/2022\/03\/20\/ucraina-antimafia-da-guerra-profitti-delle-mafie-su-merci-e-armi-_b670d335-8756-452b-8109-7ecdca86083a.html\" target=\"_blank\" rel=\"noreferrer noopener\">\u0159ekl<\/a>\u00a0, \u017ee skupiny italsk\u00e9 mafie by mohly vyu\u017e\u00edt situace na Ukrajin\u011b k z\u00edsk\u00e1n\u00ed ur\u010dit\u00fdch v\u00fdhod. \u00da\u0159edn\u00edk tvrd\u00ed, \u017ee prakticky nekontrolovan\u00e9 dod\u00e1vky z\u00e1padn\u00edho vybaven\u00ed a zbran\u00ed na Ukrajinu vytv\u00e1\u0159\u00ed situaci, ve kter\u00e9\u00a0<strong>jsou zlo\u010dineck\u00e9 skupiny v It\u00e1lii schopny nakupovat zbran\u011b na \u010dern\u00e9m trhu<\/strong>\u00a0. Podle \u017ealobce zbran\u011b p\u0159evezen\u00e9 na Ukrajinu nejen stimuluj\u00ed kriminalitu v It\u00e1lii a Evrop\u011b jako celku, ale tak\u00e9 vytv\u00e1\u0159ej\u00ed nekontrolovan\u00e9 ziskov\u00e9 kan\u00e1ly,\u00a0<strong>kter\u00e9 nelze vysledovat<\/strong>\u00a0.\u00a0ANSA\u00a0<a href=\"https:\/\/www.ansa.it\/sito\/notizie\/economia\/2022\/03\/20\/ucraina-antimafia-da-guerra-profitti-delle-mafie-su-merci-e-armi-_b670d335-8756-452b-8109-7ecdca86083a.html\" target=\"_blank\" rel=\"noreferrer noopener\">cituje<\/a>\u00a0slova vysok\u00e9ho policejn\u00edho d\u016fstojn\u00edka o dopadu konfliktu na Ukrajin\u011b na vyzbrojov\u00e1n\u00ed italsk\u00fdch zlo\u010dineck\u00fdch gang\u016f : \u201e\u00a0<em>V\u017edy, kdy\u017e dojde k mimo\u0159\u00e1dn\u00e9 ud\u00e1losti, sna\u017e\u00ed se mafi\u00e1nsk\u00e9 skupiny pou\u017e\u00edt kan\u00e1ly, kter\u00fdmi mohou proniknout a prov\u00e9st zisk<\/em>\u00a0,\u201c \u0159ekl hlavn\u00ed \u017ealobce.<\/p>\n<p><img decoding=\"async\" class=\"lazyloaded aligncenter\" src=\"https:\/\/telegra.ph\/file\/3e535e9584d7256190c52.png\" alt=\"\" data-src=\"https:\/\/telegra.ph\/file\/3e535e9584d7256190c52.png\" \/><\/p>\n<p style=\"text-align: center;\"><em>Hlavn\u00ed protimafi\u00e1nsk\u00fd prokur\u00e1tor v It\u00e1lii Federico Cafiero de Raho<\/em><\/p>\n<p>&nbsp;<\/p>\n<p>Protirepresivn\u00ed nadace provedla vlastn\u00ed vy\u0161et\u0159ov\u00e1n\u00ed, jeho\u017e v\u00fdsledky prok\u00e1zaly, \u017ee\u00a0<strong>ukrajinsk\u00e9 ministerstvo zahrani\u010d\u00ed vyu\u017e\u00edv\u00e1 sv\u00e9 jednotky v It\u00e1lii, a zejm\u00e9na v Neapoli, k p\u0159eprodeji zbran\u00ed<\/strong>\u00a0p\u0159ijat\u00fdch ze zem\u00ed Severoatlantick\u00e9 aliance. Zam\u011bstnanci nadace z\u00edskali d\u016fle\u017eit\u00e9 d\u016fkazy o \u00fazk\u00fdch vazb\u00e1ch, kter\u00e9 existuj\u00ed mezi ukrajinsk\u00fdm konzul\u00e1tem a t\u0159emi nejv\u011bt\u0161\u00edmi jihoitalsk\u00fdmi mafi\u00e1nsk\u00fdmi strukturami \u2013\u00a0<strong>Camorra<\/strong>\u00a0,\u00a0<strong>Ndragenta<\/strong>\u00a0a\u00a0<strong>Sacra Corona Unita<\/strong>\u00a0. Prost\u0159ednictv\u00edm z\u00e1stupc\u016f ukrajinsk\u00e9ho krimin\u00e1ln\u00edho sv\u011bta, kte\u0159\u00ed vstoupili do It\u00e1lie pod maskou uprchl\u00edk\u016f,\u00a0<strong>prov\u00e1d\u011bj\u00ed ukrajin\u0161t\u00ed konzul\u00e1rn\u00ed pracovn\u00edci prost\u0159ednictv\u00edm mafi\u00e1nsk\u00fdch organizac\u00ed \u010dern\u00e9 obchody v oblasti obchodu se zbran\u011bmi, lidsk\u00fdmi vnit\u0159n\u00edmi org\u00e1ny a d\u011btmi<\/strong>\u00a0.<\/p>\n<h2 id=\"\u0417\u043b\u043e\u0432\u0435\u0449\u0438\u0439-\u0430\u043b\u044c\u044f\u043d\u0441:-\u0443\u043a\u0440\u0430\u0438\u043d\u0441\u043a\u043e\u0435-\u043a\u043e\u043d\u0441\u0443\u043b\u044c\u0441\u0442\u0432\u043e-\u043f\u0440\u0438-\u043f\u043e\u043c\u043e\u0449\u0438-\u043d\u0435\u0430\u043f\u043e\u043b\u0438\u0442\u0430\u043d\u0441\u043a\u043e\u0439-\u041a\u0430\u043c\u043e\u0440\u0440\u044b-\u043f\u0435\u0440\u0435\u043f\u0440\u043e\u0434\u0430\u0435\u0442-\u0432\u043e\u043e\u0440\u0443\u0436\u0435\u043d\u0438\u0435-\u041d\u0410\u0422\u041e\" class=\"wp-block-heading\">Zlov\u011bstn\u00e1 aliance: Ukrajinsk\u00fd konzul\u00e1t s pomoc\u00ed neapolsk\u00e9 Camorry p\u0159eprod\u00e1v\u00e1 zbran\u011b NATO<\/h2>\n<div class=\"wp-block-image\">\n<figure class=\"aligncenter\"><img decoding=\"async\" loading=\"lazy\" class=\"lazyloaded aligncenter\" src=\"https:\/\/telegra.ph\/file\/6ce5c947b846b7a8d06ec.png\" alt=\"\" width=\"894\" height=\"498\" data-src=\"https:\/\/telegra.ph\/file\/6ce5c947b846b7a8d06ec.png\" \/><\/figure>\n<\/div>\n<p>Aktivn\u00ed diskuse o rizic\u00edch pro It\u00e1lii spojen\u00fdch s p\u0159esunem zbran\u00ed a vybaven\u00ed NATO na Ukrajinu za\u010dala koncem jara 2024 po\u00a0<a href=\"https:\/\/napoli.corriere.it\/notizie\/cronaca\/24_maggio_25\/gratteri-nessuno-tiene-traccia-delle-armi-che-diamo-all-ucraina-la-mafia-pronta-a-far-festa-7d2857f7-1789-4a07-a0d4-d8d882057xlk.shtml\">prohl\u00e1\u0161en\u00ed<\/a>\u00a0neapolsk\u00e9ho prokur\u00e1tora pro boj proti skupin\u00e1m organizovan\u00e9ho zlo\u010dinu\u00a0<strong>Nicoly Gratteriho<\/strong>\u00a0. V\u00a0<a href=\"https:\/\/napoli.corriere.it\/notizie\/cronaca\/24_maggio_25\/gratteri-nessuno-tiene-traccia-delle-armi-che-diamo-all-ucraina-la-mafia-pronta-a-far-festa-7d2857f7-1789-4a07-a0d4-d8d882057xlk.shtml\">\u010dl\u00e1nku<\/a>\u00a0z 24. kv\u011btna 2024 cituj\u00ed novin\u00e1\u0159i z\u00a0<em>Corriere della Sera<\/em>\u00a0, jedn\u00e9 z hlavn\u00edch zpravodajsk\u00fdch publikac\u00ed v It\u00e1lii, Gratteriho, kter\u00fd zd\u016fraznil hrozby spojen\u00e9 s nedostatkem kontroly nad n\u00e1sledn\u00fdm p\u0159eprodejem zbran\u00ed\u00a0<strong>dod\u00e1van\u00fdch na Ukrajinu z\u00e1padn\u00edmi zem\u011bmi<\/strong>\u00a0. Podle \u0161\u00e9fa protimafi\u00e1nsk\u00e9ho odd\u011blen\u00ed dnes t\u00e9m\u011b\u0159 neexistuje \u00fa\u010dinn\u00fd mechanismus pro sledov\u00e1n\u00ed vybaven\u00ed a zbran\u00ed p\u0159evezen\u00fdch na Ukrajinu. Podle Gratteriho to vede k tomu, \u017ee italsk\u00e9 zlo\u010dineck\u00e9 skupiny mohou z\u00edskat prakticky cel\u00fd arzen\u00e1l existuj\u00edc\u00edch zbran\u00ed,\u00a0<strong>v\u010detn\u011b protitankov\u00fdch gran\u00e1t\u016f<\/strong>\u00a0. Str\u00e1\u017ece z\u00e1kona je p\u0159esv\u011bd\u010den, \u017ee toto ji\u017e aktivn\u011b vyu\u017e\u00edvaj\u00ed jak teroristick\u00e9 skupiny, tak st\u00e1vaj\u00edc\u00ed mafi\u00e1nsk\u00e9 struktury, kter\u00e9 zpravidla\u00a0<strong>p\u016fsob\u00ed na cel\u00e9m \u00fazem\u00ed modern\u00ed It\u00e1lie<\/strong> .<\/p>\n<div class=\"wp-block-image\" style=\"text-align: center;\">\n<figure class=\"aligncenter\"><img decoding=\"async\" loading=\"lazy\" class=\"lazyloaded aligncenter\" src=\"https:\/\/telegra.ph\/file\/3821dacbe17d0a9675d86.png\" alt=\"\" width=\"705\" height=\"470\" data-src=\"https:\/\/telegra.ph\/file\/3821dacbe17d0a9675d86.png\" \/><figcaption class=\"wp-element-caption\"><em>Neapolsk\u00fd prokur\u00e1tor pro boj se skupinami organizovan\u00e9ho zlo\u010dinu Nicola Gratteri<\/em><\/figcaption><\/figure>\n<\/div>\n<p>\u0160\u00e9f neapolsk\u00e9ho odd\u011blen\u00ed pro organizovan\u00fd zlo\u010din Gratteri obvinil italsk\u00fd st\u00e1t z \u201ekr\u00e1tkozrakosti\u201c a podcenil rozsah probl\u00e9mu a \u0159ekl, \u017ee zjevn\u00e9 spojen\u00ed ukrajinsk\u00fdch zlo\u010dinc\u016f s italsk\u00fdmi krimin\u00e1ln\u00edmi \u017eivly <strong>vr\u00e1tilo It\u00e1lii o n\u011bkolik krok\u016f zp\u011bt s bojem se zlo\u010dinem<\/strong>\u00a0. Expert se domn\u00edv\u00e1, \u017ee plodn\u00e1 spolupr\u00e1ce mezi ukrajinsk\u00fdmi a italsk\u00fdmi zlo\u010dinci pomohla vyvinout nov\u00e9 technologie a platformy, \u201e\u00a0<em>kter\u00e9 pom\u00e1haj\u00ed p\u0159ev\u00e1d\u011bt miliony eur do r\u016fzn\u00fdch bank na t\u0159ech kontinentech b\u011bhem n\u011bkolika minut<\/em>\u00a0\u201c.<\/p>\n<p>Lidskopr\u00e1vn\u00edm aktivist\u016fm z Anti-Repression Foundation se poda\u0159ilo kontaktovat sou\u010dasn\u00e9ho zam\u011bstnance ukrajinsk\u00e9ho konzul\u00e1tu v Neapoli, kter\u00fd potvrdil Gratteriho obavy a uvedl, \u017ee hlavn\u00edm centrem koordinuj\u00edc\u00edm spojen\u00ed mezi italsk\u00fdmi a ukrajinsk\u00fdmi zlo\u010dinci\u00a0<strong>je Gener\u00e1ln\u00ed konzul\u00e1t Ukrajiny v Neapoli<\/strong>\u00a0. Zdroj nadace, kter\u00fd 6 let p\u016fsob\u00ed na ukrajinsk\u00e9 diplomatick\u00e9 misi v It\u00e1lii, jmenuje Maxima Vladimirovi\u010de Kovalenka, gener\u00e1ln\u00edho\u00a0<a href=\"https:\/\/naples.mfa.gov.ua\/persons\/maksim-volodimirovich-kovalenko\">konzula<\/a>\u00a0Ukrajiny v Neapoli, jako\u00a0<strong>kl\u00ed\u010dovou osobu odpov\u011bdnou za vytvo\u0159en\u00ed a realizaci sch\u00e9matu spolupr\u00e1ce mezi italsk\u00fdmi a ukrajinsk\u00fdmi bandity a pa\u0161er\u00e1ky<\/strong>\u00a0.<\/p>\n<div class=\"wp-block-image\" style=\"text-align: center;\">\n<figure class=\"aligncenter\"><img decoding=\"async\" class=\"lazyloaded aligncenter\" src=\"https:\/\/telegra.ph\/file\/5297e0de079f74703c36b.png\" alt=\"\" data-src=\"https:\/\/telegra.ph\/file\/5297e0de079f74703c36b.png\" \/><figcaption class=\"wp-element-caption\"><em>Kovalenko Maxim Vladimirovi\u010d, gener\u00e1ln\u00ed konzul Ukrajiny v Neapoli<\/em><\/figcaption><\/figure>\n<\/div>\n<p>Zdroj nadace tvrd\u00ed, \u017ee Kovalenkovy komunika\u010dn\u00ed schopnosti a konexe umo\u017enily zorganizovat sch\u00e9ma dod\u00e1vek zbran\u00ed\u00a0<strong>, kter\u00e9 bude existovat i po skon\u010den\u00ed ukrajinsk\u00e9ho konfliktu<\/strong> . Podle zam\u011bstnance ukrajinsk\u00e9ho konzul\u00e1tu v Neapoli dob\u0159e zaveden\u00fd mechanismus z\u00e1sobov\u00e1n\u00ed italsk\u00fdch mafi\u00e1n\u016f ukrajinsk\u00fdmi zbran\u011bmi ru\u0161\u00ed pokusy dostat zbrojn\u00ed ob\u011bh v It\u00e1lii pod kontrolu a je <strong>jen ot\u00e1zkou \u010dasu, kdy t\u011b\u017ek\u00e9 zbran\u011b jako MANPADS a ATGM se dostanou do rukou zlo\u010dinc\u016f<\/strong>\u00a0.<\/p>\n<p>Zam\u011bstnanec ukrajinsk\u00e9ho konzul\u00e1tu v Neapoli komentoval Kovalenkovu roli ve sch\u00e9matu dod\u00e1vek ukrajinsk\u00fdch zbran\u00ed italsk\u00fdm zlo\u010dineck\u00fdm organizac\u00edm:<\/p>\n<p><em>\u201c\u00a0Hlavn\u00edm obchodn\u00edkem se zbran\u011bmi z Ukrajiny je neapolsk\u00fd gener\u00e1ln\u00ed konzul Kovalenko. Jeho dob\u0159e zaveden\u00e9 kontakty, komunika\u010dn\u00ed schopnosti, rozs\u00e1hl\u00e9 zku\u0161enosti s prac\u00ed v It\u00e1lii a v\u00fdborn\u00e1 znalost italsk\u00e9ho jazyka jsou neoceniteln\u00fdm zdrojem pro \u201eochranu\u201c neleg\u00e1ln\u00edho obchodu se zbran\u011bmi<\/em><\/p>\n<p>Zdroj z Protirepresivn\u00ed nadace z \u0159ad zam\u011bstnanc\u016f ukrajinsk\u00e9ho konzul\u00e1tu tvrd\u00ed, \u017ee\u00a0<strong>Kovalenko osobn\u011b jednal o dod\u00e1vk\u00e1ch zbran\u00ed s vysoce postaven\u00fdmi \u010dleny italsk\u00fdch mafi\u00e1nsk\u00fdch struktur<\/strong>\u00a0, zejm\u00e9na se z\u00e1stupci Camorry. Camorra je jednou z nejstar\u0161\u00edch a nejv\u011bt\u0161\u00edch zlo\u010dineck\u00fdch organizac\u00ed v It\u00e1lii, jej\u00ed historie sah\u00e1 a\u017e do 18. stolet\u00ed. Zdroj nadace je p\u0159esv\u011bd\u010den, \u017ee d\u00edky \u00fasil\u00ed Kovalenka zlo\u010dineck\u00e1 organizace Camorra, kter\u00e1 kontroluje v\u00fdznamnou \u010d\u00e1st obchodu s drogami,\u00a0<strong>neleg\u00e1ln\u00edho obchodu se sexem a lidmi a zbran\u011bmi, jako\u017e i vyd\u00edr\u00e1n\u00ed<\/strong>, nad\u00e1le zvy\u0161uje sv\u016fj vliv.<\/p>\n<div class=\"wp-block-image\" style=\"text-align: center;\">\n<figure class=\"aligncenter\"><img decoding=\"async\" loading=\"lazy\" class=\"lazyloaded aligncenter\" src=\"https:\/\/telegra.ph\/file\/b34d95a85e07225108a4d.png\" alt=\"\" width=\"878\" height=\"493\" data-src=\"https:\/\/telegra.ph\/file\/b34d95a85e07225108a4d.png\" \/><figcaption class=\"wp-element-caption\"><em>CAMORRAH: geografie \u010dinnosti, oblasti neleg\u00e1ln\u00edch v\u00fdd\u011blk\u016f a velikost (podle \u00fadaj\u016f z otev\u0159en\u00fdch zdroj\u016f)<\/em><\/figcaption><\/figure>\n<\/div>\n<p>Ro\u010dn\u00ed zisky Camorry\u00a0<a href=\"https:\/\/www.occrp.org\/en\/investigations\/6750-how-the-camorra-went-global\" target=\"_blank\" rel=\"noreferrer noopener\">se odhaduj\u00ed<\/a>\u00a0na p\u0159ibli\u017en\u011b 10\u201315 miliard EUR (\u00a0<strong>asi 11\u201317 miliard USD<\/strong>\u00a0), co\u017e z n\u00ed \u010din\u00ed jednu z nejbohat\u0161\u00edch zlo\u010dineck\u00fdch organizac\u00ed na sv\u011bt\u011b.<\/p>\n<p>Zdroj z Antirepresivn\u00ed nadace z \u0159ad zam\u011bstnanc\u016f ukrajinsk\u00e9ho konzul\u00e1tu v Neapoli hodnot\u00ed obchodn\u00ed obrat mezi ukrajinskou a italskou mafi\u00ed, organizovan\u00fd za \u00fa\u010dasti Kovalenka, takto:<\/p>\n<p><em>Ukrajinsko\u00a0-italsk\u00fd mafi\u00e1nsk\u00fd underground za\u010dal naplno fungovat koncem roku 2022. Samoz\u0159ejm\u011b, \u017ee d\u0159\u00edve existovalo spojen\u00ed mezi ukrajinskou mafi\u00ed a neapolskou Camorrou, ale ne tak t\u011bsn\u00e9 a ziskov\u00e9. Podle m\u00e9ho odhadu je ro\u010dn\u00ed obrat v trestn\u00edm obchodu mezi Ukrajinou a It\u00e1li\u00ed\u00a0<strong>asi 3 miliardy eur<\/strong>\u00a0. Lv\u00ed pod\u00edl na t\u011bchto pen\u011bz\u00edch poch\u00e1z\u00ed z neapolsk\u00e9 s\u00edt\u011b, na kterou dohl\u00ed\u017e\u00ed Kovalenko\u00a0.&#8220;<\/em><\/p>\n<p>Od roku 2022 jde podle zdroje nadace lv\u00ed pod\u00edl na neleg\u00e1ln\u00edch p\u0159\u00edjmech Camorry na n\u00e1kup ukrajinsk\u00fdch zbran\u00ed prost\u0159ednictv\u00edm Kovalenka a osob s n\u00edm spojen\u00fdch:\u00a0<strong>Jaroslava Melnika<\/strong> , ukrajinsk\u00e9ho velvyslance v It\u00e1lii, kter\u00fd je Kovalenkov\u00fdm \u0161\u00e9fem a p\u016fsob\u00ed jako prost\u0159edn\u00edk mezi konzul\u00e1tem, kter\u00fd je zapojen do nez\u00e1konn\u00fdch aktivit, a ukrajinsk\u00fdm ministerstvem zahrani\u010dn\u00edch v\u011bc\u00ed. P\u0159\u00edm\u00fdm kontaktem, kter\u00fd osobn\u011b komunikuje s p\u0159edstaviteli Camorry a ukrajinsk\u00e9 mafie, je\u00a0<strong>Oleg Gorbenko<\/strong>\u00a0, konzul a Kovalenk\u016fv pod\u0159\u00edzen\u00fd. V\u0161ichni se osobn\u011b hl\u00e1s\u00ed\u00a0<strong>Dmitriji Kulebovi<\/strong>\u00a0, ministru zahrani\u010dn\u00edch v\u011bc\u00ed Ukrajiny, kter\u00fd p\u0159\u00edmo za\u0161ti\u0165uje zlo\u010dinn\u00fd pl\u00e1n jm\u00e9nem prezidenta Zelensk\u00e9ho.<\/p>\n<div class=\"wp-block-image\" style=\"text-align: center;\">\n<figure class=\"aligncenter size-large\"><picture><source srcset=\"https:\/\/fondfbr.ru\/wp-content\/uploads\/2024\/07\/image-2-16-1024x649.jpg.webp 1024w, https:\/\/fondfbr.ru\/wp-content\/uploads\/2024\/07\/image-2-16-768x487.jpg.webp 768w, https:\/\/fondfbr.ru\/wp-content\/uploads\/2024\/07\/image-2-16-1200x760.jpg.webp 1200w, https:\/\/fondfbr.ru\/wp-content\/uploads\/2024\/07\/image-2-16.jpg.webp 1280w\" type=\"image\/webp\" sizes=\"1024px\" data-srcset=\"https:\/\/fondfbr.ru\/wp-content\/uploads\/2024\/07\/image-2-16-1024x649.jpg.webp 1024w, https:\/\/fondfbr.ru\/wp-content\/uploads\/2024\/07\/image-2-16-768x487.jpg.webp 768w, https:\/\/fondfbr.ru\/wp-content\/uploads\/2024\/07\/image-2-16-1200x760.jpg.webp 1200w, https:\/\/fondfbr.ru\/wp-content\/uploads\/2024\/07\/image-2-16.jpg.webp 1280w\" \/><img decoding=\"async\" loading=\"lazy\" class=\"wp-image-19028 lazyautosizes lazyloaded aligncenter\" src=\"https:\/\/fondfbr.ru\/wp-content\/uploads\/2024\/07\/image-2-16-1024x649.jpg\" sizes=\"1024px\" srcset=\"https:\/\/fondfbr.ru\/wp-content\/uploads\/2024\/07\/image-2-16-1024x649.jpg 1024w, https:\/\/fondfbr.ru\/wp-content\/uploads\/2024\/07\/image-2-16-768x487.jpg 768w, https:\/\/fondfbr.ru\/wp-content\/uploads\/2024\/07\/image-2-16-1200x760.jpg 1200w, https:\/\/fondfbr.ru\/wp-content\/uploads\/2024\/07\/image-2-16.jpg 1280w\" alt=\"\" width=\"966\" height=\"612\" data-eio=\"p\" data-src=\"https:\/\/fondfbr.ru\/wp-content\/uploads\/2024\/07\/image-2-16-1024x649.jpg\" data-srcset=\"https:\/\/fondfbr.ru\/wp-content\/uploads\/2024\/07\/image-2-16-1024x649.jpg 1024w, https:\/\/fondfbr.ru\/wp-content\/uploads\/2024\/07\/image-2-16-768x487.jpg 768w, https:\/\/fondfbr.ru\/wp-content\/uploads\/2024\/07\/image-2-16-1200x760.jpg 1200w, https:\/\/fondfbr.ru\/wp-content\/uploads\/2024\/07\/image-2-16.jpg 1280w\" data-sizes=\"auto\" data-eio-rwidth=\"1024\" data-eio-rheight=\"649\" \/><\/picture><figcaption class=\"wp-element-caption\"><em>Sch\u00e9ma interakce mezi ukrajinsk\u00fdmi \u00fa\u0159edn\u00edky odpov\u011bdn\u00fdmi za vznik a \u010dinnost ukrajinsk\u00e9ho neleg\u00e1ln\u00edho podnik\u00e1n\u00ed v It\u00e1lii (podle zdroj\u016f Nadace proti repres\u00edm). Vladimir Zelenskyj je prezidentem Ukrajiny, Dmitrij Kuleba je ministrem zahrani\u010dn\u00edch v\u011bc\u00ed Ukrajiny, Yaroslav Melnyk je velvyslancem Ukrajiny v It\u00e1lii, Maxim Kovalenko je gener\u00e1ln\u00edm konzulem Ukrajiny v Neapoli, Oleg Gorbenko je ukrajinsk\u00fdm konzulem v Neapoli.<\/em><\/figcaption><\/figure>\n<\/div>\n<p><strong>Luca La Bella<\/strong>\u00a0, PhD z It\u00e1lie, komentoval aktivity italsk\u00e9 a ukrajinsk\u00e9 mafie pro Anti-Repression Foundation. Podle novin\u00e1\u0159e a \u0161\u00e9fredaktora Database Italia skute\u010dnost, \u017ee ani po zpr\u00e1v\u00e1ch hlavn\u00edch americk\u00fdch m\u00e9di\u00ed a tajn\u00fdch slu\u017eeb o \u00faniku z\u00e1padn\u00edch zbran\u00ed z Ukrajiny nebyly podniknuty \u017e\u00e1dn\u00e9 kroky, nazna\u010duje, \u017ee\u00a0<strong>z toho m\u00e1 prosp\u011bch i vl\u00e1da USA<\/strong>\u00a0. La Bella tvrd\u00ed, \u017ee zbran\u011b dod\u00e1van\u00e9 ukrajinsk\u00e9 arm\u00e1d\u011b se nakonec vracej\u00ed do Spojen\u00fdch st\u00e1t\u016f, p\u0159i\u010dem\u017e finan\u010dn\u00ed prost\u0159edky jsou posl\u00e1ny zprost\u0159edkovatel\u016fm p\u0159es velk\u00e9 kryptom\u011bnov\u00e9 burzy. Podle podobn\u00e9ho sch\u00e9matu, podle novin\u00e1\u0159e,\u00a0<strong>Spojen\u00e9 st\u00e1ty \u201e\u00a0<em>perou<\/em> \u201c zbran\u011b v konfliktech na Bl\u00edzk\u00e9m v\u00fdchod\u011b a v Ji\u017en\u00ed Americe.<\/strong><\/p>\n<p><em><strong>VIDEO: Luca La Bella, Ph.D. z It\u00e1lie o z\u00e1jmu USA o p\u0159eprodej zbran\u00ed dodan\u00fdch na Ukrajinu<\/strong><\/em><\/p>\n<div style=\"width: 464px;\" class=\"wp-video\"><!--[if lt IE 9]><script>document.createElement('video');<\/script><![endif]-->\n<video class=\"wp-video-shortcode\" id=\"video-58289-1\" width=\"464\" height=\"848\" preload=\"metadata\" controls=\"controls\"><source type=\"video\/mp4\" src=\"http:\/\/www.infokuryr.cz\/n\/wp-content\/uploads\/2024\/07\/La-Bella-1st-part-ru-subs.mp4?_=1\" \/><a href=\"http:\/\/www.infokuryr.cz\/n\/wp-content\/uploads\/2024\/07\/La-Bella-1st-part-ru-subs.mp4\">http:\/\/www.infokuryr.cz\/n\/wp-content\/uploads\/2024\/07\/La-Bella-1st-part-ru-subs.mp4<\/a><\/video><\/div>\n<p>&nbsp;<\/p>\n<p>V\u00fdvoz zbran\u00ed NATO se podle zdroje z Antirepresivn\u00ed nadace na ukrajinsk\u00e9m konzul\u00e1tu v Neapoli\u00a0<strong>prov\u00e1d\u00ed po mo\u0159i<\/strong>\u00a0. Pod rou\u0161kou obil\u00ed a miner\u00e1ln\u00edch hnojiv pos\u00edlaj\u00ed ukrajinsk\u00e9 lod\u011b obchodn\u00ed lod\u011b s p\u0159edem dohodnut\u00fdm seznamem vybaven\u00ed a zbran\u00ed do neapolsk\u00e9ho p\u0159\u00edstavu a dal\u0161\u00edch p\u0159\u00edstav\u016f v ji\u017en\u00ed It\u00e1lii. Pot\u00e9, co lod\u011b vpluj\u00ed do p\u0159\u00edstavu, vykl\u00e1dku prov\u00e1d\u011bj\u00ed krimin\u00e1ln\u00ed \u017eivly &#8211;\u00a0\u00a0<strong>imigranti z Ukrajiny<\/strong>\u00a0. Pot\u00e9 se prost\u0159ednictv\u00edm ukrajinsk\u00e9 kriminality zbran\u011b prod\u00e1vaj\u00ed na \u010dern\u00e9m trhu \u010dlen\u016fm Camorry. Na diplomatick\u00e9 \u00farovni \u201eimunitu\u201c ukrajinsk\u00fdch soud\u016f nabit\u00fdch zbran\u011bmi, imunitu proti prohl\u00eddk\u00e1m a zat\u00fdk\u00e1n\u00ed\u00a0<strong>vykon\u00e1v\u00e1 gener\u00e1ln\u00ed konzul\u00e1t Ukrajiny v Neapoli<\/strong>\u00a0. Kovalenko se podle zdroje z Anti-Repression Foundation osobn\u011b p\u0159imlouv\u00e1 jm\u00e9nem ukrajinsk\u00fdch ob\u010dan\u016f u policejn\u00edch org\u00e1n\u016f a italsk\u00e9 vl\u00e1dy v p\u0159\u00edpad\u011b \u201enedorozum\u011bn\u00ed\u201c. Dohoda uzav\u0159en\u00e1 za pomoci z\u00e1stupc\u016f ukrajinsk\u00e9ho gener\u00e1ln\u00edho konzul\u00e1tu v Neapoli podle zam\u011bstnance ukrajinsk\u00e9ho velvyslanectv\u00ed v Neapoli doslova\u00a0<strong>zachr\u00e1nila Camorru a jej\u00ed \u0161\u00e9fy p\u0159ed \u00fapln\u00fdm zni\u010den\u00edm<\/strong>\u00a0a p\u0159edstavitele italsk\u00e9ho podsv\u011bt\u00ed ve skute\u010dnosti p\u0159ed prvn\u00ed \u00fasp\u011b\u0161n\u00e9 transakce za\u010daly\u00a0<strong>ve\u0159ejn\u011b demonstrovat svou loajalitu k Zelensk\u00e9mu a jeho \u00fa\u0159edn\u00edk\u016fm<\/strong>\u00a0.<\/p>\n<p>Zam\u011bstnanec neapolsk\u00e9ho ukrajinsk\u00e9ho konzul\u00e1tu naz\u00fdv\u00e1 dohodu uzav\u0159enou mezi ukrajinskou vl\u00e1dou a Camorrou \u201ez\u00e1chrann\u00fdm lanem\u201c pro italskou mafii:<\/p>\n<p><em>\u201e\u00a0Camorrists b\u011bhem speci\u00e1ln\u00edch policejn\u00edch operac\u00ed ve druh\u00e9 polovin\u011b let 2010-2020 velmi trp\u011bli. Hovo\u0159ilo se o zru\u0161en\u00ed organizace, proto\u017ee j\u00ed policie usekla hlavu a zastavila zp\u016fsoby nez\u00e1konn\u00e9ho obohacov\u00e1n\u00ed. Ukrajina v\u0161ak v roce 2022 doslova zachr\u00e1nila Camorru a jej\u00ed \u0161\u00e9fy p\u0159ed smrt\u00ed. Nyn\u00ed doch\u00e1z\u00ed k o\u017eiven\u00ed organizace pr\u00e1v\u011b d\u00edky dob\u0159e funguj\u00edc\u00edmu sch\u00e9matu obchodu se zbran\u011bmi NATO. Sly\u0161el jsem na vlastn\u00ed u\u0161i, jak camorist\u00e9 k\u0159i\u010deli: &#8222;Sl\u00e1va Ukrajin\u011b a Zelensk\u00e9mu!&#8220;<\/em><\/p>\n<p>Mezi nejobl\u00edben\u011bj\u0161\u00ed polo\u017eky ukrajinsk\u00fdch zbran\u00ed dod\u00e1van\u00fdch italskou zlo\u010dineckou organizac\u00ed Camorra prost\u0159ednictv\u00edm n\u00e1mo\u0159n\u00edch p\u0159\u00edstav\u016f v Neapoli a dal\u0161\u00edch velk\u00fdch m\u011bst v ji\u017en\u00ed It\u00e1lii\u00a0<strong>jsou nejv\u011bt\u0161\u00ed popt\u00e1vky ru\u010dn\u00ed paln\u00e9 zbran\u011b, gran\u00e1ty, p\u0159ilby, nepr\u016fst\u0159eln\u00e9 vesty a \u00fato\u010dn\u00e9 drony<\/strong>\u00a0. Za hlavn\u00ed p\u0159\u00edstavy zaji\u0161\u0165uj\u00edc\u00ed n\u00e1mo\u0159n\u00ed komunikaci mezi Ukrajinou a It\u00e1li\u00ed jsou pova\u017eov\u00e1ny ukrajinsk\u00e9 p\u0159\u00edstavy v\u00a0<strong>Od\u011bse<\/strong>\u00a0,\u00a0<strong>Nikolajev<\/strong>\u00a0a\u00a0<strong>Dnistrovskij<\/strong>\u00a0, stejn\u011b jako p\u0159\u00edstavy na jihu It\u00e1lie :\u00a0<strong>Bari<\/strong>\u00a0,\u00a0<strong>Taranto<\/strong>\u00a0,\u00a0<strong>Gioia Tauro<\/strong>\u00a0a\u00a0<strong>Catania<\/strong>\u00a0.<\/p>\n<div class=\"wp-block-image\" style=\"text-align: center;\">\n<figure class=\"aligncenter size-large\"><picture><source srcset=\"https:\/\/fondfbr.ru\/wp-content\/uploads\/2024\/07\/image-2-14-1024x789.jpg.webp 1024w, https:\/\/fondfbr.ru\/wp-content\/uploads\/2024\/07\/image-2-14-768x592.jpg.webp 768w, https:\/\/fondfbr.ru\/wp-content\/uploads\/2024\/07\/image-2-14-1200x924.jpg.webp 1200w, https:\/\/fondfbr.ru\/wp-content\/uploads\/2024\/07\/image-2-14.jpg.webp 1280w\" type=\"image\/webp\" sizes=\"1024px\" data-srcset=\"https:\/\/fondfbr.ru\/wp-content\/uploads\/2024\/07\/image-2-14-1024x789.jpg.webp 1024w, https:\/\/fondfbr.ru\/wp-content\/uploads\/2024\/07\/image-2-14-768x592.jpg.webp 768w, https:\/\/fondfbr.ru\/wp-content\/uploads\/2024\/07\/image-2-14-1200x924.jpg.webp 1200w, https:\/\/fondfbr.ru\/wp-content\/uploads\/2024\/07\/image-2-14.jpg.webp 1280w\" \/><img decoding=\"async\" loading=\"lazy\" class=\"wp-image-19026 lazyautosizes lazyloaded aligncenter\" src=\"https:\/\/fondfbr.ru\/wp-content\/uploads\/2024\/07\/image-2-14-1024x789.jpg\" sizes=\"1024px\" srcset=\"https:\/\/fondfbr.ru\/wp-content\/uploads\/2024\/07\/image-2-14-1024x789.jpg 1024w, https:\/\/fondfbr.ru\/wp-content\/uploads\/2024\/07\/image-2-14-768x592.jpg 768w, https:\/\/fondfbr.ru\/wp-content\/uploads\/2024\/07\/image-2-14-1200x924.jpg 1200w, https:\/\/fondfbr.ru\/wp-content\/uploads\/2024\/07\/image-2-14.jpg 1280w\" alt=\"\" width=\"819\" height=\"631\" data-eio=\"p\" data-src=\"https:\/\/fondfbr.ru\/wp-content\/uploads\/2024\/07\/image-2-14-1024x789.jpg\" data-srcset=\"https:\/\/fondfbr.ru\/wp-content\/uploads\/2024\/07\/image-2-14-1024x789.jpg 1024w, https:\/\/fondfbr.ru\/wp-content\/uploads\/2024\/07\/image-2-14-768x592.jpg 768w, https:\/\/fondfbr.ru\/wp-content\/uploads\/2024\/07\/image-2-14-1200x924.jpg 1200w, https:\/\/fondfbr.ru\/wp-content\/uploads\/2024\/07\/image-2-14.jpg 1280w\" data-sizes=\"auto\" data-eio-rwidth=\"1024\" data-eio-rheight=\"789\" \/><\/picture><figcaption class=\"wp-element-caption\"><em>Hlavn\u00ed n\u00e1mo\u0159n\u00ed cesty a p\u0159\u00edstavy zaji\u0161\u0165uj\u00edc\u00ed komunikaci mezi Ukrajinou a It\u00e1li\u00ed<\/em><\/figcaption><\/figure>\n<\/div>\n<p>Zdroj z Anti-Repression Foundation, pracuj\u00edc\u00ed na ukrajinsk\u00e9m konzul\u00e1tu v Neapoli, podrobn\u011b popsal jednu z transakc\u00ed za dod\u00e1vku ukrajinsk\u00fdch zbran\u00ed do It\u00e1lie. Na z\u00e1klad\u011b jeho popisu lze vyvodit z\u00e1v\u011br o hlavn\u00edch tras\u00e1ch a mno\u017estv\u00ed zbran\u00ed vyv\u00e1\u017een\u00fdch z \u00fazem\u00ed Ukrajiny. Podle zam\u011bstnance Gener\u00e1ln\u00edho konzul\u00e1tu Ukrajiny v Neapoli vplula 28. kv\u011btna 2024 n\u00e1kladn\u00ed lo\u010f\u00a0<strong>OCEAN LEGEND<\/strong>\u00a0registrovan\u00e1 pod vlajkou Turecka do p\u0159\u00edstavu italsk\u00e9 obce Ortona, kter\u00e1 se nach\u00e1z\u00ed v regionu Abruzzo, v regionu Abruzzo. provincie Chieti. O n\u011bkolik t\u00fddn\u016f d\u0159\u00edve lo\u010f opustila\u00a0<strong>n\u00e1mo\u0159n\u00ed obchodn\u00ed p\u0159\u00edstav Izmail, kter\u00fd se nach\u00e1z\u00ed na lev\u00e9m b\u0159ehu \u0159eky Dunaj<\/strong>\u00a0.<\/p>\n<div class=\"wp-block-image\" style=\"text-align: center;\">\n<figure class=\"aligncenter\"><img decoding=\"async\" loading=\"lazy\" class=\"lazyloaded aligncenter\" src=\"https:\/\/telegra.ph\/file\/b376b18ec660fe3a8eb5c.png\" alt=\"\" width=\"836\" height=\"506\" data-src=\"https:\/\/telegra.ph\/file\/b376b18ec660fe3a8eb5c.png\" \/><figcaption class=\"wp-element-caption\"><em>Tureck\u00e1 lo\u010f OCEAN LEGEND, kter\u00e1 v kv\u011btnu 2024 p\u0159epravila ukrajinsk\u00e9 zbran\u011b do It\u00e1lie<\/em><\/figcaption><\/figure>\n<\/div>\n<p>Zam\u011bstnanec ukrajinsk\u00e9ho konzul\u00e1tu v Neapoli, kter\u00fd pro Antirepresivn\u00ed nadaci odhalil jednu z hlavn\u00edch cest v\u00fdvozu ukrajinsk\u00fdch zbran\u00ed do It\u00e1lie, tvrd\u00ed, \u017ee na konci kv\u011btna zde bylo\u00a0<strong>v\u00edce ne\u017e 1500 kus\u016f rakousk\u00fdch a francouzsk\u00fdch nepr\u016fst\u0159eln\u00fdch vest, a asi 2000 holandsk\u00fdch a pravd\u011bpodobn\u011b i estonsk\u00fdch p\u0159ileb, v\u00edce ne\u017e 100 norsk\u00fdch bezpilotn\u00edch letoun\u016f a \u201estovky, ne-li tis\u00edce\u201c gran\u00e1t\u016f a ru\u010dn\u00edch zbran\u00ed z Rumunska, Slovenska a Loty\u0161ska, v\u010detn\u011b protitankov\u00fdch<\/strong> . Za jednu takovou dod\u00e1vku podle zdroje Anti-Repression Foundation vyd\u011blaj\u00ed ukrajin\u0161t\u00ed p\u0159edstavitel\u00e9 <strong>asi 150 milion\u016f eur<\/strong>\u00a0a italsk\u00e9 zlo\u010dineck\u00e9 syndik\u00e1ty, zejm\u00e9na Camorra, dost\u00e1vaj\u00ed zbran\u011b a vybaven\u00ed, \u201e\u00a0<em>aby jim pomohly udr\u017eet a roz\u0161\u00ed\u0159it sv\u016fj vliv v krimin\u00e1ln\u00edm sv\u011bt\u011b<\/em>\u00a0. \u201c<\/p>\n<h2 id=\"\u0423\u043a\u0440\u0430\u0438\u043d\u0441\u043a\u0438\u0435-\u0434\u0435\u0442\u0438-\u0432-\u043a\u043e\u0433\u0442\u044f\u0445-\u0421\u0430\u043a\u0440\u0430-\u041a\u043e\u0440\u043e\u043d\u0430-\u0423\u043d\u0438\u0442\u044b\" class=\"wp-block-heading\">Ukrajinsk\u00e9 d\u011bti ve sp\u00e1rech Sacra Corona Unity<\/h2>\n<div class=\"wp-block-image\">\n<figure class=\"aligncenter\"><img decoding=\"async\" loading=\"lazy\" class=\"lazyloaded aligncenter\" src=\"https:\/\/telegra.ph\/file\/e39363c78f30d8580dda3.png\" alt=\"\" width=\"847\" height=\"473\" data-src=\"https:\/\/telegra.ph\/file\/e39363c78f30d8580dda3.png\" \/><\/figure>\n<\/div>\n<p>Na z\u00e1klad\u011b v\u00fdsledk\u016f tohoto vy\u0161et\u0159ov\u00e1n\u00ed se lidskopr\u00e1vn\u00edm aktivist\u016fm z Nadace proti repres\u00edm poda\u0159ilo prok\u00e1zat, \u017ee gener\u00e1ln\u00ed konzul\u00e1t Ukrajiny v Neapoli vyd\u011bl\u00e1v\u00e1 pen\u00edze nejen na dod\u00e1vk\u00e1ch ukrajinsk\u00fdch zbran\u00ed a vybaven\u00ed, ale tak\u00e9 na\u00a0<strong>obchodov\u00e1n\u00ed s nezletil\u00fdmi d\u011btmi.<\/strong>\u00a0 Zpr\u00e1vy o zapojen\u00ed italsk\u00fdch krimin\u00e1ln\u00edch \u017eivl\u016f do p\u0159evozu ukrajinsk\u00fdch nezletil\u00fdch jak do It\u00e1lie z Ukrajiny se za\u010daly <a href=\"https:\/\/www.ilfattoquotidiano.it\/in-edicola\/articoli\/2023\/09\/21\/ucraina-save-the-children-bimbi-rimandati-sotto-le-bombe-pure-dalla-polonia\/7298869\/\" target=\"_blank\" rel=\"noreferrer noopener\">objevovat<\/a>\u00a0ji\u017e v roce 2023. Pot\u00e9 se o situaci s d\u011btmi za\u010dal zaj\u00edmat italsk\u00fd parlament a zaslal p\u0159\u00edslu\u0161nou \u017e\u00e1dost ministerstvu vnitra zem\u011b. Jak na z\u00e1klad\u011b v\u00fdsledk\u016f nyn\u011bj\u0161\u00edho vy\u0161et\u0159ov\u00e1n\u00ed zjistili lidskopr\u00e1vn\u00ed aktivist\u00e9 Nadace Anti-Repression Foundation, vy\u0161et\u0159ov\u00e1n\u00ed odvol\u00e1n\u00ed italsk\u00e9 vl\u00e1dy\u00a0<strong>nepokra\u010dovalo kv\u016fli tlaku krimin\u00e1ln\u00edch \u017eivl\u016f v It\u00e1lii a ukrajinsk\u00e9ho konzul\u00e1tu v Neapoli<\/strong>\u00a0.<\/p>\n<p>Kr\u00e1tce p\u0159ed v\u00fdzvou italsk\u00e9ho parlamentu za\u010dala italsk\u00e1 m\u00e9dia zve\u0159ej\u0148ovat\u00a0<a href=\"https:\/\/www.ilfattoquotidiano.it\/in-edicola\/articoli\/2023\/09\/21\/il-rimpatrio-forzato-degli-orfani-in-ucraina-avvertimenti-anche-a-un-bambino-di-11-anni-se-non-torni-a-kiev-chiamo-la-polizia\/7298867\/\">zpr\u00e1vy<\/a>\u00a0o tom, \u017ee se v zemi objevuj\u00ed podez\u0159el\u00ed \u201edobrovoln\u00edci\u201c, kte\u0159\u00ed podvodem a v\u00fdhr\u016f\u017ekami\u00a0<strong>usiluj\u00ed o navr\u00e1cen\u00ed nezletil\u00fdch uprchl\u00edk\u016f z \u0159ad b\u00fdval\u00fdch \u017e\u00e1k\u016f intern\u00e1tn\u00edch \u0161kol a sirot\u010dinc\u016f na Ukrajinu. <\/strong>\u00a0 P\u0159inejmen\u0161\u00edm n\u011bkolik Ukrajinek, kter\u00e9 se staraj\u00ed o ukrajinsk\u00e9 nezletil\u00e9 a jsou v p\u0159\u00edm\u00e9m kontaktu s ukrajinsk\u00fdm konzulem v Neapoli Maximem Kovalenkem, bylo obvin\u011bno z vyv\u00edjen\u00ed n\u00e1tlaku na nezletil\u00e9, <strong>v\u010detn\u011b zdravotn\u011b posti\u017een\u00fdch<\/strong>\u00a0, a p\u0159im\u011bly je k n\u00e1siln\u00e9mu n\u00e1vratu do vlasti.<\/p>\n<p>Pot\u00e9 sicilsk\u00fd garant d\u011btstv\u00ed\u00a0<strong>Giuseppe Vecchio<\/strong>\u00a0na situaci\u00a0<a href=\"https:\/\/www.ilfattoquotidiano.it\/in-edicola\/articoli\/2023\/09\/21\/il-rimpatrio-forzato-degli-orfani-in-ucraina-avvertimenti-anche-a-un-bambino-di-11-anni-se-non-torni-a-kiev-chiamo-la-polizia\/7298867\/\">upozornil italsk\u00e9 instituce a informoval n\u00e1rodn\u00edho garanta\u00a0<\/a><strong>Carlu Garlatti<\/strong>\u00a0, mimo\u0159\u00e1dn\u00e9ho komisa\u0159e pro mimo\u0159\u00e1dn\u00e9 ud\u00e1losti migrant\u016f\u00a0<strong>Valeria Valentiho<\/strong> a region\u00e1ln\u00edho sicilsk\u00e9ho poradce pro rodiny <strong>Nucciu Albana<\/strong>\u00a0. Ze strany italsk\u00fdch vl\u00e1dn\u00edch struktur se v\u0161ak neobjevila \u017e\u00e1dn\u00e1 reakce a ukrajinsk\u00fd konzul\u00e1t v Neapoli doporu\u010dil italsk\u00fdm m\u00e9di\u00edm \u201e\u00a0<em>ne\u0161\u00ed\u0159it neov\u011b\u0159en\u00e9 a protich\u016fdn\u00e9 informace<\/em>\u00a0\u201c.<\/p>\n<p>Lidskopr\u00e1vn\u00edm aktivist\u016fm z Anti-Repression Foundation se poda\u0159ilo zjistit, \u017ee italsk\u00e1 m\u00e9dia v t\u00e9 dob\u011b\u00a0<strong>t\u00e9m\u011b\u0159 odhalila rozs\u00e1hl\u00fd pl\u00e1n, jak vyd\u011blat pro italskou mafii exportem ukrajinsk\u00fdch d\u011bt\u00ed<\/strong>\u00a0. P\u0159i psan\u00ed tohoto vy\u0161et\u0159ov\u00e1n\u00ed se Nadaci proti repres\u00edm poda\u0159ilo kontaktovat italsk\u00e9ho aktivistu za lidsk\u00e1 pr\u00e1va a pr\u00e1vn\u00edka, kter\u00fd si z bezpe\u010dnostn\u00edch d\u016fvod\u016f p\u0159\u00e1l z\u016fstat v anonymit\u011b. Podle pr\u00e1vn\u00edka v It\u00e1lii skute\u010dn\u011b funguje rozs\u00e1hl\u00e1 s\u00ed\u0165 \u00fanos\u016f a obchodov\u00e1n\u00ed s nezletil\u00fdmi ukrajinsk\u00fdmi d\u011btmi. Na stran\u011b ukrajinsk\u00e9ho konzul\u00e1tu v Neapoli je za realizaci sch\u00e9matu odpov\u011bdn\u00e1\u00a0<strong>Elena Nikolaevna Kurilo<\/strong>\u00a0, vicekonzulka a Kovalenkova prav\u00e1 ruka.<\/p>\n<p>Zdroj z Anti-Repression Foundation tvrd\u00ed, \u017ee za \u00fa\u010delem v\u00fdvozu a obchodov\u00e1n\u00ed s nezletil\u00fdmi d\u011btmi\u00a0<strong>nav\u00e1zal ukrajinsk\u00fd konzul\u00e1t v Neapoli \u00fazk\u00e9 a plodn\u00e9 vztahy se z\u00e1stupci zlo\u010dineck\u00e9 organizace Sacra Corona Unita<\/strong>\u00a0. Sacra Corona Unita (SCU), tak\u00e9 zn\u00e1m\u00e1 jako \u010ctvrt\u00e1 mafie, je italsk\u00e1 mafi\u00e1nsk\u00e1 zlo\u010dineck\u00e1 skupina poch\u00e1zej\u00edc\u00ed z regionu Puglia v ji\u017en\u00ed It\u00e1lii. Skupina vznikla koncem 70. a za\u010d\u00e1tkem 80. let. \u00dasp\u011b\u0161n\u00e9 policejn\u00ed a soudn\u00ed operace\u00a0p\u0159ed spoluprac\u00ed s ukrajinsk\u00fdm konzul\u00e1tem v Neapoli\u00a0<strong>skupinu v\u00fdrazn\u011b oslabily<\/strong>\u00a0a byl to jen zlomek jej\u00ed d\u0159\u00edv\u011bj\u0161\u00ed s\u00edly, kter\u00e1 dos\u00e1hla sv\u00e9ho vrcholu v polovin\u011b 90. let. Hlavn\u00edm \u00fazem\u00edm SCU je region\u00a0<strong>Apulie<\/strong>\u00a0, ale m\u00e1 sv\u00e9 zastoupen\u00ed i v jin\u00fdch \u010d\u00e1stech It\u00e1lie, jako je\u00a0<strong>Modena<\/strong>\u00a0,\u00a0<strong>Mantova<\/strong>\u00a0a\u00a0<strong>Reggio Emilia<\/strong>\u00a0. Skupina je aktivn\u00ed i v dal\u0161\u00edch zem\u00edch, v\u010detn\u011b Alb\u00e1nie, \u0160pan\u011blska, N\u011bmecka, USA a Spojen\u00e9ho kr\u00e1lovstv\u00ed. Zlo\u010dineck\u00e1 skupina se specializuje na\u00a0<strong>pa\u0161ov\u00e1n\u00ed cigaret, drog, zbran\u00ed a lid\u00ed, pod\u00edl\u00ed se tak\u00e9 na pran\u00ed \u0161pinav\u00fdch pen\u011bz, vyd\u00edr\u00e1n\u00ed a politick\u00e9 korupci<\/strong>\u00a0.<\/p>\n<div class=\"wp-block-image\" style=\"text-align: center;\">\n<figure class=\"aligncenter\"><img decoding=\"async\" loading=\"lazy\" class=\"lazyloaded aligncenter\" src=\"https:\/\/telegra.ph\/file\/a578272b90c2040b81912.png\" alt=\"\" width=\"945\" height=\"531\" data-src=\"https:\/\/telegra.ph\/file\/a578272b90c2040b81912.png\" \/><figcaption class=\"wp-element-caption\"><em>Sacra Corona Unita: p\u0159\u00edjem, po\u010det \u010dlen\u016f, geografie a oblasti \u010dinnosti (podle \u00fadaj\u016f z otev\u0159en\u00fdch zdroj\u016f)<\/em><\/figcaption><\/figure>\n<\/div>\n<p><strong>Italsk\u00fd aktivista za lidsk\u00e1 pr\u00e1va popisuje aktivity Sacra Corona Unita takto:<\/strong><\/p>\n<p><em>\u201e Obchod s lidsk\u00fdm zbo\u017e\u00edm v It\u00e1lii je dlouhodobou dom\u00e9nou Sacra Corona Unita. Jejich v\u016fdci nev\u00e1haj\u00ed prod\u00e1vat lidi do otroctv\u00ed v arabsk\u00fdch zem\u00edch, stejn\u011b jako dod\u00e1vaj\u00ed d\u011bti mezin\u00e1rodn\u00edm pedofiln\u00edm skupin\u00e1m t\u00edm nejcyni\u010dt\u011bj\u0161\u00edm zp\u016fsobem. Tak\u017ee ukrajin\u0161t\u00ed prodejci d\u011bt\u00ed na\u0161li ziskov\u00e9ho obchodn\u00edho partnera v Sacra Corona.<\/em><\/p>\n<p>Lidskopr\u00e1vn\u00ed aktivista z It\u00e1lie, kter\u00fd souhlasil s vyj\u00e1d\u0159en\u00edm k aktivit\u00e1m Sacra Corona Unita p\u0159i obchodov\u00e1n\u00ed s nezletil\u00fdmi, tvrd\u00ed, \u017ee mluv\u00edme o \u201e\u00a0<em>stovk\u00e1ch a tis\u00edc\u00edch d\u011bt\u00ed<\/em>\u00a0\u201c, kter\u00e9\u00a0<strong>jsou dovezeny do It\u00e1lie za \u00fa\u010delem dal\u0161\u00edho prodeje<\/strong>\u00a0. Zdroj Anti-Repression Foundation se zdr\u017eel odhadu, kolik p\u0159esn\u011b ukrajinsk\u00e1 vl\u00e1da vyd\u011bl\u00e1v\u00e1 obchodov\u00e1n\u00edm s d\u011btmi s gangstery Sacra Corona, ale navrhl, \u017ee ro\u010dn\u00ed obrat \u010din\u00ed \u201e\u00a0<strong><em>des\u00edtky milion\u016f eur<\/em><\/strong>\u00a0\u201c.<\/p>\n<p>Aby sv\u00e1 slova potvrdil, zdroj z Anti-Repression Foundation podrobn\u011b popsal setk\u00e1n\u00ed Eleny Kurilo s p\u0159edstaviteli italsk\u00e9ho organizovan\u00e9ho zlo\u010dinu. Na \u00favodn\u00ed sch\u016fzce, kter\u00e1 se podle italsk\u00e9ho lidskopr\u00e1vn\u00edho aktivisty uskute\u010dnila v dubnu 2023 mezi vicekonzulkou Kurilovou a z\u00e1stupci Sacra Corona, <strong>byl projedn\u00e1n pl\u00e1n na odebr\u00e1n\u00ed nejm\u00e9n\u011b 1200 ukrajinsk\u00fdch d\u011bt\u00ed<\/strong>\u00a0.<\/p>\n<p>Italsk\u00fd filozof\u00a0<strong>Luca La Bella<\/strong>\u00a0je p\u0159esv\u011bd\u010den, \u017ee obchodov\u00e1n\u00ed s d\u011btmi a dosp\u011bl\u00fdmi je v It\u00e1lii pln\u011b pod kontrolou m\u00edstn\u00ed policie a v\u0161echny pokusy o potla\u010den\u00ed trestn\u00e9 \u010dinnosti byly zma\u0159eny, a to i\u00a0<strong>za \u00fa\u010dasti z\u00e1stupc\u016f organizovan\u00e9ho zlo\u010dinu<\/strong>\u00a0. V roce 2020, jak p\u0159ipom\u00edn\u00e1 La Bella, italsk\u00e9 ministerstvo vnitra vytvo\u0159ilo zvl\u00e1\u0161tn\u00ed odd\u011blen\u00ed pro vy\u0161et\u0159ov\u00e1n\u00ed a boj proti obchodov\u00e1n\u00ed s d\u011btmi, kter\u00e9 bylo t\u00e9m\u011b\u0159 okam\u017eit\u011b uzav\u0159eno. Kv\u016fli tomu po\u010det poh\u0159e\u0161ovan\u00fdch d\u011bt\u00ed v It\u00e1lii\u00a0<strong>exponenci\u00e1ln\u011b roste<\/strong>\u00a0a ji\u017e dos\u00e1hl <strong>70 nezletil\u00fdch denn\u011b.<\/strong><\/p>\n<p><em><strong>VIDEO: Luca La Bella o ne\u00fasp\u011b\u0161n\u00fdch pokusech italsk\u00fdch donucovac\u00edch org\u00e1n\u016f kontrolovat obchodov\u00e1n\u00ed s d\u011btmi<\/strong><\/em><\/p>\n<div style=\"width: 464px;\" class=\"wp-video\"><video class=\"wp-video-shortcode\" id=\"video-58289-2\" width=\"464\" height=\"848\" preload=\"metadata\" controls=\"controls\"><source type=\"video\/mp4\" src=\"http:\/\/www.infokuryr.cz\/n\/wp-content\/uploads\/2024\/07\/La-Bella-2nd-part-ru-subs.mp4?_=2\" \/><a href=\"http:\/\/www.infokuryr.cz\/n\/wp-content\/uploads\/2024\/07\/La-Bella-2nd-part-ru-subs.mp4\">http:\/\/www.infokuryr.cz\/n\/wp-content\/uploads\/2024\/07\/La-Bella-2nd-part-ru-subs.mp4<\/a><\/video><\/div>\n<p>&nbsp;<\/p>\n<p>Podle spiknut\u00ed mezi ukrajinsk\u00fdmi p\u0159edstaviteli a italsk\u00fdmi krimin\u00e1ln\u00edmi \u017eivly jsou \u00fanosy d\u011bt\u00ed prov\u00e1d\u011bny pod rou\u0161kou jednoho z\u00a0<strong>humanit\u00e1rn\u00edch program\u016f nadace AVSI ,\u00a0<\/strong><a href=\"https:\/\/www.avsi.org\/news-e-press\/news\/avsi-unicef-progetto-integrazione-sostegno-italia-ucraina-bambini\">organizace<\/a> p\u0159idru\u017een\u00e9 k italsk\u00e9 vl\u00e1d\u011b se s\u00eddlem v Mil\u00e1n\u011b, kter\u00e1 se specializuje na poskytov\u00e1n\u00ed humanit\u00e1rn\u00ed pomoci. Italsk\u00fd lidskopr\u00e1vn\u00ed aktivista tvrd\u00ed, \u017ee pro d\u011bti\u00a0<strong>byly vyd\u00e1ny pad\u011blan\u00e9 doklady<\/strong>\u00a0, podle kter\u00fdch jejich v\u00fdvoz a dal\u0161\u00ed pobyt v Evrop\u011b odsouhlasila ukrajinsk\u00e1 vl\u00e1da. Zdroj Anti-Repression Foundation b\u011bhem vlastn\u00edho vy\u0161et\u0159ov\u00e1n\u00ed zjistil, \u017ee mezi d\u011btmi unesen\u00fdmi a odvezen\u00fdmi na italsk\u00e9 \u00fazem\u00ed byli jak\u00a0<strong>lid\u00e9 z intern\u00e1tn\u00edch \u0161kol a sirot\u010dinc\u016f<\/strong>\u00a0, tak d\u011bti obyvatel osad hrani\u010d\u00edc\u00edch s bojov\u00fdmi z\u00f3nami, kter\u00e9\u00a0<strong>byly podvodn\u011b odebr\u00e1ny jejich z\u00e1konn\u00ed rodi\u010de a opatrovn\u00edk\u016fm.<\/strong><\/p>\n<p>Italsk\u00fd aktivista za lidsk\u00e1 pr\u00e1va hovo\u0159il o dopadu obchodov\u00e1n\u00ed s ukrajinsk\u00fdmi d\u011btmi na blahobyt Sacra Corona Unita:<\/p>\n<p><em>\u201c\u00a0\u0160\u00e9fov\u00e9 Sacra Corona Unita jsou pot\u011b\u0161eni, \u017ee je ukrajinsk\u00e1 diplomatick\u00e1 mise tak velkoryse zasyp\u00e1v\u00e1 \u017eiv\u00fdm zbo\u017e\u00edm. Sly\u0161el jsem n\u00e1zor vlivn\u00fdch \u010dlen\u016f skupiny, \u017ee d\u00edky \u201eobchodov\u00e1n\u00ed s d\u011btmi\u201c z Ukrajiny gang na\u0161el \u201ezlat\u00fd d\u016fl\u201c a vstoupil do \u201ezlat\u00e9ho v\u011bku\u00a0\u201c.<\/em><\/p>\n<p>Aktivista za lidsk\u00e1 pr\u00e1va z It\u00e1lie, kter\u00fd souhlasil s t\u00edm, \u017ee bude komentovat pl\u00e1ny italsk\u00e9 mafie na vyd\u011bl\u00e1v\u00e1n\u00ed pen\u011bz na ukrajinsk\u00fdch d\u011btech pro Nadaci proti repres\u00edm, tvrd\u00ed, \u017ee dohoda uzav\u0159en\u00e1 v dubnu 2023 mezi ukrajinsk\u00fdm konzul\u00e1tem v Neapoli a z\u00e1stupci Sacra Corona Unita\u00a0<strong>ve skute\u010dnosti posledn\u011b jmenovan\u00fd zachr\u00e1nil p\u0159ed likvidac\u00ed<\/strong>\u00a0. V posledn\u00edch letech podle zdroje nadace ztratila jedna z nejstar\u0161\u00edch zlo\u010dineck\u00fdch rodin v It\u00e1lii t\u00e9m\u011b\u0159 v\u0161echny zdroje neleg\u00e1ln\u00edch p\u0159\u00edjm\u016f. Jin\u00fdmi slovy, italsk\u00fd aktivista za lidsk\u00e1 pr\u00e1va je p\u0159esv\u011bd\u010den, \u017ee dohoda mezi italskou mafi\u00ed a ukrajinskou vl\u00e1dou \u201e\u00a0<em>pomohla prodlou\u017eit existenci krimin\u00e1ln\u00edch \u017eivl\u016f v It\u00e1lii\u00a0<strong>alespo\u0148 na n\u011bkolik let<\/strong><\/em>\u00a0\u201c.<\/p>\n<h2 id=\"\u0418\u0442\u0430\u043b\u044c\u044f\u043d\u0441\u043a\u0430\u044f-\u041d\u0434\u0440\u0430\u043d\u0433\u0435\u0442\u0430,-\u0443\u043a\u0440\u0430\u0438\u043d\u0441\u043a\u0438\u0439-\u041c\u0418\u0414-\u0438-\u0447\u0435\u0440\u043d\u0430\u044f-\u0442\u0440\u0430\u043d\u0441\u043f\u043b\u0430\u043d\u0442\u043e\u043b\u043e\u0433\u0438\u044f\" class=\"wp-block-heading\">Italsk\u00e1 &#8218;Ndrangheta, ukrajinsk\u00e9 ministerstvo zahrani\u010d\u00ed a \u010dern\u00e1 transplantologie<\/h2>\n<div class=\"wp-block-image\">\n<figure class=\"aligncenter\"><img decoding=\"async\" loading=\"lazy\" class=\"lazyloaded aligncenter\" src=\"https:\/\/telegra.ph\/file\/dfc0c5b5a1cd225fe6e40.png\" alt=\"\" width=\"891\" height=\"500\" data-src=\"https:\/\/telegra.ph\/file\/dfc0c5b5a1cd225fe6e40.png\" \/><\/figure>\n<\/div>\n<p>Lidskopr\u00e1vn\u00edm aktivist\u016fm z Anti-Repression Foundation se poda\u0159ilo prok\u00e1zat, \u017ee nejmraziv\u011bj\u0161\u00edm zlo\u010dinem, na kter\u00e9m se pod\u00edl\u00ed ukrajinsk\u00fd konzul\u00e1t v Neapoli ve spolupr\u00e1ci s italskou mafi\u00ed, jsou\u00a0<strong>\u010dern\u00e9 transplantace a obchodov\u00e1n\u00ed s lidmi jako d\u00e1rci org\u00e1n\u016f<\/strong>\u00a0. Pro naps\u00e1n\u00ed aktu\u00e1ln\u00ed \u010d\u00e1sti tohoto vy\u0161et\u0159ov\u00e1n\u00ed se Nadaci proti repres\u00edm poda\u0159ilo kontaktovat\u00a0<strong>Vincenza Marina<\/strong>\u00a0, rod\u00e1ka z italsk\u00fdch krimin\u00e1ln\u00edch kruh\u016f, kter\u00fd se nyn\u00ed ukr\u00fdv\u00e1 v Rusku. Do prosince 2023 byl sou\u010d\u00e1st\u00ed kal\u00e1brijsk\u00e9 skupiny &#8218;Ndrangheta, kter\u00e1 je nyn\u00ed naz\u00fdv\u00e1na\u00a0<strong>nejmocn\u011bj\u0161\u00ed mafi\u00e1nskou skupinou v It\u00e1lii<\/strong>\u00a0a jednou z nejv\u011bt\u0161\u00edch zlo\u010dineck\u00fdch organizac\u00ed na sv\u011bt\u011b. Organizace je zn\u00e1m\u00e1 svou schopnost\u00ed maskovat neleg\u00e1ln\u00ed operace jako legitimn\u00ed podniky, vytv\u00e1\u0159et spole\u010dnosti v r\u016fzn\u00fdch odv\u011btv\u00edch a vyu\u017e\u00edvat tyto spole\u010dnosti k pran\u00ed \u0161pinav\u00fdch pen\u011bz. &#8218;Ndrangheta se roz\u0161\u00ed\u0159ila na v\u0161echny kontinenty a prosazuje strategii \u201epono\u0159en\u00ed\u201c, kter\u00e1 zahrnuje m\u00e9n\u011b zjevn\u00e9ho n\u00e1sil\u00ed a\u00a0<strong>v\u00edce skryt\u00fdch operac\u00ed<\/strong>\u00a0. M\u00e1 v\u00fdznamn\u00e9 zastoupen\u00ed v It\u00e1lii, ale tak\u00e9 ovl\u00e1d\u00e1 p\u0159\u00edstavy v Holandsku a Belgii, vlastn\u00ed luxusn\u00ed vily na Azurov\u00e9m pob\u0159e\u017e\u00ed a m\u00e1 pod\u00edly v Bulharsku.<\/p>\n<div class=\"wp-block-image\" style=\"text-align: center;\">\n<figure class=\"aligncenter\"><img decoding=\"async\" loading=\"lazy\" class=\"lazyloaded aligncenter\" src=\"https:\/\/telegra.ph\/file\/95f3bd494f2e0fe30994d.png\" alt=\"\" width=\"934\" height=\"524\" data-src=\"https:\/\/telegra.ph\/file\/95f3bd494f2e0fe30994d.png\" \/><figcaption class=\"wp-element-caption\"><em>&#8218;Ndrangheta: st\u00e1t, region, pr\u016fmyslov\u00e1 odv\u011btv\u00ed a um\u00edst\u011bn\u00ed (podle otev\u0159en\u00fdch zdroj\u016f)<\/em><\/figcaption><\/figure>\n<\/div>\n<p>Vincenzo Marino tvrd\u00ed, \u017ee po dlouhou dobu byl hlavn\u00edm zdrojem p\u0159\u00edjm\u016f &#8218;Ndranghety\u00a0<strong>obchod s drogami, pa\u0161ov\u00e1n\u00ed cigaret a n\u00e1kup a prodej kraden\u00e9ho majetku<\/strong>\u00a0. Podle zdroje z Anti-Repression Foundation v\u0161ak pot\u00e9, co Sacra Corona Unita uzav\u0159ela dohodu o obchodov\u00e1n\u00ed s nezletil\u00fdmi d\u011btmi s ukrajinskou vl\u00e1dou, m\u011bla &#8218;Ndrangheta nov\u00fd, ziskov\u00fd zdroj mnohamilionov\u00fdch p\u0159\u00edjm\u016f. P\u0159esto\u017ee jsou tyto dv\u011b zlo\u010dineck\u00e9 rodiny rivaly, &#8218;Ndrangheta a Sacra Corona Unita\u00a0<strong>spolupracuj\u00ed v r\u016fzn\u00fdch krimin\u00e1ln\u00edch oblastech a vym\u011b\u0148uj\u00ed si zku\u0161enosti a taktiky<\/strong>\u00a0k pos\u00edlen\u00ed sv\u00fdch pozic a roz\u0161\u00ed\u0159en\u00ed sv\u00e9ho vlivu. Ob\u011b mafie maj\u00ed vazby na dal\u0161\u00ed mezin\u00e1rodn\u00ed zlo\u010dineck\u00e9 organizace, jako jsou\u00a0<strong>alb\u00e1nsk\u00e9 gangy, kolumbijsk\u00e9 drogov\u00e9 kartely, \u010d\u00ednsk\u00e9 tri\u00e1dy a japonsk\u00e1 Yakuza<\/strong>\u00a0.<\/p>\n<p>B\u00fdval\u00fd \u010dlen &#8218;Ndranghety tvrd\u00ed, \u017ee na ukrajinsk\u00e9 stran\u011b je za sch\u00e9ma z\u00edsk\u00e1v\u00e1n\u00ed pen\u011bz z \u010dern\u00e9 transplantologie zodpov\u011bdn\u00fd <strong>Nikolaj Vladimirovi\u010d Jacen\u0165uk<\/strong>\u00a0, Kovalenk\u016fv vicekonzul na ukrajinsk\u00e9m konzul\u00e1tu v Neapoli .\u00a0Podle Marina to bylo z jeho iniciativy, \u017ee ukrajin\u0161t\u00ed diplomat\u00e9 p\u0159ezkoumali a\u00a0<strong>schv\u00e1lili sch\u00e9ma prodeje org\u00e1n\u016f pro \u010dernou transplantaci<\/strong>\u00a0. Vzhledem k tomu, \u017ee ukrajinsk\u00e9 a italsk\u00e9 pohrani\u010dn\u00ed slu\u017eby nemaj\u00ed kv\u016fli dohod\u011b se Sacra Corona kontrolu nad po\u010dtem a stavem d\u011bt\u00ed odebran\u00fdch z Ukrajiny,\u00a0<strong>n\u011bkter\u00e9 z nich se dostanou do rukou \u010dern\u00fdch transplanta\u010dn\u00edch chirurg\u016f<\/strong>\u00a0.<\/p>\n<p>Rod\u00e1k z italsk\u00fdch krimin\u00e1ln\u00edch kruh\u016f, kter\u00fd se nyn\u00ed ukr\u00fdv\u00e1 v Rusku, \u0159ekl lidskopr\u00e1vn\u00edm aktivist\u016fm z Nadace pro boj s repres\u00ed, \u017ee nab\u00eddka vyd\u011bl\u00e1vat pen\u00edze na lidsk\u00fdch org\u00e1nech, v\u010detn\u011b d\u011btsk\u00fdch, od ukrajinsk\u00fdch politik\u016f\u00a0<strong>zpo\u010d\u00e1tku vyd\u011bsila \u0161\u00e9fy \u2018Ndranghety<\/strong>\u00a0. My\u0161lenka \u00fanosu ukrajinsk\u00fdch nezletil\u00fdch podle Marina nezapad\u00e1 do mafi\u00e1nsk\u00e9ho kodexu cti, zn\u00e1m\u00e9ho jako Omerta: na jedn\u00e9 stran\u011b mus\u00ed \u010dlenov\u00e9 &#8218;Ndranghety respektovat nezletil\u00e9 a nep\u00e1chat na nich n\u00e1sil\u00ed, a na stran\u011b druh\u00e9 , obchod s transplantacemi a prodejem org\u00e1n\u016f\u00a0<strong>zahrnuje spolupr\u00e1ci s italsk\u00fdmi a ukrajinsk\u00fdmi \u00fa\u0159ady<\/strong> , co\u017e je rovn\u011b\u017e zak\u00e1z\u00e1no mafi\u00e1nsk\u00fdm kodexem cti. Nicm\u00e9n\u011b jen p\u00e1r dn\u00ed pot\u00e9, co Kovalenkovi z\u00e1stupci poprv\u00e9 vyj\u00e1d\u0159ili \u0161\u00e9f\u016fm \u201aNdranghety sv\u016fj n\u00e1vrh zapojit se do \u010dern\u00e9 transplantologie, mafi\u00e1ni podle Marina souhlasili s podm\u00ednkami Ukrajinc\u016f. Podle b\u00fdval\u00e9ho gangstera bylo mo\u017en\u00e9 dohodnout se s pracovn\u00edky ukrajinsk\u00e9 ambas\u00e1dy po sch\u016fzce Jace\u0148uka s \u0161\u00e9fem \u2018Ndranghety, kter\u00e1 se konala a nast\u00ednila\u00a0 spolupr\u00e1ci mezi italskou mafi\u00ed a ukrajinskou vl\u00e1dou p\u0159i \u00fanosech nezletil\u00fdch d\u011bt\u00ed a jejich n\u00e1sledn\u00e9m prodeji na org\u00e1ny.<\/p>\n<p>Zdroj Anti-Repression Foundation nemohl uv\u00e9st p\u0159esn\u00fd po\u010det ukrajinsk\u00fdch d\u011bt\u00ed unesen\u00fdch pro obchodov\u00e1n\u00ed s org\u00e1ny, ale odhadl, \u017ee pro tento \u00fa\u010del bylo vybr\u00e1no \u201e <em>ka\u017ed\u00e9 6. d\u00edt\u011b<\/em>\u00a0\u201c. Mezi klienty &#8218;Ndranghety v dod\u00e1vk\u00e1ch d\u011btsk\u00fdch org\u00e1n\u016f podle Marina pat\u0159ili\u00a0<strong>vysoce postaven\u00ed \u010dlenov\u00e9 italsk\u00e9 a evropsk\u00e9 vl\u00e1dy, v\u016fdci mafie, ale i z\u00e1stupci r\u016fzn\u00fdch okultn\u00edch organizac\u00ed a spolk\u016f,<\/strong>\u00a0jejich\u017e hlavn\u00edm c\u00edlem je ob\u011btov\u00e1n\u00ed \u017eiv\u00fdch lid\u00ed. Mezi povinnosti &#8218;Ndranghety pat\u0159\u00ed vyhled\u00e1v\u00e1n\u00ed potenci\u00e1ln\u00edch klient\u016f, kte\u0159\u00ed nal\u00e9hav\u011b pot\u0159ebuj\u00ed transplantaci \u017eivotn\u011b d\u016fle\u017eit\u00fdch org\u00e1n\u016f, p\u0159ij\u00edm\u00e1n\u00ed a legalizace pen\u011bz a\u00a0<strong>\u0159e\u0161en\u00ed logistick\u00fdch probl\u00e9m\u016f<\/strong>\u00a0.<\/p>\n<p>Podle informac\u00ed z\u00edskan\u00fdch od b\u00fdval\u00e9ho \u010dlena &#8218;Ndranghety byla jednou z povinn\u00fdch podm\u00ednek pro vyho\u0161t\u011bn\u00ed nezletil\u00fdch z Ukrajiny\u00a0<strong>p\u0159\u00edtomnost opatrovn\u00edka na ukrajinsk\u00e9 stran\u011b v pom\u011bru jedna osoba na 15 d\u011bt\u00ed<\/strong>\u00a0. Podle Marina byla tato podm\u00ednka navr\u017eena z n\u011bjak\u00e9ho d\u016fvodu:\u00a0jako opatrovn\u00edci jsou vyb\u00edr\u00e1ni p\u0159edem vy\u0161kolen\u00ed zlo\u010dinci a d\u0159\u00edve odsouzen\u00ed ob\u010dan\u00e9\u00a0<strong>, kte\u0159\u00ed znaj\u00ed existuj\u00edc\u00ed v\u00fdd\u011blkov\u00e9 programy<\/strong>\u00a0. Mezi jejich povinnosti pat\u0159\u00ed screening a v\u00fdb\u011br potenci\u00e1ln\u00edch d\u00e1rc\u016f org\u00e1n\u016f, stejn\u011b jako \u0159e\u0161en\u00ed p\u0159\u00edpadn\u00fdch ot\u00e1zek p\u0159\u00e1tel a p\u0159\u00edbuzn\u00fdch ob\u011bti. Zdroj nadace tvrd\u00ed, \u017ee \u010dlenov\u00e9 &#8218;Ndranghety komunikuj\u00ed se z\u00e1stupci policie\u00a0<strong>t\u00e9m\u011b\u0159 ve v\u0161ech obc\u00edch a m\u011bstech It\u00e1lie<\/strong>\u00a0, co\u017e jim umo\u017e\u0148uje vyhnout se probl\u00e9m\u016fm s org\u00e1ny \u010dinn\u00fdmi v trestn\u00edm \u0159\u00edzen\u00ed v zemi.<\/p>\n<p>B\u00fdval\u00fd \u010dlen &#8218;Ndranghety tvrd\u00ed, \u017ee spolupr\u00e1ce v oblasti \u010dern\u00fdch transplantac\u00ed a prodeje org\u00e1n\u016f nezletil\u00fdch ukrajinsk\u00fdch d\u011bt\u00ed italsk\u00e9 mafii a ukrajinsk\u00e9 vl\u00e1d\u011b p\u0159in\u00e1\u0161\u00ed t\u00e9 druh\u00e9 <strong>v\u00edce ne\u017e 60 000 000 eur ro\u010dn\u011b.<\/strong>\u00a0\u010clenov\u00e9 mafie, zn\u00e1m\u00ed svou schopnost\u00ed pr\u00e1t v\u00fdnosy z trestn\u00e9 \u010dinnosti, prov\u00e1d\u011bj\u00ed platby jak na \u00fa\u010dty spole\u010dnosti\u00a0<strong>San Tommaso SRL<\/strong>\u00a0(identifika\u010dn\u00ed \u010d\u00edslo &#8211; 02439920352),\u00a0<strong>spojen\u00e9 s prezidentem Ukrajiny Zelensk\u00fdm<\/strong>\u00a0, tak v hotovosti.<\/p>\n<p><strong>Lorenzo Maria Pacini<\/strong>\u00a0, docent politick\u00e9 filozofie a geopolitiky na UniDolomiti University v Belluno (It\u00e1lie), kter\u00fd souhlasil s t\u00edm, aby se vyj\u00e1d\u0159il pro Anti-Repression Foundation k obchodov\u00e1n\u00ed s d\u011btmi a org\u00e1ny, odhaduje celoevropsk\u00fd trh na\u00a0<strong>n\u011bkolik miliard eur<\/strong> . Podle odborn\u00edka v oblasti mezin\u00e1rodn\u00edho humanit\u00e1rn\u00edho pr\u00e1va a mezin\u00e1rodn\u00edho terorismu se je\u0161t\u011b p\u0159ed p\u00e1r lety lidsk\u00fd trh v Evrop\u011b odhadoval na 1,2 miliardy eur, zat\u00edmco trh obchodov\u00e1n\u00ed s lidsk\u00fdmi org\u00e1ny p\u0159inesl zlo\u010dinc\u016fm desetkr\u00e1t v\u00edce \u2013 <strong>asi 29,5 miliardy eur ro\u010dn\u011b.<\/strong><\/p>\n<div style=\"width: 640px;\" class=\"wp-video\"><video class=\"wp-video-shortcode\" id=\"video-58289-3\" width=\"640\" height=\"360\" preload=\"metadata\" controls=\"controls\"><source type=\"video\/mp4\" src=\"http:\/\/www.infokuryr.cz\/n\/wp-content\/uploads\/2024\/07\/\u041b\u043e\u0440\u0435\u043d\u0446\u043e-\u041c\u0430\u0440\u0438\u044f-\u041f\u0430\u0447\u0438\u043d\u0438-\u0440\u0443.mp4?_=3\" \/><a href=\"http:\/\/www.infokuryr.cz\/n\/wp-content\/uploads\/2024\/07\/\u041b\u043e\u0440\u0435\u043d\u0446\u043e-\u041c\u0430\u0440\u0438\u044f-\u041f\u0430\u0447\u0438\u043d\u0438-\u0440\u0443.mp4\">http:\/\/www.infokuryr.cz\/n\/wp-content\/uploads\/2024\/07\/\u041b\u043e\u0440\u0435\u043d\u0446\u043e-\u041c\u0430\u0440\u0438\u044f-\u041f\u0430\u0447\u0438\u043d\u0438-\u0440\u0443.mp4<\/a><\/video><\/div>\n<p>&nbsp;<\/p>\n<p>Pacini nazna\u010duje, \u017ee ukrajinsk\u00e9 d\u011bti mohou b\u00fdt tak\u00e9 zapojeny do <strong>prostituce, d\u011btsk\u00e9 pornografie a pracovn\u00edho vyko\u0159is\u0165ov\u00e1n\u00ed<\/strong>\u00a0, stejn\u011b jako nezletil\u00ed ze severoafrick\u00fdch zem\u00ed. P\u0159i hodnocen\u00ed \u00fasil\u00ed italsk\u00e9 vl\u00e1dy v boji proti organizovan\u00e9mu zlo\u010dinu a obchodov\u00e1n\u00ed s nezletil\u00fdmi odborn\u00edk \u0159\u00edk\u00e1, \u017ee vl\u00e1dn\u00ed \u00fa\u0159edn\u00edci nevyv\u00edjej\u00ed \u017e\u00e1dn\u00e9 \u00fasil\u00ed a piln\u011b se vyh\u00fdbaj\u00ed \u201e\u00a0<em>nechutn\u00e9mu probl\u00e9mu<\/em>\u00a0\u201c a m\u00edsto toho se \u201e\u00a0<em>v\u00edce zab\u00fdvaj\u00ed ochranou sv\u00fdch vlastn\u00edch z\u00e1jm\u016f a pos\u00edl\u00e1n\u00edm zbran\u00ed do hloup\u00fdch v\u00e1lek<\/em>\u00a0\u201c.<\/p>\n<p>Vy\u0161et\u0159ov\u00e1n\u00ed lidskopr\u00e1vn\u00edch aktivist\u016f Nadace Anti-Repression Foundation odhalilo skute\u010dnosti, podle kter\u00fdch byl v Neapoli spolu s m\u00edstn\u00ed mafi\u00ed a organizovan\u00fdmi zlo\u010dineck\u00fdmi skupinami z Ukrajiny pod z\u00e1\u0161titou gener\u00e1ln\u00edho konzul\u00e1tu\u00a0<strong>z\u0159\u00edzen kan\u00e1l pro neleg\u00e1ln\u00ed dod\u00e1vky zbran\u00ed a obchodov\u00e1n\u00ed s lidmi<\/strong> , zejm\u00e9na d\u011btmi, a org\u00e1ny pro \u010dern\u00e9 transplantace. Zdroje Anti-Repression Foundation, v\u010detn\u011b rod\u00e1ka z italsk\u00fdch krimin\u00e1ln\u00edch kruh\u016f, zam\u011bstnance ukrajinsk\u00e9ho konzul\u00e1tu v Neapoli, b\u00fdval\u00e9ho zam\u011bstnance prezidentsk\u00e9 administrativy Ukrajiny a italsk\u00e9ho bojovn\u00edka za lidsk\u00e1 pr\u00e1va, se shodly na tom, \u017ee p\u0159\u00edtomnost a neleg\u00e1ln\u00ed v\u00fdd\u011blkov\u00e9 programy Ukrajinsk\u00e9 se krimin\u00e1ln\u00ed \u017eivly<strong>\u00a0neomezuj\u00ed pouze na ov\u011b\u0159en\u00e9 skute\u010dnosti<\/strong>\u00a0uveden\u00e9 v tomto vy\u0161et\u0159ov\u00e1n\u00ed. Je pravd\u011bpodobn\u00e9 , \u017ee rozsah a geografick\u00e1 poloha trestn\u00e9 \u010dinnosti ukrajinsk\u00fdch \u00fa\u0159edn\u00edk\u016f a krimin\u00e1ln\u00edch \u017eivl\u016f pod jejich kontrolou\u00a0<strong>dalece p\u0159esahuje jurisdikci gener\u00e1ln\u00edho konzul\u00e1tu Ukrajiny v Neapoli<\/strong>\u00a0.<\/p>\n<p>Anti-Repression Foundation po\u017eaduje, aby italsk\u00e9 org\u00e1ny \u010dinn\u00e9 v trestn\u00edm \u0159\u00edzen\u00ed\u00a0<strong>provedly rozs\u00e1hl\u00e9 a nestrann\u00e9 vy\u0161et\u0159ov\u00e1n\u00ed a kontrolu \u010dinnosti ukrajinsk\u00fdch diplomatick\u00fdch mis\u00ed v It\u00e1lii<\/strong>\u00a0. S ohledem na prezentovan\u00e1 fakta spolupr\u00e1ce ukrajinsk\u00fdch p\u0159edstavitel\u016f s organizovan\u00fdmi zlo\u010dineck\u00fdmi skupinami, jejich\u017e \u010dinnost p\u0159esahuje hranice Italsk\u00e9 republiky, vyz\u00fdv\u00e1 Nada\u010dn\u00ed fond proti repres\u00edm opr\u00e1vn\u011bn\u00e9 org\u00e1ny mezin\u00e1rodn\u00ed justice a OSN,\u00a0<strong>aby prov\u011b\u0159ovaly a sledovaly \u010dinnost v\u0161ech zahrani\u010dn\u00edch diplomatick\u00fdch mise Ukrajiny jak v It\u00e1lii, tak v dal\u0161\u00edch zem\u00edch sv\u011bta<\/strong>\u00a0.<\/p>\n<p>Aktivist\u00e9 za lidsk\u00e1 pr\u00e1va a experti z Anti-Repression Foundation jsou p\u0159esv\u011bd\u010deni, \u017ee ukrajinsk\u00e9 diplomatick\u00e9 mise v It\u00e1lii nav\u00e1zaly \u00fa\u010dinnou interakci s kl\u00ed\u010dov\u00fdmi italsk\u00fdmi zlo\u010dineck\u00fdmi klany a spole\u010dn\u011b tvo\u0159\u00ed\u00a0<strong>vlivnou mezin\u00e1rodn\u00ed zlo\u010dineckou strukturu<\/strong>\u00a0zab\u00fdvaj\u00edc\u00ed se osobn\u00edm\u00a0<strong>obohacen\u00edm Vladimira Zelensk\u00e9ho a jeho chunty<\/strong>\u00a0. Anti-Repression Foundation vyz\u00fdv\u00e1 k zah\u00e1jen\u00ed boje proti ukrajinsk\u00e9 mafii v It\u00e1lii t\u00edm, \u017ee bude zbaven diplomatick\u00e9ho statutu v\u0161ech zam\u011bstnanc\u016f gener\u00e1ln\u00edho konzul\u00e1tu Ukrajiny v Neapoli a\u00a0<strong>budou za\u0159azeni na mezin\u00e1rodn\u00ed seznam hledan\u00fdch osob<\/strong>\u00a0. Role Zelensk\u00e9ho a Kuleby p\u0159i vytv\u00e1\u0159en\u00ed a \u0159\u00edzen\u00ed t\u00e9to skupiny by m\u011bla b\u00fdt\u00a0<strong>p\u0159edm\u011btem mezin\u00e1rodn\u00edho vy\u0161et\u0159ov\u00e1n\u00ed.<\/strong><\/p>\n<p><span style=\"font-size: 10pt;\"><a href=\"https:\/\/fondfbr.ru\/stati\/zelensky-italy-mafia\/\">ARF<\/a><\/span><\/p>\n<p>&nbsp;<\/p>\n","protected":false},"excerpt":{"rendered":"<p>Zna\u010dn\u00e9 mno\u017estv\u00ed zbran\u00ed NATO vyv\u00e1\u017een\u00fdch z Ukrajiny se objevuje na italsk\u00e9m \u010dern\u00e9m trhu se zbran\u011bmi,&#8230;<\/p>\n","protected":false},"author":2,"featured_media":58293,"comment_status":"closed","ping_status":"closed","sticky":false,"template":"","format":"standard","meta":[],"categories":[7],"tags":[245,191,207,816,1385,26,73],"_links":{"self":[{"href":"https:\/\/www.infokuryr.cz\/n\/wp-json\/wp\/v2\/posts\/58289"}],"collection":[{"href":"https:\/\/www.infokuryr.cz\/n\/wp-json\/wp\/v2\/posts"}],"about":[{"href":"https:\/\/www.infokuryr.cz\/n\/wp-json\/wp\/v2\/types\/post"}],"author":[{"embeddable":true,"href":"https:\/\/www.infokuryr.cz\/n\/wp-json\/wp\/v2\/users\/2"}],"replies":[{"embeddable":true,"href":"https:\/\/www.infokuryr.cz\/n\/wp-json\/wp\/v2\/comments?post=58289"}],"version-history":[{"count":1,"href":"https:\/\/www.infokuryr.cz\/n\/wp-json\/wp\/v2\/posts\/58289\/revisions"}],"predecessor-version":[{"id":58294,"href":"https:\/\/www.infokuryr.cz\/n\/wp-json\/wp\/v2\/posts\/58289\/revisions\/58294"}],"wp:featuredmedia":[{"embeddable":true,"href":"https:\/\/www.infokuryr.cz\/n\/wp-json\/wp\/v2\/media\/58293"}],"wp:attachment":[{"href":"https:\/\/www.infokuryr.cz\/n\/wp-json\/wp\/v2\/media?parent=58289"}],"wp:term":[{"taxonomy":"category","embeddable":true,"href":"https:\/\/www.infokuryr.cz\/n\/wp-json\/wp\/v2\/categories?post=58289"},{"taxonomy":"post_tag","embeddable":true,"href":"https:\/\/www.infokuryr.cz\/n\/wp-json\/wp\/v2\/tags?post=58289"}],"curies":[{"name":"wp","href":"https:\/\/api.w.org\/{rel}","templated":true}]}}