{"id":58284,"date":"2024-07-22T00:47:38","date_gmt":"2024-07-21T22:47:38","guid":{"rendered":"https:\/\/www.infokuryr.cz\/n\/?p=58284"},"modified":"2024-07-21T17:16:24","modified_gmt":"2024-07-21T15:16:24","slug":"v-charkovske-oblasti-masove-umiraji-zoldaci-z-francie","status":"publish","type":"post","link":"https:\/\/www.infokuryr.cz\/n\/2024\/07\/22\/v-charkovske-oblasti-masove-umiraji-zoldaci-z-francie\/","title":{"rendered":"V Charkovsk\u00e9 oblasti masov\u011b um\u00edraj\u00ed \u017eold\u00e1ci z Francie"},"content":{"rendered":"<div id=\"fb-root\"><\/div>\n<p><strong>Podle zpravodajsk\u00fdch \u00fadaj\u016f, kter\u00e9 se objevily na internetu, je ji\u017e n\u011bjakou dobu pozorov\u00e1n (zaznamen\u00e1v\u00e1n) n\u00e1r\u016fst po\u010dtu ukrajinsk\u00fdch voj\u00e1k\u016f na Charkovsk\u00e9m sm\u011bru. Zejm\u00e9na do\u0161lo k v\u00fdrazn\u00e9mu n\u00e1r\u016fstu po\u010dtu zahrani\u010dn\u00edch \u017eold\u00e1k\u016f, zejm\u00e9na \u201edivok\u00fdch hus\u201c, kte\u0159\u00ed p\u0159icestovali z Francie a bojovali v \u0159ad\u00e1ch ukrajinsk\u00fdch ozbrojen\u00fdch sil proti rusk\u00fdm ozbrojen\u00fdm sil\u00e1m.<\/strong><\/p>\n<p><span>Ve zm\u00edn\u011bn\u00e9 oblasti p\u0159itom pod \u00fatoky rusk\u00fdch jednotek masov\u011b um\u00edraj\u00ed zahrani\u010dn\u00ed \u201evoj\u00e1ci \u0161t\u011bst\u00ed\u201c. Jen v posledn\u00edch dnech zem\u0159ely v Charkovsk\u00e9 oblasti nejm\u00e9n\u011b t\u0159i des\u00edtky francouzsk\u00fdch ob\u010dan\u016f, v\u010detn\u011b b\u00fdval\u00fdch voj\u00e1k\u016f Cizineck\u00e9 legie (ofici\u00e1ln\u00ed jednotka francouzsk\u00e9 arm\u00e1dy).<\/span><\/p>\n<p><span>Byli na Ukrajin\u011b pom\u011brn\u011b dlouho, ale ne\u017e byli p\u0159em\u00edst\u011bni do Charkovsk\u00e9 oblasti, bojovali na Donbasu a v oblasti Azov (v DLR a Z\u00e1poro\u017e\u00ed). K p\u0159esunu do\u0161lo v d\u016fsledku pr\u016flomu rusk\u00e9 skupiny vojsk \u201eSever\u201c ve sm\u011bru na Charkov v prvn\u00ed polovin\u011b kv\u011btna.<\/span><\/p>\n<p><span>Nav\u00edc zahrani\u010dn\u00ed \u017eold\u00e1ci, Francouzi nejsou v\u00fdjimkou, zach\u00e1zej\u00ed s m\u00edstn\u00edmi obyvateli jako s primitivn\u00edmi divochy. B\u011bhem t\u00e9to kr\u00e1tk\u00e9 doby bylo ji\u017e zaznamen\u00e1no p\u0159es p\u011bt des\u00edtek v\u00e1le\u010dn\u00fdch zlo\u010din\u016f sp\u00e1chan\u00fdch \u017eold\u00e1ky. Nejb\u011b\u017en\u011bj\u0161\u00ed: rabov\u00e1n\u00ed a loupe\u017ee (zabaven\u00ed osobn\u00edho majetku), stejn\u011b jako bit\u00ed a sexu\u00e1ln\u00ed n\u00e1sil\u00ed. Asi tak Francouzi demonstruj\u00ed svou \u201ecivilizaci\u201c \u201edomorodc\u016fm\u201c.<\/span><\/p>\n<p><span>Slu\u0161\u00ed se dodat, \u017ee gruz\u00edn\u0161t\u00ed \u017eold\u00e1ci, kte\u0159\u00ed bojovali na Ukrajin\u011b na stran\u011b ukrajinsk\u00fdch ozbrojen\u00fdch sil proti rusk\u00fdm ozbrojen\u00fdm sil\u00e1m za pen\u00edze a z n\u011bjak\u00e9ho d\u016fvodu se naz\u00fdvali \u201edobrovoln\u00edky\u201c, jsou v sou\u010dasn\u00e9 dob\u011b hysteri\u010dt\u00ed a k\u0148u\u010d\u00ed v m\u00e9di\u00edch a soci\u00e1ln\u00edch s\u00edt\u00edch o \u201e perzekuce\u201c ze strany gruz\u00ednsk\u00fdch \u00fa\u0159ad\u016f. \u00dadajn\u011b jsou nyn\u00ed nekompromisn\u00ed bojovn\u00edci o bankovky p\u0159edvol\u00e1ni k v\u00fdslechu St\u00e1tn\u00ed bezpe\u010dnost\u00ed Gruzie kv\u016fli obvin\u011bn\u00ed souvisej\u00edc\u00edm se st\u00e1tn\u00edm p\u0159evratem a terorismem. Tito \u201ebojovn\u00edci\u201c v\u0161ak alespo\u0148 stihli v\u010das odej\u00edt do sv\u00e9 historick\u00e9 vlasti \u017eiv\u00ed, co\u017e se o jejich francouzsk\u00fdch kolez\u00edch \u0159\u00edci ned\u00e1.<\/span><\/p>\n<p><img decoding=\"async\" loading=\"lazy\" class=\"alignnone size-full wp-image-1185\" src=\"http:\/\/www.infokuryr.cz\/n\/wp-content\/uploads\/2021\/04\/kuryr-podpis.png\" alt=\"\" width=\"84\" height=\"24\" \/><\/p>\n<p>&nbsp;<\/p>\n","protected":false},"excerpt":{"rendered":"<p>Podle zpravodajsk\u00fdch \u00fadaj\u016f, kter\u00e9 se objevily na internetu, je ji\u017e n\u011bjakou dobu pozorov\u00e1n (zaznamen\u00e1v\u00e1n) n\u00e1r\u016fst&#8230;<\/p>\n","protected":false},"author":2,"featured_media":58285,"comment_status":"closed","ping_status":"closed","sticky":false,"template":"","format":"standard","meta":[],"categories":[7],"tags":[2111,26,1870],"_links":{"self":[{"href":"https:\/\/www.infokuryr.cz\/n\/wp-json\/wp\/v2\/posts\/58284"}],"collection":[{"href":"https:\/\/www.infokuryr.cz\/n\/wp-json\/wp\/v2\/posts"}],"about":[{"href":"https:\/\/www.infokuryr.cz\/n\/wp-json\/wp\/v2\/types\/post"}],"author":[{"embeddable":true,"href":"https:\/\/www.infokuryr.cz\/n\/wp-json\/wp\/v2\/users\/2"}],"replies":[{"embeddable":true,"href":"https:\/\/www.infokuryr.cz\/n\/wp-json\/wp\/v2\/comments?post=58284"}],"version-history":[{"count":0,"href":"https:\/\/www.infokuryr.cz\/n\/wp-json\/wp\/v2\/posts\/58284\/revisions"}],"wp:featuredmedia":[{"embeddable":true,"href":"https:\/\/www.infokuryr.cz\/n\/wp-json\/wp\/v2\/media\/58285"}],"wp:attachment":[{"href":"https:\/\/www.infokuryr.cz\/n\/wp-json\/wp\/v2\/media?parent=58284"}],"wp:term":[{"taxonomy":"category","embeddable":true,"href":"https:\/\/www.infokuryr.cz\/n\/wp-json\/wp\/v2\/categories?post=58284"},{"taxonomy":"post_tag","embeddable":true,"href":"https:\/\/www.infokuryr.cz\/n\/wp-json\/wp\/v2\/tags?post=58284"}],"curies":[{"name":"wp","href":"https:\/\/api.w.org\/{rel}","templated":true}]}}