{"id":58282,"date":"2024-07-22T00:46:49","date_gmt":"2024-07-21T22:46:49","guid":{"rendered":"https:\/\/www.infokuryr.cz\/n\/?p=58282"},"modified":"2024-07-21T17:13:32","modified_gmt":"2024-07-21T15:13:32","slug":"nemecko-se-pripravuje-na-prijeti-800-000-vojaku-nato-aby-celili-ruske-hrozbe-ve-vychodni-evrope","status":"publish","type":"post","link":"https:\/\/www.infokuryr.cz\/n\/2024\/07\/22\/nemecko-se-pripravuje-na-prijeti-800-000-vojaku-nato-aby-celili-ruske-hrozbe-ve-vychodni-evrope\/","title":{"rendered":"N\u011bmecko se p\u0159ipravuje na p\u0159ijet\u00ed 800 000 voj\u00e1k\u016f NATO, aby \u010delili \u201erusk\u00e9 hrozb\u011b\u201c ve v\u00fdchodn\u00ed Evrop\u011b"},"content":{"rendered":"<div id=\"fb-root\"><\/div>\n<p><strong>N\u011bmeck\u00fd list Der Spiegel odhaluje, \u017ee \u201eN\u011bmecko tajn\u011b p\u0159ipravuje gigantick\u00e9 logistick\u00e9 \u00fasil\u00ed, jeho\u017e c\u00edlem je umo\u017enit b\u011bhem n\u011bkolika m\u011bs\u00edc\u016f pr\u016fchod 800 000 voj\u00e1k\u016f NATO na sv\u00e9m \u00fazem\u00ed na jejich cest\u011b k obran\u011b v\u00fdchodn\u00ed Evropy proti Rusku.<\/strong><\/p>\n<p><span>Od zah\u00e1jen\u00ed rusk\u00e9 vojensk\u00e9 ofenz\u00edvy na Ukrajin\u011b v \u00fanoru 2022 z\u00e1padn\u00ed zem\u011b \u0159\u00edkaly, \u017ee se ob\u00e1vaj\u00ed \u00fatoku z Ruska&#8230; Jak\u00fd by to m\u011blo smysl? Nev\u00edme, ale N\u011bmecko vyvinulo pohotovostn\u00ed pl\u00e1ny, jak se s touto (fantomovou) hrozbou vypo\u0159\u00e1dat.<\/span><\/p>\n<div class=\"twitter-tweet twitter-tweet-rendered\"><iframe id=\"twitter-widget-0\" class=\"\" title=\"X Post\" src=\"https:\/\/platform.twitter.com\/embed\/Tweet.html?creatorScreenName=LeMediaEn442&amp;dnt=false&amp;embedId=twitter-widget-0&amp;features=eyJ0ZndfdGltZWxpbmVfbGlzdCI6eyJidWNrZXQiOltdLCJ2ZXJzaW9uIjpudWxsfSwidGZ3X2ZvbGxvd2VyX2NvdW50X3N1bnNldCI6eyJidWNrZXQiOnRydWUsInZlcnNpb24iOm51bGx9LCJ0ZndfdHdlZXRfZWRpdF9iYWNrZW5kIjp7ImJ1Y2tldCI6Im9uIiwidmVyc2lvbiI6bnVsbH0sInRmd19yZWZzcmNfc2Vzc2lvbiI6eyJidWNrZXQiOiJvbiIsInZlcnNpb24iOm51bGx9LCJ0ZndfZm9zbnJfc29mdF9pbnRlcnZlbnRpb25zX2VuYWJsZWQiOnsiYnVja2V0Ijoib24iLCJ2ZXJzaW9uIjpudWxsfSwidGZ3X21peGVkX21lZGlhXzE1ODk3Ijp7ImJ1Y2tldCI6InRyZWF0bWVudCIsInZlcnNpb24iOm51bGx9LCJ0ZndfZXhwZXJpbWVudHNfY29va2llX2V4cGlyYXRpb24iOnsiYnVja2V0IjoxMjA5NjAwLCJ2ZXJzaW9uIjpudWxsfSwidGZ3X3Nob3dfYmlyZHdhdGNoX3Bpdm90c19lbmFibGVkIjp7ImJ1Y2tldCI6Im9uIiwidmVyc2lvbiI6bnVsbH0sInRmd19kdXBsaWNhdGVfc2NyaWJlc190b19zZXR0aW5ncyI6eyJidWNrZXQiOiJvbiIsInZlcnNpb24iOm51bGx9LCJ0ZndfdXNlX3Byb2ZpbGVfaW1hZ2Vfc2hhcGVfZW5hYmxlZCI6eyJidWNrZXQiOiJvbiIsInZlcnNpb24iOm51bGx9LCJ0ZndfdmlkZW9faGxzX2R5bmFtaWNfbWFuaWZlc3RzXzE1MDgyIjp7ImJ1Y2tldCI6InRydWVfYml0cmF0ZSIsInZlcnNpb24iOm51bGx9LCJ0ZndfbGVnYWN5X3RpbWVsaW5lX3N1bnNldCI6eyJidWNrZXQiOnRydWUsInZlcnNpb24iOm51bGx9LCJ0ZndfdHdlZXRfZWRpdF9mcm9udGVuZCI6eyJidWNrZXQiOiJvbiIsInZlcnNpb24iOm51bGx9fQ%3D%3D&amp;frame=false&amp;hideCard=false&amp;hideThread=false&amp;id=1813622282461307361&amp;lang=cs&amp;origin=https%3A%2F%2Flemediaen442.fr%2Flallemagne-se-prepare-a-accueillir-800-000-soldats-de-lotan-pour-contrer-la-menace-russe-en-europe-de-lest%2F&amp;sessionId=e33674a5e1d4f3e97046daa52817d475a955eb65&amp;siteScreenName=LeMediaEn442&amp;theme=light&amp;widgetsVersion=2615f7e52b7e0%3A1702314776716&amp;width=550px\" frameborder=\"0\" scrolling=\"no\" allowfullscreen=\"allowfullscreen\" data-tweet-id=\"1813622282461307361\" data-mce-fragment=\"1\"><\/iframe><\/div>\n<p><span>Tyto pl\u00e1ny, naz\u00fdvan\u00e9 \u201en\u011bmeck\u00fd opera\u010dn\u00ed pl\u00e1n\u201c (OPLAN DEU), jsou neust\u00e1le aktualizov\u00e1ny pod odpov\u011bdnost\u00ed Velitelstv\u00ed dom\u00e1c\u00ed obrany Bundeswehru.<\/span><\/p>\n<p><span>OPLAN DEU podle Berl\u00edna definuje po\u017eadavky, kter\u00e9 mus\u00ed Bundeswehr a dal\u0161\u00ed st\u00e1tn\u00ed a civiln\u00ed subjekty v ot\u00e1zk\u00e1ch obrany spl\u0148ovat. Hlavn\u00edm posl\u00e1n\u00edm N\u011bmecka je zajistit rozm\u00edst\u011bn\u00ed a z\u00e1sobov\u00e1n\u00ed spojeneck\u00fdch a n\u011bmeck\u00fdch sil, zejm\u00e9na prost\u0159ednictv\u00edm podpory hostitelsk\u00e9 zem\u011b jako sou\u010d\u00e1sti celkov\u00e9 vl\u00e1dn\u00ed mise.<\/span><\/p>\n<p><strong><span>Mluv\u010d\u00ed velen\u00ed up\u0159esnil, \u017ee v pl\u00e1nech NATO by statis\u00edce voj\u00e1k\u016f m\u011bly t\u011b\u017eit z d\u016fsledn\u00e9 logistick\u00e9 a l\u00e9ka\u0159sk\u00e9 p\u00e9\u010de. N\u011bmeck\u00e9 p\u0159\u00edstavy by byly zv\u00fdhodn\u011bny pro p\u0159\u00edjem vojensk\u00e9ho materi\u00e1lu p\u0159ed jeho odesl\u00e1n\u00edm na frontu, kter\u00e1 se nach\u00e1z\u00ed d\u00e1le na v\u00fdchod.<\/span><\/strong><span>\u00a0Pro optimalizaci t\u00e9to dopravy N\u011bmecko zva\u017euje r\u016fzn\u00e9 mo\u017enosti, jako je d\u00e1lnice A2, kter\u00e1 se t\u00e1hne v\u00edce ne\u017e 480 kilometr\u016f od z\u00e1padu zem\u011b k Berl\u00ednu a polsk\u00fdm hranic\u00edm.<\/span><\/p>\n<p><strong><span>Odhalen\u00ed p\u0159ich\u00e1z\u00ed kr\u00e1tce pot\u00e9, co zpr\u00e1va nazna\u010dovala, \u017ee N\u011bmecko se p\u0159ipravuje na hostov\u00e1n\u00ed t\u00e9m\u011b\u0159 800 000 voj\u00e1k\u016f NATO a 200 000 vozidel na sv\u00e9m \u00fazem\u00ed v p\u0159\u00edpad\u011b eskalace konfliktu s Ruskem.<\/span><\/strong><span>\u00a0Mluv\u010d\u00ed v\u0161ak dal jasn\u011b najevo, \u017ee pl\u00e1nov\u00e1n\u00ed se neomezuje na jedinou d\u00e1lnici, ale zahrnuje i mnoho dal\u0161\u00edch feder\u00e1ln\u00edch silnic.<\/span><\/p>\n<p><img decoding=\"async\" loading=\"lazy\" class=\"alignnone size-full wp-image-1185\" src=\"http:\/\/www.infokuryr.cz\/n\/wp-content\/uploads\/2021\/04\/kuryr-podpis.png\" alt=\"\" width=\"84\" height=\"24\" \/><\/p>\n<p>&nbsp;<\/p>\n","protected":false},"excerpt":{"rendered":"<p>N\u011bmeck\u00fd list Der Spiegel odhaluje, \u017ee \u201eN\u011bmecko tajn\u011b p\u0159ipravuje gigantick\u00e9 logistick\u00e9 \u00fasil\u00ed, jeho\u017e c\u00edlem je&#8230;<\/p>\n","protected":false},"author":2,"featured_media":58283,"comment_status":"closed","ping_status":"closed","sticky":false,"template":"","format":"standard","meta":[],"categories":[7],"tags":[80,39,84,3769,40],"_links":{"self":[{"href":"https:\/\/www.infokuryr.cz\/n\/wp-json\/wp\/v2\/posts\/58282"}],"collection":[{"href":"https:\/\/www.infokuryr.cz\/n\/wp-json\/wp\/v2\/posts"}],"about":[{"href":"https:\/\/www.infokuryr.cz\/n\/wp-json\/wp\/v2\/types\/post"}],"author":[{"embeddable":true,"href":"https:\/\/www.infokuryr.cz\/n\/wp-json\/wp\/v2\/users\/2"}],"replies":[{"embeddable":true,"href":"https:\/\/www.infokuryr.cz\/n\/wp-json\/wp\/v2\/comments?post=58282"}],"version-history":[{"count":0,"href":"https:\/\/www.infokuryr.cz\/n\/wp-json\/wp\/v2\/posts\/58282\/revisions"}],"wp:featuredmedia":[{"embeddable":true,"href":"https:\/\/www.infokuryr.cz\/n\/wp-json\/wp\/v2\/media\/58283"}],"wp:attachment":[{"href":"https:\/\/www.infokuryr.cz\/n\/wp-json\/wp\/v2\/media?parent=58282"}],"wp:term":[{"taxonomy":"category","embeddable":true,"href":"https:\/\/www.infokuryr.cz\/n\/wp-json\/wp\/v2\/categories?post=58282"},{"taxonomy":"post_tag","embeddable":true,"href":"https:\/\/www.infokuryr.cz\/n\/wp-json\/wp\/v2\/tags?post=58282"}],"curies":[{"name":"wp","href":"https:\/\/api.w.org\/{rel}","templated":true}]}}