{"id":5828,"date":"2021-11-01T03:05:26","date_gmt":"2021-11-01T02:05:26","guid":{"rendered":"http:\/\/www.infokuryr.cz\/n\/?p=5828"},"modified":"2021-11-01T03:05:26","modified_gmt":"2021-11-01T02:05:26","slug":"slouzi-to-tomu-co-u-nas-jeste-zbylo-po-demokracii-pane-redaktore-rosi-z-ct","status":"publish","type":"post","link":"https:\/\/www.infokuryr.cz\/n\/2021\/11\/01\/slouzi-to-tomu-co-u-nas-jeste-zbylo-po-demokracii-pane-redaktore-rosi-z-ct\/","title":{"rendered":"Slou\u017e\u00ed to tomu, co u n\u00e1s je\u0161t\u011b zbylo po demokracii, pane redaktore Ros\u00ed z \u010cT"},"content":{"rendered":"<div id=\"fb-root\"><\/div>\n<p>Je p\u0159esn\u011b dev\u011bt hodin v sobotu ve\u010der a na \u010cT 24 pr\u00e1v\u011b zn\u00ed upout\u00e1vka na ve\u010dern\u00ed program pro n\u00e1sleduj\u00edc\u00ed, to je ned\u011bln\u00ed ve\u010der, kter\u00fdm bude po\u0159ad Newsroom. Upout\u00e1vku p\u0159edn\u00e1\u0161\u00ed s\u00e1m vedouc\u00ed tohoto po\u0159adu redaktor Ros\u00ed s t\u00edm, \u017ee na p\u0159et\u0159esu bude \u00faloha tzv.alternativn\u00edch web\u016f, kter\u00e9 pr\u00fd do na\u0161eho politick\u00e9ho \u017eivota zan\u00e1\u0161ej\u00ed roztodivn\u00e9 n\u00e1zory a informace, vzbuzuj\u00edc\u00ed ot\u00e1zku, \u010demu \u017ee pr\u00fd tohle asi slou\u017e\u00ed.<\/p>\n<p>Poslouchal jsem Ros\u00edho slova jen na p\u016fl ucha, ale slova posledn\u00ed jako by m\u011b ude\u0159ila do \u010dela. Pt\u00e1te se, \u010demu \u017ee to slou\u017e\u00ed, pane redaktore, ozvalo se ve mn\u011b, jako by Ros\u00edho ot\u00e1zka padla p\u0159\u00edmo do m\u00e9ho rozbou\u0159en\u00e9ho nitra. Slou\u017e\u00ed to tomu, pane Ros\u00ed, abychom aspo\u0148 tro\u0161ku vypadali jako demokratick\u00e1 zem\u011b, kter\u00e1, kdy\u017e u\u017e v\u016f\u010di panuj\u00edc\u00edmu dom\u00e1c\u00edmu re\u017eimu nem\u00e1 \u017e\u00e1dn\u00e9 ofici\u00e1ln\u00ed noviny, \u017e\u00e1dn\u00fd rozhlas, \u017e\u00e1dnou televizi a \u017e\u00e1dn\u00fd film a nese tud\u00ed\u017e t\u00e9m\u011b\u0159 v\u0161echny znaky zem\u011b totalitn\u00ed a nikoli demokratick\u00e9, m\u00e1 &#8211; zat\u00edm &#8211; aspo\u0148 p\u00e1r chud\u00fdch internetov\u00fdch web\u016f, kter\u00e9 jej\u00ed pov\u011bst zem\u011b demokratick\u00e9 p\u0159ece jen dr\u017e\u00ed t\u011bsn\u011b nad vodou. Proto\u017ee jen v t\u011bch webech (a u\u017e t\u00e9m\u011b\u0159 nikde jinde), usly\u0161\u00edte t\u00e9\u017e n\u011bco jin\u00e9ho, ne\u017e \u017ee Rusko\u00a0 je hrozba, \u017ee v\u00fdbuch ve Vrb\u011btic\u00edch sp\u00edskali ti, kte\u0159\u00ed cht\u011bli v Anglii otr\u00e1vit Skripala i s jeho dcerou, \u017ee na \u0161kol\u00e1ch mus\u00ed b\u00fdt my\u0161lenka v\u0161eslovansk\u00e1 zakop\u00e1na t\u0159i metry pod zem, \u017ee Praha se osvobodila sama a proto je v po\u0159\u00e1dku, \u017ee jsme v Praze strhli k zemi sochu mar\u0161\u00e1la Kon\u011bva, \u017ee v Sudetech trp\u011bli nikoli \u010ce\u0161i, ale N\u011bmci, \u017ee v Rusku vl\u00e1dne \u010f\u00e1bel a jen na Z\u00e1pad\u011b se nad zem\u00ed se vzn\u00e1\u0161ej\u00ed and\u011bl\u00e9, \u017ee u K\u00e1bulu br\u00e1n\u00edme Prahu, \u017ee bez EU bychom nebyli schopni \u017eivota ba mo\u017en\u00e1 ani ne \u017eivo\u0159en\u00ed, \u017ee mus\u00edme za nek\u0159es\u0165ansk\u00e9 pen\u00edze koupit americk\u00e9 helikopt\u00e9ry, jinak zhynem, \u017ee Bo\u017eena N\u011bmcov\u00e1 byla v\u00edcem\u00e9n\u011b d\u011bvka, kter\u00e1 d\u00e1vala na ulici, \u017ee na\u0161e z\u00e1kony mus\u00ed b\u00fdt pod\u0159\u00edzeny z\u00e1kon\u016fm stanoven\u00fdm EU, \u017ee atomovou elektr\u00e1rnu v Dukovanech mus\u00ed dostav\u011bt firma z\u00e1padn\u00ed, i kdy\u017e to bude mo\u017en\u00e1 mnohon\u00e1sobn\u011b dra\u017e\u0161\u00ed, ne\u017e kdyby ji dostav\u011bl Rosatom, a \u017ee je v\u00edc a \u010destn\u011bj\u0161\u00ed b\u00fdt Evropanem ne\u017e b\u00fdt \u010cechem.<\/p>\n<p>Tak\u017ee aby tohle v\u0161e shora uveden\u00e9 nebylo to jedin\u00e9, co pronikne do du\u0161e na\u0161eho \u010dlov\u011bka, slou\u017e\u00ed\u00a0 weby, proti kter\u00fdm dnes zvednete sv\u016fj hlas, pane redaktore. Aby ho aspo\u0148 na chv\u00edli ovl\u00e1dl pocit, \u017ee \u017eije v norm\u00e1ln\u00ed zemi a mezi norm\u00e1ln\u00edmi lidmi, a nikoli \u017ee \u017eije v bl\u00e1zinci. Aby v n\u011bm aspo\u0148 jako vzpom\u00ednka na na\u0161e lep\u0161\u00ed \u010dasy z\u016fstala slova prezidenta Masaryka o tom, \u017ee demokracie je diskuze, a \u017ee bez diskuze se demokracie tud\u00ed\u017e neobejde, proto\u017ee jedin\u011b z diskuze, a to i t\u011bch nejprotich\u016fdn\u011bj\u0161\u00edch n\u00e1zor\u016f, m\u016f\u017ee vzej\u00edt spr\u00e1vn\u00e9 \u0159e\u0161en\u00ed. A t\u00e9\u017e aby v oblaku l\u017e\u00ed a nesmysl\u016f m\u011bl \u010cech mo\u017enost nadechnout se dou\u0161ky zdrav\u00e9ho vzduchu, a v oce\u00e1nu d\u0159\u00edve netu\u0161en\u00fdch stupidit m\u011bl \u0161anci nap\u00edt se tro\u0161ky zdrav\u00e9 pitn\u00e9 vody.<\/p>\n<p>Lubom\u00edr Man<\/p>\n<p><img decoding=\"async\" loading=\"lazy\" class=\"alignnone size-full wp-image-860\" src=\"http:\/\/www.infokuryr.cz\/n\/wp-content\/uploads\/2021\/04\/lub_man.jpg\" alt=\"\" width=\"143\" height=\"200\" \/><\/p>\n<p>&nbsp;<\/p>\n<p>&nbsp;<\/p>\n","protected":false},"excerpt":{"rendered":"<p>Je p\u0159esn\u011b dev\u011bt hodin v sobotu ve\u010der a na \u010cT 24 pr\u00e1v\u011b zn\u00ed upout\u00e1vka na&#8230;<\/p>\n","protected":false},"author":2,"featured_media":1886,"comment_status":"closed","ping_status":"closed","sticky":false,"template":"","format":"standard","meta":[],"categories":[6],"tags":[47,29],"_links":{"self":[{"href":"https:\/\/www.infokuryr.cz\/n\/wp-json\/wp\/v2\/posts\/5828"}],"collection":[{"href":"https:\/\/www.infokuryr.cz\/n\/wp-json\/wp\/v2\/posts"}],"about":[{"href":"https:\/\/www.infokuryr.cz\/n\/wp-json\/wp\/v2\/types\/post"}],"author":[{"embeddable":true,"href":"https:\/\/www.infokuryr.cz\/n\/wp-json\/wp\/v2\/users\/2"}],"replies":[{"embeddable":true,"href":"https:\/\/www.infokuryr.cz\/n\/wp-json\/wp\/v2\/comments?post=5828"}],"version-history":[{"count":0,"href":"https:\/\/www.infokuryr.cz\/n\/wp-json\/wp\/v2\/posts\/5828\/revisions"}],"wp:featuredmedia":[{"embeddable":true,"href":"https:\/\/www.infokuryr.cz\/n\/wp-json\/wp\/v2\/media\/1886"}],"wp:attachment":[{"href":"https:\/\/www.infokuryr.cz\/n\/wp-json\/wp\/v2\/media?parent=5828"}],"wp:term":[{"taxonomy":"category","embeddable":true,"href":"https:\/\/www.infokuryr.cz\/n\/wp-json\/wp\/v2\/categories?post=5828"},{"taxonomy":"post_tag","embeddable":true,"href":"https:\/\/www.infokuryr.cz\/n\/wp-json\/wp\/v2\/tags?post=5828"}],"curies":[{"name":"wp","href":"https:\/\/api.w.org\/{rel}","templated":true}]}}