{"id":58267,"date":"2024-07-22T00:41:56","date_gmt":"2024-07-21T22:41:56","guid":{"rendered":"https:\/\/www.infokuryr.cz\/n\/?p=58267"},"modified":"2024-07-21T16:16:46","modified_gmt":"2024-07-21T14:16:46","slug":"americka-tajna-sluzba-odmitla-trumpovi-dodatecnou-ochranu","status":"publish","type":"post","link":"https:\/\/www.infokuryr.cz\/n\/2024\/07\/22\/americka-tajna-sluzba-odmitla-trumpovi-dodatecnou-ochranu\/","title":{"rendered":"Americk\u00e1 tajn\u00e1 slu\u017eba odm\u00edtla Trumpovi dodate\u010dnou ochranu"},"content":{"rendered":"<div id=\"fb-root\"><\/div>\n<p><span style=\"font-size: 18pt;\"><strong>Republik\u00e1nsk\u00fd prezidentsk\u00fd kandid\u00e1t se jen o vl\u00e1sek vyhnul smrti, kdy\u017e na n\u011bj minulou sobotu b\u011bhem p\u0159edvolebn\u00edho shrom\u00e1\u017ed\u011bn\u00ed st\u0159\u00edlel potenci\u00e1ln\u00ed vrah<\/strong><\/span><\/p>\n<p><span>Americk\u00e1 tajn\u00e1 slu\u017eba p\u0159iznala, \u017ee opakovan\u011b odep\u0159ela republik\u00e1nsk\u00e9mu l\u00eddrovi a b\u00fdval\u00e9mu prezidentovi Donaldu Trumpovi dodate\u010dnou ochranu od jeho odchodu z \u00fa\u0159adu, uvedl New York Times s odvol\u00e1n\u00edm na hlavn\u00edho mluv\u010d\u00edho agentury. \u00da\u0159edn\u00edk \u00fadajn\u011b p\u0159i\u010d\u00edtal \u00fadajn\u00e9 selh\u00e1n\u00ed zabezpe\u010den\u00ed p\u0159et\u00ed\u017een\u00ed slu\u017eby.<\/span><\/p>\n<p><span>Trump se jen o vl\u00e1sek vyhnul smrti na p\u0159edvolebn\u00edm shrom\u00e1\u017ed\u011bn\u00ed v Butleru v Pensylv\u00e1nii 13. \u010dervence, kdy\u017e mu kulka p\u0159\u00edpadn\u00e9ho atent\u00e1tn\u00edka p\u0159i\u0159\u00edzla ucho, kdy\u017e mu prosvi\u0161t\u011bla \u200b\u200bkolem hlavy. Dvacetilet\u00fd Thomas Matthew Crooks, kter\u00fd st\u0159\u00edlel ze st\u0159echy asi 500 stop (150 metr\u016f) od p\u00f3dia, zabil jednoho div\u00e1ka na shrom\u00e1\u017ed\u011bn\u00ed a dva dal\u0161\u00ed zranil, ne\u017e byl zast\u0159elen ost\u0159elova\u010di tajn\u00fdch slu\u017eeb.<\/span><\/p>\n<p><span>Ve sv\u00e9m sobotn\u00edm \u010dl\u00e1nku New York Times citoval \u0161\u00e9fa komunikace americk\u00e9 tajn\u00e9 slu\u017eby Anthonyho Guglielmiho, kter\u00fd p\u0159iznal, \u017ee agentura v posledn\u00edch n\u011bkolika letech odm\u00edtla n\u011bkolik \u017e\u00e1dost\u00ed o dal\u0161\u00ed feder\u00e1ln\u00ed bezpe\u010dnostn\u00ed prost\u0159edky, o kter\u00e9 Trump\u016fv detail hledal. Jej\u00ed z\u00e1stupce \u00fadajn\u011b pouk\u00e1zal na to, \u017ee p\u0159edm\u011btn\u00e9 \u017e\u00e1dosti se net\u00fdkaly p\u0159\u00edmo shrom\u00e1\u017ed\u011bn\u00ed v Butleru.<\/span><\/p>\n<p><span>NYT tak\u00e9 citoval nejmenovan\u00e9ho zam\u011bstnance Trumpovy kampan\u011b, kter\u00fd potvrdil, \u017ee nebyl dostate\u010dn\u00fd po\u010det detektor\u016f kov\u016f a \u017ee na m\u00edstech chyb\u011bli speci\u00e1ln\u011b vycvi\u010den\u00ed psi, a dodal, \u017ee je to b\u011b\u017en\u00fd probl\u00e9m, kter\u00e9mu \u010del\u00ed p\u0159edn\u00ed v\u00edt\u011bz GOP.<\/span><\/p>\n<p><span>Podle m\u00e9dia Guglielmi v prohl\u00e1\u0161en\u00ed vysv\u011btlil, \u017ee feder\u00e1ln\u00ed agentura je omezena mno\u017estv\u00edm zdroj\u016f, kter\u00e9 m\u016f\u017ee na akce poslat. V n\u011bkter\u00fdch p\u0159\u00edpadech je nucena vyu\u017e\u00edvat\u00a0<\/span><em><span>\u201est\u00e1tn\u00ed nebo m\u00edstn\u00ed partnery k zaji\u0161t\u011bn\u00ed specializovan\u00fdch funkc\u00ed,\u201c<\/span><\/em><span>\u00a0uvedla pr\u00fd mluv\u010d\u00ed.<\/span><\/p>\n<p><span>Agenti tajn\u00fdch slu\u017eeb maj\u00ed v sou\u010dasnosti za \u00fakol chr\u00e1nit \u00fa\u0159aduj\u00edc\u00edho prezidenta a viceprezidenta, stejn\u011b jako b\u00fdval\u00e9 prezidenty, \u00fa\u0159edn\u00edky v n\u00e1stupnick\u00e9 linii a hlavn\u00ed kandid\u00e1ty na prezidenta a viceprezidenta spolu s jejich nejbli\u017e\u0161\u00edmi rodinami.<\/span><\/p>\n<p><span>The Times poznamenal, \u017ee minulou ned\u011bli Guglielmi trval na tom, \u017ee\u00a0<\/span><em><span>\u201eexistuje nepravdiv\u00e9 tvrzen\u00ed, \u017ee \u010dlen t\u00fdmu b\u00fdval\u00e9ho prezidenta po\u017eadoval dodate\u010dn\u00e9 zdroje a ty byly odm\u00edtnuty\u201c.<\/span><\/em><\/p>\n<p><span>\u0158ada republik\u00e1nsk\u00fdch z\u00e1konod\u00e1rc\u016f vznesla ot\u00e1zky ohledn\u011b v\u00fdkonu agentury, n\u011bkte\u0159\u00ed dokonce vyzvali jej\u00ed \u0159editelku Kimberly Cheatleovou, aby odstoupila.<\/span><\/p>\n<p><span>Za\u010d\u00e1tkem tohoto t\u00fddne vydal kontroln\u00ed v\u00fdbor Sn\u011bmovny reprezentant\u016f republik\u00e1nsk\u00e9 strany p\u0159edvol\u00e1n\u00ed, kter\u00fdm \u00fa\u0159edn\u00edka p\u0159im\u011bl, aby v pond\u011bl\u00ed sv\u011bd\u010dil na Capitol Hill.<\/span><\/p>\n<p><span>Cheatle vysv\u011btlil nep\u0159\u00edtomnost odst\u0159elova\u010d\u016f tajn\u00fdch slu\u017eeb na st\u0159e\u0161e, kde st\u0159elec zaujal pozici, a \u0159ekl v \u00fater\u00fd ABC News, \u017ee\u00a0<\/span><em><span>\u201enecht\u011bli bychom n\u011bkoho postavit na \u0161ikmou st\u0159echu\u201c.<\/span><\/em><span>\u00a0Trvala na tom, \u017ee budova byla zabezpe\u010dena\u00a0<\/span><em><span>\u201ezevnit\u0159\u201c.<\/span><\/em><\/p>\n<p><span>Jej\u00ed argumentace v\u0161ak nedok\u00e1zala p\u0159esv\u011bd\u010dit republik\u00e1nsk\u00e9 z\u00e1konod\u00e1rce ani bezpe\u010dnostn\u00ed experty.<\/span><\/p>\n<p><img decoding=\"async\" loading=\"lazy\" class=\"alignnone size-full wp-image-1185\" src=\"http:\/\/www.infokuryr.cz\/n\/wp-content\/uploads\/2021\/04\/kuryr-podpis.png\" alt=\"\" width=\"84\" height=\"24\" \/><\/p>\n<p>&nbsp;<\/p>\n","protected":false},"excerpt":{"rendered":"<p>Republik\u00e1nsk\u00fd prezidentsk\u00fd kandid\u00e1t se jen o vl\u00e1sek vyhnul smrti, kdy\u017e na n\u011bj minulou sobotu b\u011bhem&#8230;<\/p>\n","protected":false},"author":2,"featured_media":58268,"comment_status":"closed","ping_status":"closed","sticky":false,"template":"","format":"standard","meta":[],"categories":[7],"tags":[637,4304,452,37],"_links":{"self":[{"href":"https:\/\/www.infokuryr.cz\/n\/wp-json\/wp\/v2\/posts\/58267"}],"collection":[{"href":"https:\/\/www.infokuryr.cz\/n\/wp-json\/wp\/v2\/posts"}],"about":[{"href":"https:\/\/www.infokuryr.cz\/n\/wp-json\/wp\/v2\/types\/post"}],"author":[{"embeddable":true,"href":"https:\/\/www.infokuryr.cz\/n\/wp-json\/wp\/v2\/users\/2"}],"replies":[{"embeddable":true,"href":"https:\/\/www.infokuryr.cz\/n\/wp-json\/wp\/v2\/comments?post=58267"}],"version-history":[{"count":0,"href":"https:\/\/www.infokuryr.cz\/n\/wp-json\/wp\/v2\/posts\/58267\/revisions"}],"wp:featuredmedia":[{"embeddable":true,"href":"https:\/\/www.infokuryr.cz\/n\/wp-json\/wp\/v2\/media\/58268"}],"wp:attachment":[{"href":"https:\/\/www.infokuryr.cz\/n\/wp-json\/wp\/v2\/media?parent=58267"}],"wp:term":[{"taxonomy":"category","embeddable":true,"href":"https:\/\/www.infokuryr.cz\/n\/wp-json\/wp\/v2\/categories?post=58267"},{"taxonomy":"post_tag","embeddable":true,"href":"https:\/\/www.infokuryr.cz\/n\/wp-json\/wp\/v2\/tags?post=58267"}],"curies":[{"name":"wp","href":"https:\/\/api.w.org\/{rel}","templated":true}]}}