{"id":5818,"date":"2021-10-31T05:15:13","date_gmt":"2021-10-31T04:15:13","guid":{"rendered":"http:\/\/www.infokuryr.cz\/n\/?p=5818"},"modified":"2021-10-31T05:15:13","modified_gmt":"2021-10-31T04:15:13","slug":"setkani-s-mudr-sonou-pekovou-ph-d-a-prof-mudr-janem-zaloudikem-csc","status":"publish","type":"post","link":"https:\/\/www.infokuryr.cz\/n\/2021\/10\/31\/setkani-s-mudr-sonou-pekovou-ph-d-a-prof-mudr-janem-zaloudikem-csc\/","title":{"rendered":"Setk\u00e1n\u00ed s MUDr. Son\u030cou Pekovou, Ph.D. a Prof. MUDr. Janem \u017daloud\u00edkem, CSc."},"content":{"rendered":"<div id=\"fb-root\"><\/div>\n<p><strong>Sest\u0159ih podstatn\u00fdch informac\u00ed k situaci ohledn\u011b \u201epandemie\u201c v d\u00e9lce 00:50:56.<\/strong><\/p>\n<p>&nbsp;<\/p>\n<div class='videoWrapper'>\r\n\t            <iframe src='https:\/\/rumble.com\/embed\/pj.vksav9\/' frameborder='0' allowfullscreen><\/iframe>\r\n\t        <\/div>\n<p>&nbsp;<\/p>\n<p><strong>P\u016fvodn\u00ed z\u00e1znam v d\u00e9lce 03:01:27 naleznete zde:<\/strong><\/p>\n<p>&nbsp;<\/p>\n<div class='videoWrapper'>\r\n\t            <iframe src='https:\/\/rumble.com\/embed\/pj.vknwg7\/' frameborder='0' allowfullscreen><\/iframe>\r\n\t        <\/div>\n<p>&nbsp;<\/p>\n<p><img decoding=\"async\" loading=\"lazy\" class=\"alignnone size-full wp-image-1185\" src=\"http:\/\/www.infokuryr.cz\/n\/wp-content\/uploads\/2021\/04\/kuryr-podpis.png\" alt=\"\" width=\"84\" height=\"24\" \/><\/p>\n<p>&nbsp;<\/p>\n","protected":false},"excerpt":{"rendered":"<p>Sest\u0159ih podstatn\u00fdch informac\u00ed k situaci ohledn\u011b \u201epandemie\u201c v d\u00e9lce 00:50:56. &nbsp; &nbsp; P\u016fvodn\u00ed z\u00e1znam v&#8230;<\/p>\n","protected":false},"author":2,"featured_media":3215,"comment_status":"closed","ping_status":"closed","sticky":false,"template":"","format":"standard","meta":[],"categories":[6],"tags":[23,845,1052],"_links":{"self":[{"href":"https:\/\/www.infokuryr.cz\/n\/wp-json\/wp\/v2\/posts\/5818"}],"collection":[{"href":"https:\/\/www.infokuryr.cz\/n\/wp-json\/wp\/v2\/posts"}],"about":[{"href":"https:\/\/www.infokuryr.cz\/n\/wp-json\/wp\/v2\/types\/post"}],"author":[{"embeddable":true,"href":"https:\/\/www.infokuryr.cz\/n\/wp-json\/wp\/v2\/users\/2"}],"replies":[{"embeddable":true,"href":"https:\/\/www.infokuryr.cz\/n\/wp-json\/wp\/v2\/comments?post=5818"}],"version-history":[{"count":0,"href":"https:\/\/www.infokuryr.cz\/n\/wp-json\/wp\/v2\/posts\/5818\/revisions"}],"wp:featuredmedia":[{"embeddable":true,"href":"https:\/\/www.infokuryr.cz\/n\/wp-json\/wp\/v2\/media\/3215"}],"wp:attachment":[{"href":"https:\/\/www.infokuryr.cz\/n\/wp-json\/wp\/v2\/media?parent=5818"}],"wp:term":[{"taxonomy":"category","embeddable":true,"href":"https:\/\/www.infokuryr.cz\/n\/wp-json\/wp\/v2\/categories?post=5818"},{"taxonomy":"post_tag","embeddable":true,"href":"https:\/\/www.infokuryr.cz\/n\/wp-json\/wp\/v2\/tags?post=5818"}],"curies":[{"name":"wp","href":"https:\/\/api.w.org\/{rel}","templated":true}]}}