{"id":5817,"date":"2021-10-31T05:10:53","date_gmt":"2021-10-31T04:10:53","guid":{"rendered":"http:\/\/www.infokuryr.cz\/n\/?p=5817"},"modified":"2021-10-31T05:10:53","modified_gmt":"2021-10-31T04:10:53","slug":"ministr-zdravotnictvi-pujde-zpivat-pred-soud","status":"publish","type":"post","link":"https:\/\/www.infokuryr.cz\/n\/2021\/10\/31\/ministr-zdravotnictvi-pujde-zpivat-pred-soud\/","title":{"rendered":"Ministr zdravotnictv\u00ed p\u016fjde &#8222;zp\u00edvat&#8220; p\u0159ed soud!"},"content":{"rendered":"<div id=\"fb-root\"><\/div>\n<p><strong><em>P\u0159\u00e1tel\u00e9,<\/em><\/strong><\/p>\n<p><strong><em>je mi nesm\u00edrnou ct\u00ed, \u017ee tato odv\u00e1\u017en\u00e1 \u017eena (pr\u00e1vni\u010dka Jana Zwyrtek Hamplov\u00e1)\u00a0 na stran\u011b slu\u0161n\u00fdch lid\u00ed, kter\u00e1 bude \u017ealovat ministra zdravotnictv\u00ed Adama Vojt\u011bcha a p\u0159edsedu l\u00e9ka\u0159sk\u00e9 komory Milana Kubka, odpov\u011bd\u011bla na p\u00e1r m\u00fdch skromn\u00fdch dotaz\u016f, a kter\u00e9\u017eto odpov\u011bdi si nyn\u00ed m\u016f\u017eete p\u0159e\u010d\u00edst i vy v\u0161ichni.<\/em><\/strong><\/p>\n<p><strong><em>Ve\u0159ejnost pohybuj\u00edc\u00ed se na Va\u0161em Facebooku \u010di na Va\u0161em blogu V\u00e1s velmi dob\u0159e zn\u00e1 jako bojovnici za na\u0161e rychle okrajovan\u00e9 svobody &#8211; svobodu d\u00fdchat, svobodu \u017e\u00edt bez omezen\u00ed, nyn\u00ed u\u017e pomalu i svobodu pracovat.<\/em><\/strong><\/p>\n<p><strong>Zkuste se ale p\u0159edstavit \u010dten\u00e1\u0159\u016fm, kte\u0159\u00ed v\u00e1s zat\u00edm neznaj\u00ed &#8211; kdo jste?<\/strong><\/p>\n<p>To jste mne trochu zasko\u010dila. A tak zkus\u00edm to. Jsem norm\u00e1ln\u00ed \u017eena, m\u00e1ma dvou dcer, a m\u011bla jsem k tomu to \u0161t\u011bst\u00ed, \u017ee jsem se mohla, a to i d\u00edky listopadu 89, pln\u011b realizovat v oboru pr\u00e1vo, kter\u00e9 se mi stalo osudem&#8230;<\/p>\n<p>V\u011bnuji se pr\u00e1vu ve\u0159ejn\u00e9mu v\u010detn\u011b pr\u00e1va \u00fastavn\u00edho, a kari\u00e9ru advok\u00e1tky jsem za\u010dala shodou okolnost\u00ed pr\u00e1v\u011b v\u00fdhrou u \u00dastavn\u00edho soudu, tu\u0161\u00edm v roce 2000, co\u017e mi dodalo profesn\u00ed sebev\u011bdom\u00ed\u2026<\/p>\n<p>Pro m\u00e9 ob\u010dansk\u00e9 postoje je d\u016fle\u017eit\u00e9, \u017ee jsem za\u017eila listopad 89 a dobu p\u0159ed n\u00edm na vlastn\u00ed k\u016f\u017ei, a proto jsem velmi citliv\u00e1 na to, kdy\u017e n\u00e1m chce n\u011bkdo op\u011bt diktovat nesmysly z pozice moci, a br\u00e1t n\u00e1m t\u011b\u017ece vydobyt\u00e9 svobody. A tak, jak jsem ve sv\u00e9m oboru zast\u00e1nce vysok\u00e9 m\u00edry svobody samospr\u00e1vy, kterou \u010dasto br\u00e1n\u00edm rovn\u011b\u017e proti st\u00e1tu, tak kategoricky odm\u00edt\u00e1m zneu\u017e\u00edv\u00e1n\u00ed z\u00e1konod\u00e1rn\u00e9 moci v\u016f\u010di ob\u010dan\u016fm na\u0161\u00ed zem\u011b. Je to pro mne ot\u00e1zka principu.<\/p>\n<p>Ptaj\u00ed se mne dnes lid\u00e9, zda se neboj\u00edm hovo\u0159it takto otev\u0159en\u011b. Na to odpov\u00edd\u00e1m, \u017ee kdy\u017e jsem se neb\u00e1la stoupnout na p\u00f3dia v listopadu 89, kdy\u017e na n\u00e1s mohli nab\u011bhnout policajti, nevid\u00edm d\u016fvod, pro\u010d bych se b\u00e1la dnes, nav\u00edc se zku\u0161enostmi, kter\u00e9 jsem za ty roky nabyla. V civiln\u00edm \u017eivot\u011b jsem \u00fapln\u011b oby\u010dejn\u00e1 \u201eholka\u201c \u2013 p\u00ed\u0161u poezii, h\u00e1\u010dkuju, tvo\u0159\u00edm si zahradu \u2013 m\u00edrn\u011b snad vybo\u010duji t\u00edm, \u017ee m\u00e1m i zbrojn\u00ed pr\u016fkaz.<\/p>\n<p>P\u0159ed p\u011bti lety jsem ovdov\u011bla, man\u017eel byl kardiak, a tato ztr\u00e1ta byla mnohem hor\u0161\u00ed zkou\u0161ka, ne\u017e jakou za\u017e\u00edv\u00e1m te\u010f. A tak, jako jsem se tehdy op\u0159ela o rodinu a p\u0159\u00e1tele, d\u011bl\u00e1m to i te\u010f. Oni mne nedaj\u00ed.<\/p>\n<p><strong>Proti covidov\u00fdm opat\u0159en\u00edm se vymezilo u\u017e dost osob ve ve\u0159ejn\u00e9m d\u011bn\u00ed, mezi nimi nov\u011b i n\u011bkolik slavn\u00fdch tenist\u016f. Jak je na tom ale okruh Va\u0161ich koleg\u016f advok\u00e1t\u016f a pr\u00e1vn\u00edk\u016f? Spolupracujete i s nimi za n\u00e1vrat k norm\u00e1ln\u00edmu \u017eivotu? Popi\u0161te, co to je institut Pro Libertate.\u00a0<\/strong><\/p>\n<p>Spolupracuji nejen s kolegy advok\u00e1ty, ale tak\u00e9 s l\u00e9ka\u0159i a \u0159adou dal\u0161\u00edch lid\u00ed kolem Zdrav\u00e9ho f\u00f3ra i mimo n\u011bj, se sportovci, a um\u011blci, a hodn\u011b mne nab\u00edj\u00ed reakce lid\u00ed nap\u0159\u00ed\u010d republikou, kter\u00e9 mne utvrzuj\u00ed v tom, \u017ee to, co d\u011bl\u00e1me, m\u00e1 smysl.<\/p>\n<p>\u017dijeme nyn\u00ed bohu\u017eel v covidtotalit\u011b, kdy o covid u\u017e v\u016fbec nejde.\u00a0 Ten je pouze zneu\u017e\u00edv\u00e1n k tomu, aby se naprosto bez racion\u00e1ln\u00edho d\u016fvodu t\u00fdraly d\u011bti ve \u0161kol\u00e1ch, lid\u00e9 ni\u010dili nesmysln\u00fdmi opat\u0159en\u00edmi, vytv\u00e1\u0159ej\u00ed se zcela bezprecedentn\u011b lep\u0161\u00ed a hor\u0161\u00ed \u201ecovidrasy\u201c, a j\u00e1 to pova\u017euji nejen za protiz\u00e1konn\u00e9 a proti\u00fastavn\u00ed, ale za uboh\u00e9, trapn\u00e9 a nemor\u00e1ln\u00ed. Pop\u00edr\u00e1me v\u0161echny principy pr\u00e1vn\u00edho st\u00e1tu, a nejen to.<\/p>\n<p>V t\u011bchto dnech vy\u0161lo najevo, \u017ee je zde celou dobu politick\u00e9 rozhodnut\u00ed lidi, zasa\u017een\u00e9 covidem, v prvn\u00ed f\u00e1zi nel\u00e9\u010dit, i kdy\u017e l\u00e9ky tu jsou. Tedy to, \u017ee se dost\u00e1vaj\u00ed do nemocnic, je z velk\u00e9 v\u011bt\u0161iny z tohoto d\u016fvodu. Rozhodnut\u00ed d\u011blit obyvatelstvo na o\u010dkovan\u00e9 a neo\u010dkovan\u00e9 je t\u00e9\u017e jen politick\u00e9, nikoli medic\u00ednsk\u00e9, co\u017e \u0159\u00edkaj\u00ed l\u00e9ka\u0159sk\u00e9 kapacity, proto\u017ee z medic\u00ednsk\u00e9ho hlediska nen\u00ed dnes mezi o\u010dkovan\u00fdmi a neo\u010dkovan\u00fdmi \u017e\u00e1dn\u00fd rozd\u00edl.<\/p>\n<p>O\u010dkovan\u00fd i neo\u010dkovan\u00fd m\u016f\u017ee onemocn\u011bt, o\u010dkovan\u00fd i neo\u010dkovan\u00fd m\u016f\u017ee vir rozn\u00e1\u0161et, jedinou v\u00fdhodou pro o\u010dkovan\u00e9 by m\u011blo b\u00fdt, \u017ee je vakc\u00edna ochr\u00e1n\u00ed p\u0159ed t\u011b\u017ek\u00fdm pr\u016fb\u011bhem nemoci. Nicm\u00e9n\u011b ani to nemus\u00ed platit, proto\u017ee ani nemocn\u00fd o\u010dkovan\u00fd nedostane v p\u0159\u00edpad\u011b nemoci v\u010das l\u00e9ky, proto\u017ee p\u00e1nov\u00e9 naho\u0159e si to nep\u0159ej\u00ed. Pokud to je\u0161t\u011b n\u011bkdo nepochopil, skute\u010dn\u011b \u017eijeme u\u017e v \u010d\u00e1ste\u010dn\u00e9 totalit\u011b, kdy se zneu\u017e\u00edv\u00e1 politick\u00e9 moci v tak neuv\u011b\u0159iteln\u00e9m rozsahu, \u017ee kdyby vstal V\u00e1clav Havel z mrtv\u00fdch, zavelel by k nov\u00e9mu listopadu.<\/p>\n<p><strong>Na sv\u00e9m profilu jste napsala, \u017ee budete \u017ealovat ministra zdravotnictv\u00ed Adama Vojt\u011bcha. Pros\u00edm, vyj\u00e1d\u0159ete se &#8211; za co konkr\u00e9tn\u011b a co od procesu o\u010dek\u00e1v\u00e1te?<\/strong><\/p>\n<p>Nejen Adama Vojt\u011bcha, ale tak\u00e9 p\u0159edsedu l\u00e9ka\u0159sk\u00e9 komory Milana Kubka. Za jejich l\u017eiv\u00e9 nebo ur\u00e1\u017eliv\u00e9 v\u00fdroky, kter\u00e9 se mne jako ob\u010dana t\u00e9to zem\u011b hluboce dot\u00fdkaj\u00ed. Ud\u011bl\u00e1m to prost\u011b za v\u0161echny ostatn\u00ed, kter\u00e9 tito dva p\u00e1nov\u00e9 opakovan\u011b hrub\u011b ur\u00e1\u017eej\u00ed a vyvol\u00e1vaj\u00ed v\u016f\u010di nim a\u017e nen\u00e1vist. Milan Kubek t\u00edm, \u017ee ozna\u010dil opakovan\u011b osoby, kter\u00e9 se necht\u011bj\u00ed o\u010dkovat, za hlup\u00e1ky, Adam Vojt\u011bch dnes prohl\u00e1sil, \u017ee se dnes jedn\u00e1 o pandemii neo\u010dkovan\u00fdch.<\/p>\n<p>Co od toho o\u010dek\u00e1v\u00e1m\u2026 Velice r\u00e1da bych jako \u017ealobkyn\u011b a advok\u00e1tka v jedn\u00e9 osob\u011b dostala mo\u017enost oba p\u00e1ny vyslechnout, tedy kl\u00e1st jim u soudu ot\u00e1zky, zejm\u00e9na jak k t\u011bmto sv\u00fdm chytr\u00fdm z\u00e1v\u011br\u016fm do\u0161li. Nicm\u00e9n\u011b re\u00e1ln\u011b p\u0159edpokl\u00e1d\u00e1m, \u017ee budou zbab\u011blci, a nechaj\u00ed to jen na sv\u00fdch advok\u00e1tech, proto\u017ee se v\u00fdslechu budou b\u00e1t jak \u010dert k\u0159\u00ed\u017ee.\u00a0 Co\u017e mne opravdu mrz\u00ed, proto\u017ee novin\u00e1\u0159e a ve\u0159ejnost by to jist\u011b pobavilo, a r\u00e1da bych si jako ten &#8222;hloup\u00fd&#8220; ob\u010dan vyzkou\u0161ela, zda moje kdysi zm\u011b\u0159en\u00e9 IQ 152, na n\u011b bude sta\u010dit (\u00fasm\u011bv).<\/p>\n<p>V ka\u017ed\u00e9m p\u0159\u00edpad\u011b budu cht\u00edt po obou p\u00e1nech omluvu. A i kdy\u017e to bude omluva m\u00e9 osob\u011b, budu ji ch\u00e1pat jako omluvu v\u0161em slu\u0161n\u00fdm lidem v t\u00e9to zemi, kte\u0159\u00ed se dopustili toho &#8222;zlo\u010dinu&#8220;, \u017ee uv\u011b\u0159ili, \u017ee dobrovoln\u00e9 o\u010dkov\u00e1n\u00ed je skute\u010dn\u011b dobrovoln\u00e9.<\/p>\n<p><strong>A kone\u010dn\u011b, co mohou d\u011blat oby\u010dejn\u00ed ob\u010dan\u00e9 sami, aby pomohli zlep\u0161it situaci? Existuje n\u011bco, co byste n\u00e1m cht\u011bla v t\u011bchto t\u011b\u017ek\u00fdch dob\u00e1ch doporu\u010dit \u010di vzk\u00e1zat?<\/strong><\/p>\n<p>Ob\u010dany na\u0161\u00ed kr\u00e1sn\u00e9 zem\u011b uprost\u0159ed Evropy bych cht\u011bla po\u017e\u00e1dat, aby nep\u0159istupovali na hru t\u011bch naho\u0159e, kterou v n\u00e1s cht\u011bj\u00ed vyvol\u00e1vat vz\u00e1jemnou nen\u00e1vist. O\u010dkovan\u00ed a neo\u010dkovan\u00ed mus\u00ed dr\u017eet spolu, a prvn\u00ed v\u011bc\u00ed, kterou by m\u011bli spole\u010dn\u011b a d\u016frazn\u011b \u017e\u00e1dat vysv\u011btlit od v\u0161ech dosavadn\u00edch ministr\u016f a od vl\u00e1dy jako celku, pro\u010d byla a je lidem s p\u0159\u00edznaky covidu odp\u00edr\u00e1na l\u00e9\u010dba, kter\u00e1 re\u00e1ln\u011b existuje, a pro\u010d bylo a je tak z\u00e1va\u017en\u011b ohro\u017eov\u00e1no jejich zdrav\u00ed. Jednoduch\u00e1 ot\u00e1zka, ale patrn\u011b bude velmi slo\u017eit\u00e1 odpov\u011b\u010f. Pak bych si p\u0159\u00e1la, aby na\u0161i ob\u010dan\u00e9, a to jak o\u010dkovan\u00ed, tak neo\u010dkovan\u00ed, ruku v ruce, trvali na okam\u017eit\u00e9m n\u00e1vratu norm\u00e1ln\u00edch pom\u011br\u016f, co\u017e znamen\u00e1 za\u010d\u00edt s covidem nakl\u00e1dat jako s jinou nemoc\u00ed, tedy l\u00e9\u010dit nemocn\u00e9 (co\u017e se zat\u00edm trestuhodn\u011b ned\u011bje!), a neni\u010dit \u017eivoty zdrav\u00fdch lid\u00ed skand\u00e1ln\u00edmi opat\u0159en\u00edmi.<\/p>\n<p>Skand\u00e1ln\u00ed jsou proto, \u017ee jsou to pouze politick\u00e1, nikoli medic\u00ednsk\u00e1 rozhodnut\u00ed. Ostatn\u011b aktu\u00e1ln\u00ed opat\u0159en\u00ed je u\u017e u soudu, a uvid\u00edme, jak obstoj\u00ed. A je\u0161t\u011b pozn\u00e1mka z\u00e1v\u011brem. Um\u00edm si p\u0159edstavit, co by se d\u011blo se zastupiteli obc\u00ed, m\u011bst a kraj\u016f, kdyby b\u011bhem p\u00e1r m\u011bs\u00edc\u016f p\u0159ijali tolik protiz\u00e1konn\u00fdch a proti\u00fastavn\u00edch vyhl\u00e1\u0161ek, kolik jich stihli vydat minist\u0159i zdravotnictv\u00ed od jara. Jak to, \u017ee tu m\u00e1me takov\u00fd dvoj\u00ed metr? Obce a m\u011bsta dus\u00ed za ka\u017edou hloupost, a sami chrl\u00ed toto?<br \/>\nTedy spojme se, a to neuv\u011b\u0159iteln\u00e9, co se tu d\u011bje, ihned zarazme.<\/p>\n<p>Politikov\u00e9 toti\u017e ustoup\u00ed jedin\u00e9 v\u011bci \u2013 ve\u0159ejn\u00e9mu m\u00edn\u011bn\u00ed. Tak jim \u0159ekn\u011bme nahlas, co si mysl\u00edme o tom, \u017ee n\u00e1m rok a p\u016fl zatajovali a nad\u00e1le zatajuj\u00ed mo\u017enost v\u010dasn\u00e9 l\u00e9\u010dby covidu u na\u0161ich praktick\u00fdch l\u00e9ka\u0159\u016f!\u00a0 Podle m\u00e9ho n\u00e1zoru, kter\u00fd budu s kolegy diskutovat, by za to nel\u00e9\u010den\u00ed o\u010dkovan\u00fdch i neo\u010dkovan\u00fdch v prvn\u00edm stadiu nemoci m\u011bl n\u011bkdo stanout p\u0159ed soudem. Nem\u016f\u017eeme se divit, \u017ee lid\u00e9 kon\u010d\u00ed v nemocnic\u00edch, a \u010dasto na JIP, kdy\u017e nedostali v\u010das sv\u00e9 l\u00e9ky. Ne proto, \u017ee o tom rozhodli prakti\u010dt\u00ed l\u00e9ka\u0159i, ale \u017ee o tom rozhodli politikov\u00e9. Nev\u00edm, zda n\u00e1m doch\u00e1z\u00ed, co je v t\u00e9to v\u011bt\u011b obsa\u017eeno za hr\u016fzu.<\/p>\n<p>Doj\u00edt by n\u00e1m to u\u017e v\u0161em kone\u010dn\u011b m\u011blo.<\/p>\n<div>D\u011bkuji, pan\u00ed Hamplov\u00e1!<\/div>\n<div><\/div>\n<div><strong>Monika Hrab\u00e1kov\u00e1<\/strong><\/div>\n<div><em>Zdroj: FB Moniky Hrab\u00e1kov\u00e9<\/em><\/div>\n<div><\/div>\n<p>&nbsp;<\/p>\n","protected":false},"excerpt":{"rendered":"<p>P\u0159\u00e1tel\u00e9, je mi nesm\u00edrnou ct\u00ed, \u017ee tato odv\u00e1\u017en\u00e1 \u017eena (pr\u00e1vni\u010dka Jana Zwyrtek Hamplov\u00e1)\u00a0 na stran\u011b&#8230;<\/p>\n","protected":false},"author":2,"featured_media":2065,"comment_status":"closed","ping_status":"closed","sticky":false,"template":"","format":"standard","meta":[],"categories":[6],"tags":[978,23,57,422],"_links":{"self":[{"href":"https:\/\/www.infokuryr.cz\/n\/wp-json\/wp\/v2\/posts\/5817"}],"collection":[{"href":"https:\/\/www.infokuryr.cz\/n\/wp-json\/wp\/v2\/posts"}],"about":[{"href":"https:\/\/www.infokuryr.cz\/n\/wp-json\/wp\/v2\/types\/post"}],"author":[{"embeddable":true,"href":"https:\/\/www.infokuryr.cz\/n\/wp-json\/wp\/v2\/users\/2"}],"replies":[{"embeddable":true,"href":"https:\/\/www.infokuryr.cz\/n\/wp-json\/wp\/v2\/comments?post=5817"}],"version-history":[{"count":0,"href":"https:\/\/www.infokuryr.cz\/n\/wp-json\/wp\/v2\/posts\/5817\/revisions"}],"wp:featuredmedia":[{"embeddable":true,"href":"https:\/\/www.infokuryr.cz\/n\/wp-json\/wp\/v2\/media\/2065"}],"wp:attachment":[{"href":"https:\/\/www.infokuryr.cz\/n\/wp-json\/wp\/v2\/media?parent=5817"}],"wp:term":[{"taxonomy":"category","embeddable":true,"href":"https:\/\/www.infokuryr.cz\/n\/wp-json\/wp\/v2\/categories?post=5817"},{"taxonomy":"post_tag","embeddable":true,"href":"https:\/\/www.infokuryr.cz\/n\/wp-json\/wp\/v2\/tags?post=5817"}],"curies":[{"name":"wp","href":"https:\/\/api.w.org\/{rel}","templated":true}]}}