{"id":58163,"date":"2024-07-20T00:54:17","date_gmt":"2024-07-19T22:54:17","guid":{"rendered":"https:\/\/www.infokuryr.cz\/n\/?p=58163"},"modified":"2024-07-19T18:14:55","modified_gmt":"2024-07-19T16:14:55","slug":"rusky-soud-poslal-americkeho-novinare-na-16-let-do-vezeni-za-spionaz","status":"publish","type":"post","link":"https:\/\/www.infokuryr.cz\/n\/2024\/07\/20\/rusky-soud-poslal-americkeho-novinare-na-16-let-do-vezeni-za-spionaz\/","title":{"rendered":"Rusk\u00fd soud poslal americk\u00e9ho novin\u00e1\u0159e na 16 let do v\u011bzen\u00ed za \u0161pion\u00e1\u017e"},"content":{"rendered":"<div id=\"fb-root\"><\/div>\n<p><span style=\"font-size: 18pt;\"><strong>Report\u00e9r Wall Street Journal Evan Gershkovich \u2013 syn \u200b\u200bsov\u011btsk\u00fdch emigrant\u016f \u2013 byl loni zat\u010den v oblasti Uralu<\/strong><\/span><\/p>\n<p><span>Americk\u00fd novin\u00e1\u0159 Evan Gershkovich byl odsouzen rusk\u00fdm soudem k 16 let\u016fm v\u011bzen\u00ed pot\u00e9, co byl shled\u00e1n vinn\u00fdm ze \u0161pion\u00e1\u017ee. P\u00e1te\u010dn\u00ed rozsudek p\u0159ich\u00e1z\u00ed po soudn\u00edm procesu, kter\u00fd se konal za zav\u0159en\u00fdmi dve\u0159mi kv\u016fli ot\u00e1zk\u00e1m\u00a0<\/span><em><span>\u201en\u00e1rodn\u00ed bezpe\u010dnosti\u201c<\/span><\/em><span>\u00a0.<\/span><\/p>\n<p><span>Dvaat\u0159icetilet\u00fd report\u00e9r Wall Street Journal byl zat\u010den v b\u0159eznu 2023 v Jekat\u011brinburgu. Feder\u00e1ln\u00ed bezpe\u010dnostn\u00ed slu\u017eba (FSB) uvedla, \u017ee m\u00e1 informace o rusk\u00e9m obrann\u00e9m podniku. Kreml tehdy dodal, \u017ee byl\u00a0<\/span><em><span>\u201echycen p\u0159i \u010dinu\u201c.<\/span><\/em><\/p>\n<p><span>Gershkovichova rodina a kolegov\u00e9 z pr\u00e1ce obvin\u011bn\u00ed odm\u00edtaj\u00ed a tvrd\u00ed, \u017ee m\u00edsto toho prov\u00e1d\u011bl b\u011b\u017en\u00e9 novin\u00e1\u0159sk\u00e9 vy\u0161et\u0159ov\u00e1n\u00ed. Jeho zat\u010den\u00ed bylo prvn\u00edm p\u0159\u00edpadem, kdy byl americk\u00fd report\u00e9r zadr\u017een pro podez\u0159en\u00ed ze \u0161pion\u00e1\u017ee od studen\u00e9 v\u00e1lky.<\/span><\/p>\n<p><span>Gershkovich byl dr\u017een ve vazb\u011b po celou dobu vy\u0161et\u0159ov\u00e1n\u00ed a procesu. Podle tiskov\u00e9 slu\u017eby Sverdlovsk\u00e9ho krajsk\u00e9ho soudu v p\u00e1tek p\u0159i jedn\u00e1n\u00ed znovu pop\u0159el jak\u00e9koli pochyben\u00ed.<\/span><\/p>\n<p><em><span>&#8222;Gershkovich Evan byl shled\u00e1n vinn\u00fdm a odsouzen k trestu odn\u011bt\u00ed svobody v d\u00e9lce 16 let, kter\u00fd si m\u00e1 odpykat v kolonii s maxim\u00e1ln\u00ed ostrahou,&#8220;<\/span><\/em><span>\u00a0\u0159ekl p\u0159edsedaj\u00edc\u00ed soudce p\u0159i vyhla\u0161ov\u00e1n\u00ed verdiktu, jak citoval zpravodaj RIA Novosti. \u017dalobci d\u0159\u00edve po\u017eadovali\u00a0pro novin\u00e1\u0159e\u00a018let\u00fd\u00a0<\/span><a href=\"https:\/\/swentr.site\/russia\/601325-russia-prison-term-gershkovich-spy\/\"><span>trest , p\u0159i\u010dem\u017e maxim\u00e1ln\u00ed trest, kter\u00fd mu hrozil, byl 20 let.<\/span><\/a><\/p>\n<p><span>Podle Rogera Carstense, zvl\u00e1\u0161tn\u00edho zmocn\u011bnce americk\u00e9ho prezidenta pro z\u00e1le\u017eitosti rukojm\u00edch, se Washington ji\u017e d\u0159\u00edve pokou\u0161el zprost\u0159edkovat s Moskvou dohodu o propu\u0161t\u011bn\u00ed Gershkovi\u010de, ale zat\u00edm se mu to nepoda\u0159ilo. Rusk\u00fd ministr zahrani\u010d\u00ed Sergej Lavrov v\u0161ak ve st\u0159edu uvedl, \u017ee Rusko zva\u017euje potenci\u00e1ln\u00ed v\u00fdm\u011bnu zajatc\u016f, kter\u00e1 by se ho t\u00fdkala, a je v kontaktu s americk\u00fdmi zpravodajsk\u00fdmi agenturami.<\/span><\/p>\n<p><img decoding=\"async\" loading=\"lazy\" class=\"alignnone size-full wp-image-1185\" src=\"http:\/\/www.infokuryr.cz\/n\/wp-content\/uploads\/2021\/04\/kuryr-podpis.png\" alt=\"\" width=\"84\" height=\"24\" \/><\/p>\n<p>&nbsp;<\/p>\n","protected":false},"excerpt":{"rendered":"<p>Report\u00e9r Wall Street Journal Evan Gershkovich \u2013 syn \u200b\u200bsov\u011btsk\u00fdch emigrant\u016f \u2013 byl loni zat\u010den v&#8230;<\/p>\n","protected":false},"author":2,"featured_media":58164,"comment_status":"closed","ping_status":"closed","sticky":false,"template":"","format":"standard","meta":[],"categories":[7],"tags":[1304,520,22,324,142],"_links":{"self":[{"href":"https:\/\/www.infokuryr.cz\/n\/wp-json\/wp\/v2\/posts\/58163"}],"collection":[{"href":"https:\/\/www.infokuryr.cz\/n\/wp-json\/wp\/v2\/posts"}],"about":[{"href":"https:\/\/www.infokuryr.cz\/n\/wp-json\/wp\/v2\/types\/post"}],"author":[{"embeddable":true,"href":"https:\/\/www.infokuryr.cz\/n\/wp-json\/wp\/v2\/users\/2"}],"replies":[{"embeddable":true,"href":"https:\/\/www.infokuryr.cz\/n\/wp-json\/wp\/v2\/comments?post=58163"}],"version-history":[{"count":0,"href":"https:\/\/www.infokuryr.cz\/n\/wp-json\/wp\/v2\/posts\/58163\/revisions"}],"wp:featuredmedia":[{"embeddable":true,"href":"https:\/\/www.infokuryr.cz\/n\/wp-json\/wp\/v2\/media\/58164"}],"wp:attachment":[{"href":"https:\/\/www.infokuryr.cz\/n\/wp-json\/wp\/v2\/media?parent=58163"}],"wp:term":[{"taxonomy":"category","embeddable":true,"href":"https:\/\/www.infokuryr.cz\/n\/wp-json\/wp\/v2\/categories?post=58163"},{"taxonomy":"post_tag","embeddable":true,"href":"https:\/\/www.infokuryr.cz\/n\/wp-json\/wp\/v2\/tags?post=58163"}],"curies":[{"name":"wp","href":"https:\/\/api.w.org\/{rel}","templated":true}]}}