{"id":58162,"date":"2024-07-20T00:53:47","date_gmt":"2024-07-19T22:53:47","guid":{"rendered":"https:\/\/www.infokuryr.cz\/n\/?p=58162"},"modified":"2024-07-19T18:11:49","modified_gmt":"2024-07-19T16:11:49","slug":"biden-se-citi-zrazen-demokraty","status":"publish","type":"post","link":"https:\/\/www.infokuryr.cz\/n\/2024\/07\/20\/biden-se-citi-zrazen-demokraty\/","title":{"rendered":"Biden se c\u00edt\u00ed \u201ezrazen\u201c demokraty"},"content":{"rendered":"<div id=\"fb-root\"><\/div>\n<p><span style=\"font-size: 18pt;\"><strong>Americk\u00fd prezident je \u00fadajn\u011b zu\u0159iv\u00fd kv\u016fli pokus\u016fm vytla\u010dit ho ze z\u00e1vodu v B\u00edl\u00e9m dom\u011b, \u0159\u00edkaj\u00ed zdroje zdroje<\/strong><\/span><\/p>\n<p><span>Americk\u00fd prezident Joe Biden se c\u00edt\u00ed\u00a0<\/span><em><span>\u201eosobn\u011b zran\u011bn\u201c<\/span><\/em><span>\u00a0a\u00a0<\/span><em><span>\u201ezrazen\u201c<\/span><\/em><span>\u00a0zjevn\u00fdm nedostatkem d\u016fv\u011bry v n\u011bj ze strany mnoha demokrat\u016f po jeho katastrof\u00e1ln\u00ed debat\u011b s republik\u00e1nsk\u00fdm prezidentsk\u00fdm kandid\u00e1tem Donaldem Trumpem, uvedla v p\u00e1tek NBC s odkazem na zdroje.<\/span><\/p>\n<p><span>Podle \u010detn\u00fdch zpr\u00e1v Bidenovo vystoupen\u00ed na jevi\u0161ti \u2013 popisovan\u00e9 jako\u00a0<\/span><em><span>\u201eneust\u00e1l\u00e9\u201c<\/span><\/em><span>\u00a0a\u00a0<\/span><em><span>\u201enesoudr\u017en\u00e9\u201c<\/span><\/em><span>\u00a0\u2013 stejn\u011b jako n\u011bkolik navazuj\u00edc\u00edch proh\u0159e\u0161k\u016f, zp\u016fsobilo, \u017ee mnoho demokratick\u00fdch v\u016fdc\u016f a d\u00e1rc\u016f se sna\u017eilo naj\u00edt n\u00e1hradu za 81let\u00e9ho kandid\u00e1ta. .<\/span><\/p>\n<p><span>Zat\u00edmco n\u011bkter\u00e9 demokratick\u00e9 t\u011b\u017ek\u00e9 v\u00e1hy \u2013 v\u010detn\u011b b\u00fdval\u00fdch prezident\u016f Baracka Obamy a Billa Clintona \u2013 ve\u0159ejn\u011b zopakovali svou podporu Bidenovi, ud\u011blali m\u00e1lo pro upevn\u011bn\u00ed strany za n\u00edm, uvedla NBC.<\/span><\/p>\n<p><span>Zdroje pro m\u00e9dia tvrdily, \u017ee Biden\u00a0<\/span><em><span>\u201ec\u00edt\u00ed vztek\u201c<\/span><\/em><span>\u00a0nad snahou vytla\u010dit ho z kl\u00e1n\u00ed v B\u00edl\u00e9m dom\u011b, p\u0159i\u010dem\u017e jeden \u010dlov\u011bk nazna\u010duje, \u017ee demokrati\u010dt\u00ed v\u016fdci v podstat\u011b pom\u00e1haj\u00ed Trumpovi, kter\u00fd ned\u00e1vno p\u0159e\u017eil pokus o atent\u00e1t, zajistit v\u00edt\u011bzstv\u00ed.<\/span><\/p>\n<p><em><span>\u201eM\u016f\u017eeme si v\u0161ichni na chv\u00edli vzpomenout, \u017ee tit\u00ed\u017e lid\u00e9, kte\u0159\u00ed se sna\u017e\u00ed vytla\u010dit Joea Bidena, jsou tit\u00ed\u017e lid\u00e9, kte\u0159\u00ed n\u00e1m doslova dali Donalda Trumpa? V roce 2015 Obama, [Nancy] Pelosiov\u00e1, [Chuck] Schumer odsunuli Bidena stranou ve prosp\u011bch Hillary [Clintonov\u00e9]; m\u00fdlili se tehdy a m\u00fdl\u00ed se i nyn\u00ed,\u201c<\/span><\/em><span>\u00a0uvedl zdroj NBC s odkazem na prohru Clintonov\u00e9 proti Trumpovi v roce 2016.<\/span><\/p>\n<p><span>Port\u00e1l dodal, \u017ee jak roste nejistota v demokratick\u00e9m veden\u00ed, n\u011bkte\u0159\u00ed \u010dlenov\u00e9 strany nyn\u00ed v\u011b\u0159\u00ed, \u017ee nejde o \u201e jestli\u201c ale sp\u00ed\u0161e \u201ekdy\u201c Biden vypadne. Jeden demokratick\u00fd strat\u00e9g \u0159ekl, \u017ee\u00a0v t\u00e9to v\u011bci prost\u011b\u00a0<\/span><em><span>\u201echce rozhodnut\u00ed\u201c .<\/span><\/em><\/p>\n<p><em><span>\u201e\u010c\u00edm d\u0159\u00edve to budeme m\u00edt za sebou, t\u00edm d\u0159\u00edve se m\u016f\u017eeme vr\u00e1tit ke kampani a soust\u0159edit se na v\u00edt\u011bzstv\u00ed,\u201c<\/span><\/em><span>\u00a0poznamenal strat\u00e9g a tvrdil, \u017ee demokrat\u00e9 maj\u00ed\u00a0<\/span><em><span>\u201elep\u0161\u00ed kandid\u00e1ty\u201c<\/span><\/em><span>\u00a0a\u00a0<\/span><em><span>\u201ehybnou s\u00edlu pro z\u00edsk\u00e1v\u00e1n\u00ed finan\u010dn\u00edch prost\u0159edk\u016f\u201c.<\/span><\/em><\/p>\n<p><span>Axios ve st\u0159edu ozn\u00e1mil, \u017ee n\u011bkolik vrcholn\u00fdch demokrat\u016f \u0159eklo Bidenovi, \u017ee nem\u00e1 proti Trumpovi \u0161anci, a koluj\u00ed zv\u011bsti, \u017ee by se tento v\u00edkend mohl st\u00e1hnout. Zat\u00edmco prezident a jeho kampa\u0148 ve\u0159ejn\u011b \u0159ekli, \u017ee nepl\u00e1nuje vystoupit, Demokratick\u00e1 strana odlo\u017eila ofici\u00e1ln\u00ed nomina\u010dn\u00ed proces na srpen.<\/span><\/p>\n<p><img decoding=\"async\" loading=\"lazy\" class=\"alignnone size-full wp-image-1185\" src=\"http:\/\/www.infokuryr.cz\/n\/wp-content\/uploads\/2021\/04\/kuryr-podpis.png\" alt=\"\" width=\"84\" height=\"24\" \/><\/p>\n<p>&nbsp;<\/p>\n","protected":false},"excerpt":{"rendered":"<p>Americk\u00fd prezident je \u00fadajn\u011b zu\u0159iv\u00fd kv\u016fli pokus\u016fm vytla\u010dit ho ze z\u00e1vodu v B\u00edl\u00e9m dom\u011b, \u0159\u00edkaj\u00ed&#8230;<\/p>\n","protected":false},"author":2,"featured_media":57206,"comment_status":"closed","ping_status":"closed","sticky":false,"template":"","format":"standard","meta":[],"categories":[7],"tags":[72,1310,37,849],"_links":{"self":[{"href":"https:\/\/www.infokuryr.cz\/n\/wp-json\/wp\/v2\/posts\/58162"}],"collection":[{"href":"https:\/\/www.infokuryr.cz\/n\/wp-json\/wp\/v2\/posts"}],"about":[{"href":"https:\/\/www.infokuryr.cz\/n\/wp-json\/wp\/v2\/types\/post"}],"author":[{"embeddable":true,"href":"https:\/\/www.infokuryr.cz\/n\/wp-json\/wp\/v2\/users\/2"}],"replies":[{"embeddable":true,"href":"https:\/\/www.infokuryr.cz\/n\/wp-json\/wp\/v2\/comments?post=58162"}],"version-history":[{"count":0,"href":"https:\/\/www.infokuryr.cz\/n\/wp-json\/wp\/v2\/posts\/58162\/revisions"}],"wp:featuredmedia":[{"embeddable":true,"href":"https:\/\/www.infokuryr.cz\/n\/wp-json\/wp\/v2\/media\/57206"}],"wp:attachment":[{"href":"https:\/\/www.infokuryr.cz\/n\/wp-json\/wp\/v2\/media?parent=58162"}],"wp:term":[{"taxonomy":"category","embeddable":true,"href":"https:\/\/www.infokuryr.cz\/n\/wp-json\/wp\/v2\/categories?post=58162"},{"taxonomy":"post_tag","embeddable":true,"href":"https:\/\/www.infokuryr.cz\/n\/wp-json\/wp\/v2\/tags?post=58162"}],"curies":[{"name":"wp","href":"https:\/\/api.w.org\/{rel}","templated":true}]}}