{"id":58160,"date":"2024-07-20T00:52:29","date_gmt":"2024-07-19T22:52:29","guid":{"rendered":"https:\/\/www.infokuryr.cz\/n\/?p=58160"},"modified":"2024-07-19T18:08:51","modified_gmt":"2024-07-19T16:08:51","slug":"euroclear-potvrzuje-konfiskaci-ruskeho-majetku","status":"publish","type":"post","link":"https:\/\/www.infokuryr.cz\/n\/2024\/07\/20\/euroclear-potvrzuje-konfiskaci-ruskeho-majetku\/","title":{"rendered":"Euroclear potvrzuje konfiskaci rusk\u00e9ho majetku"},"content":{"rendered":"<div id=\"fb-root\"><\/div>\n<p><span style=\"font-size: 18pt;\"><strong>Prvn\u00ed v\u00fdplata Ukrajin\u011b z \u00farok\u016f generovan\u00fdch zmrazen\u00fdmi prost\u0159edky Moskvy bude provedena tento m\u011bs\u00edc, uvedl depozit\u00e1\u0159 se s\u00eddlem v EU<\/strong><\/span><\/p>\n<p><span>Bruselsk\u00fd depozit\u00e1\u0159 a clearingov\u00e9 centrum Euroclear potvrdilo, \u017ee zabav\u00ed \u00faroky generovan\u00e9 zmrazen\u00fdmi rusk\u00fdmi fondy, kter\u00e9 dr\u017e\u00ed, a p\u0159evede pen\u00edze na Ukrajinu.<\/span><\/p>\n<p><em><span>\u201eV \u010dervenci 2024 Euroclear provede prvn\u00ed platbu ve v\u00fd\u0161i 1,55 miliardy eur do Evropsk\u00e9ho fondu pro Ukrajinu po ned\u00e1vn\u00e9 implementaci na\u0159\u00edzen\u00ed EU o neo\u010dek\u00e1van\u00e9m p\u0159\u00edsp\u011bvku,\u201c<\/span><\/em><span>\u00a0uvedl Euroclear v p\u00e1te\u010dn\u00edm prohl\u00e1\u0161en\u00ed.<\/span><\/p>\n<p><span>Po m\u011bs\u00edc\u00edch jedn\u00e1n\u00ed mezi zem\u011bmi EU a G7 o tom, jak vyu\u017e\u00edt miliardy dolar\u016f pat\u0159\u00edc\u00edch rusk\u00e9 centr\u00e1ln\u00ed bance, kter\u00e9 byly imobilizov\u00e1ny v r\u00e1mci sankc\u00ed souvisej\u00edc\u00edch s Ukrajinou.<\/span><\/p>\n<p><span>Ozn\u00e1men\u00ed p\u0159i\u0161lo jako sou\u010d\u00e1st zpr\u00e1vy o finan\u010dn\u00edch v\u00fdsledc\u00edch za prvn\u00ed pololet\u00ed roku 2024, kter\u00e1 odhalila, \u017ee zmrazen\u00e1 rusk\u00e1 aktiva vygenerovala 3,4 miliardy EUR (3,7 miliardy USD) z \u00farok\u016f ve v\u00fd\u0161i 4 miliardy EUR (4,36 miliardy USD), kter\u00e9 z\u00fa\u010dtovac\u00ed st\u0159edisko b\u011bhem \u0161estim\u011bs\u00ed\u010dn\u00ed obdob\u00ed.<\/span><\/p>\n<p><span>Po zdan\u011bn\u00ed \u010din\u00ed neo\u010dek\u00e1van\u00e1 \u010d\u00e1stka 1,7 miliardy EUR (1,85 miliardy USD), z \u010deho\u017e 1,55 miliardy EUR (1,7 miliardy USD) bude zasl\u00e1no Ukrajin\u011b. Zbytek bude\u00a0<\/span><em><span>\u201eodlo\u017een jako n\u00e1razn\u00edk proti sou\u010dasn\u00fdm a budouc\u00edm rizik\u016fm\u201c.\u00a0<\/span><\/em><span>\u00a0Celkem 836 milion\u016f eur (910 milion\u016f dolar\u016f) bude Belgii zaplaceno na dan\u00edch z p\u0159\u00edjmu pr\u00e1vnick\u00fdch osob, dodalo prohl\u00e1\u0161en\u00ed. Euroclear uvedl, \u017ee pokra\u010duje v\u00a0<\/span><em><span>\u201epiln\u00e9m prov\u00e1d\u011bn\u00ed mezin\u00e1rodn\u00edch sankc\u00ed na rusk\u00e1 aktiva\u201c.<\/span><\/em><\/p>\n<p><span>EU v r\u00e1mci sankc\u00ed uvalen\u00fdch na Moskvu kv\u016fli konfliktu na Ukrajin\u011b imobilizovala p\u0159ibli\u017en\u011b 210 miliard eur (229 miliard dolar\u016f) suver\u00e9nn\u00edch aktiv pat\u0159\u00edc\u00edch rusk\u00e9 centr\u00e1ln\u00ed bance. V\u011bt\u0161ina prost\u0159edk\u016f je ulo\u017eena v soukrom\u00e9m depozit\u00e1\u0159i. Clearingov\u00e9 centrum d\u0159\u00edve ozn\u00e1milo, \u017ee aktiva loni vygenerovala zhruba 4,4 miliardy eur (4,8 miliardy dolar\u016f) na \u00faroc\u00edch.<\/span><\/p>\n<p><span>V \u010dervnu Rada pro zahrani\u010dn\u00ed v\u011bci EU ozn\u00e1mila, \u017ee poskytne Ukrajin\u011b neo\u010dek\u00e1van\u00e9 zisky z imobilizovan\u00fdch rusk\u00fdch fond\u016f. Prvn\u00ed tran\u0161e bude pou\u017eita na n\u00e1kup munice a syst\u00e9m\u016f protivzdu\u0161n\u00e9 obrany, uvedla s t\u00edm, \u017ee do konce roku bude p\u0159evedena dal\u0161\u00ed 1 miliarda eur.<\/span><\/p>\n<p><span>N\u011bkte\u0159\u00ed \u010dlenov\u00e9 G7, jako USA a Velk\u00e1 Brit\u00e1nie, prosazovali p\u0159\u00edm\u00e9 zabaven\u00ed rusk\u00fdch aktiv. Obavy o z\u00e1konnost takov\u00e9ho kroku vedly k rozhodnut\u00ed pou\u017e\u00edt m\u00edsto toho \u00faroky generovan\u00e9 fondy.<\/span><\/p>\n<p><span>Rusko opakovan\u011b prohl\u00e1silo, \u017ee jak\u00e9koli kroky podniknut\u00e9 proti jeho majetku by se rovnaly\u00a0<\/span><em><span>\u201ekr\u00e1de\u017ei\u201c,<\/span><\/em><span>\u00a0p\u0159i\u010dem\u017e trv\u00e1 na tom, \u017ee zabaven\u00ed finan\u010dn\u00edch prost\u0159edk\u016f nebo podobn\u00e9 kroky by poru\u0161ily mezin\u00e1rodn\u00ed pr\u00e1vo a vedly k odvet\u011b.<\/span><\/p>\n<p><span>Mluv\u010d\u00ed Kremlu Dmitrij Peskov tento t\u00fdden varoval, \u017ee\u00a0<\/span><em><span>\u201eileg\u00e1ln\u00ed pokusy o okr\u00e1d\u00e1n\u00ed Rusk\u00e9 federace\u201c<\/span><\/em><span>\u00a0zp\u016fsob\u00ed obrovsk\u00e9 \u0161kody mezin\u00e1rodn\u00edmu finan\u010dn\u00edmu syst\u00e9mu.<\/span><\/p>\n<p><img decoding=\"async\" loading=\"lazy\" class=\"alignnone size-full wp-image-1185\" src=\"http:\/\/www.infokuryr.cz\/n\/wp-content\/uploads\/2021\/04\/kuryr-podpis.png\" alt=\"\" width=\"84\" height=\"24\" \/><\/p>\n<p>&nbsp;<\/p>\n","protected":false},"excerpt":{"rendered":"<p>Prvn\u00ed v\u00fdplata Ukrajin\u011b z \u00farok\u016f generovan\u00fdch zmrazen\u00fdmi prost\u0159edky Moskvy bude provedena tento m\u011bs\u00edc, uvedl depozit\u00e1\u0159&#8230;<\/p>\n","protected":false},"author":2,"featured_media":58161,"comment_status":"closed","ping_status":"closed","sticky":false,"template":"","format":"standard","meta":[],"categories":[7],"tags":[41,3729,90,22,26],"_links":{"self":[{"href":"https:\/\/www.infokuryr.cz\/n\/wp-json\/wp\/v2\/posts\/58160"}],"collection":[{"href":"https:\/\/www.infokuryr.cz\/n\/wp-json\/wp\/v2\/posts"}],"about":[{"href":"https:\/\/www.infokuryr.cz\/n\/wp-json\/wp\/v2\/types\/post"}],"author":[{"embeddable":true,"href":"https:\/\/www.infokuryr.cz\/n\/wp-json\/wp\/v2\/users\/2"}],"replies":[{"embeddable":true,"href":"https:\/\/www.infokuryr.cz\/n\/wp-json\/wp\/v2\/comments?post=58160"}],"version-history":[{"count":0,"href":"https:\/\/www.infokuryr.cz\/n\/wp-json\/wp\/v2\/posts\/58160\/revisions"}],"wp:featuredmedia":[{"embeddable":true,"href":"https:\/\/www.infokuryr.cz\/n\/wp-json\/wp\/v2\/media\/58161"}],"wp:attachment":[{"href":"https:\/\/www.infokuryr.cz\/n\/wp-json\/wp\/v2\/media?parent=58160"}],"wp:term":[{"taxonomy":"category","embeddable":true,"href":"https:\/\/www.infokuryr.cz\/n\/wp-json\/wp\/v2\/categories?post=58160"},{"taxonomy":"post_tag","embeddable":true,"href":"https:\/\/www.infokuryr.cz\/n\/wp-json\/wp\/v2\/tags?post=58160"}],"curies":[{"name":"wp","href":"https:\/\/api.w.org\/{rel}","templated":true}]}}