{"id":58146,"date":"2024-07-20T00:50:02","date_gmt":"2024-07-19T22:50:02","guid":{"rendered":"https:\/\/www.infokuryr.cz\/n\/?p=58146"},"modified":"2024-07-19T19:07:32","modified_gmt":"2024-07-19T17:07:32","slug":"nove-zabery-vrhaji-svetlo-na-ukrajinske-dezinformace-po-udajnych-ruskych-utocich-na-nemocnici-v-kyjeve","status":"publish","type":"post","link":"https:\/\/www.infokuryr.cz\/n\/2024\/07\/20\/nove-zabery-vrhaji-svetlo-na-ukrajinske-dezinformace-po-udajnych-ruskych-utocich-na-nemocnici-v-kyjeve\/","title":{"rendered":"Nov\u00e9 z\u00e1b\u011bry vrhaj\u00ed sv\u011btlo na ukrajinsk\u00e9 dezinformace po \u00fadajn\u00fdch &#8222;rusk\u00fdch \u00fatoc\u00edch&#8220; na nemocnici v Kyjev\u011b"},"content":{"rendered":"<div id=\"fb-root\"><\/div>\n<p><strong>Dne 19. \u010dervence sd\u00edlela ukrajinsk\u00e1 m\u00e9dia videoz\u00e1znam ukazuj\u00edc\u00ed \u00fadajn\u00e9ho ukrajinsk\u00e9ho policistu st\u0159\u00edkaj\u00edc\u00edho \u010dervenou tekutinu, kter\u00e1 p\u0159ipom\u00edn\u00e1 krev, a m\u016f\u017ee to b\u00fdt skute\u010dn\u00e1 krev, na mu\u017ee, kter\u00fd m\u011bl na sob\u011b peelingy ve m\u011bst\u011b Kyjev po rusk\u00e9m \u00fatoku na Ukrajinu z 8. \u010dervence.<\/strong><\/p>\n<p>Z\u00e1b\u011bry byly \u00fadajn\u011b po\u0159\u00edzeny p\u0159\u00edmo u d\u011btsk\u00e9 nemocnice Okhmatdyt, kterou kyjevsk\u00fd re\u017eim \u00fadajn\u011b zas\u00e1hla rusk\u00e1 pozemn\u00ed \u0159\u00edzen\u00e1 st\u0159ela Kh-101 b\u011bhem \u00fatoku. Kyjev tvrdil, \u017ee v nemocnici byli zabiti dva dosp\u011bl\u00ed a 16 dal\u0161\u00edch lid\u00ed, v\u010detn\u011b sedmi d\u011bt\u00ed.<\/p>\n<p>Stejn\u00fd zakrv\u00e1cen\u00fd mu\u017e byl vid\u011bn na n\u011bkolika fotografi\u00edch a vide\u00edch, kter\u00e9 sd\u00edlela mainstreamov\u00e1 m\u00e9dia na Z\u00e1pad\u011b spolu se zpr\u00e1vami o \u00fadajn\u00e9m rusk\u00e9m \u00fatoku na nemocnici.<\/p>\n<p><iframe loading=\"lazy\" src=\"https:\/\/s5.cdnstatic.space\/wp-content\/uploads\/2024\/07\/video_2024-07-19_16-56-36.mp4\" width=\"600\" height=\"338\" data-mce-fragment=\"1\"><\/iframe><\/p>\n<p><iframe loading=\"lazy\" src=\"https:\/\/s5.cdnstatic.space\/wp-content\/uploads\/2024\/07\/video_2024-07-19_16-56-40.mp4\" width=\"600\" height=\"338\" data-mce-fragment=\"1\"><\/iframe><\/p>\n<p>Nen\u00ed v\u0161ak jasn\u00e9, zda jsou nov\u00e9 z\u00e1b\u011bry, na nich\u017e je mu\u017e pot\u0159\u00edsn\u011bn\u00fd rudou tekutinou, autentick\u00e9, nebo jde o dal\u0161\u00ed propagandistick\u00fd kousek kyjevsk\u00e9ho re\u017eimu, kter\u00fd m\u00e1 oklamat rusk\u00e1 m\u00e9dia a zdiskreditovat rusk\u00fd postoj k \u00fatoku.<\/p>\n<p><iframe loading=\"lazy\" src=\"https:\/\/s5.cdnstatic.space\/wp-content\/uploads\/2024\/07\/video_2024-07-19_16-56-18.mp4\" width=\"600\" height=\"338\" data-mce-fragment=\"1\"><\/iframe><\/p>\n<p>Rusko odm\u00edtlo tvrzen\u00ed Ukrajiny a odhalilo, \u017ee nemocnice byla ve skute\u010dnosti zasa\u017eena raketou vyp\u00e1lenou z jednoho z americko-norsk\u00fdch syst\u00e9m\u016f protivzdu\u0161n\u00e9 obrany st\u0159edn\u00edho doletu NASAMS rozm\u00edst\u011bn\u00fdch kolem Kyjeva. V\u0161echny st\u0159ely Kh-101 zas\u00e1hly vojensk\u00fd z\u00e1vod Artem ve m\u011bst\u011b, kter\u00fd vyr\u00e1b\u00ed munici pro kyjevsk\u00e9 s\u00edly.<\/p>\n<p>Videa a fotografie, kter\u00e9 se objevily z nemocnice, vyvolaly v\u00e1\u017en\u00e9 pochybnosti o ukrajinsk\u00fdch tvrzen\u00edch, proto\u017ee \u00farove\u0148 ni\u010den\u00ed se nepodobala \u0161kod\u00e1m, kter\u00e9 mohla zp\u016fsobit st\u0159ela Kh-101.<\/p>\n<p>Nav\u00edc chov\u00e1n\u00ed z\u00e1chran\u00e1\u0159\u016f, zejm\u00e9na barva krve na k\u0159ovin\u00e1ch mu\u017ee, kter\u00e1 je rovn\u011b\u017e vid\u011bt na nov\u011b zve\u0159ejn\u011bn\u00fdch z\u00e1b\u011brech, se zd\u00e1lo b\u00fdt nere\u00e1ln\u00e9. To mohlo p\u0159im\u011bt kyjevsk\u00fd re\u017eim, aby zve\u0159ejnil n\u00e1sledn\u00e9 fale\u0161n\u00e9 z\u00e1b\u011bry, aby zdiskreditoval ka\u017ed\u00e9ho, kdo by vyj\u00e1d\u0159il tyto pochybnosti.<\/p>\n<p>Celkov\u011b vzato se v\u0161echna videa z m\u00edsta \u00fadajn\u00e9ho \u00fatoku a nov\u011b zve\u0159ejn\u011bn\u00e9 z\u00e1b\u011bry zdaj\u00ed b\u00fdt fale\u0161n\u00e9 nebo p\u0159inejmen\u0161\u00edm siln\u011b zmanipulovan\u00e9.<\/p>\n<p>Od za\u010d\u00e1tku rusk\u00e9 speci\u00e1ln\u00ed vojensk\u00e9 operace na Ukrajin\u011b p\u0159ed v\u00edce ne\u017e dv\u011bma lety provedl kyjevsk\u00fd re\u017eim n\u011bkolik podobn\u00fdch propagandistick\u00fdch kousk\u016f, aby zdiskreditoval Rusko a z\u00edskal si sympatie lid\u00ed na Z\u00e1pad\u011b. Tento druh chov\u00e1n\u00ed tedy nen\u00ed nov\u00fd, i kdy\u017e Ukrajinci jsou v n\u011bm \u010d\u00edm d\u00e1l t\u00edm v\u00edce trhan\u00ed.<\/p>\n<p><img decoding=\"async\" loading=\"lazy\" class=\"alignnone size-full wp-image-1185\" src=\"http:\/\/www.infokuryr.cz\/n\/wp-content\/uploads\/2021\/04\/kuryr-podpis.png\" alt=\"\" width=\"84\" height=\"24\" \/><\/p>\n<p>&nbsp;<\/p>\n","protected":false},"excerpt":{"rendered":"<p>Dne 19. \u010dervence sd\u00edlela ukrajinsk\u00e1 m\u00e9dia videoz\u00e1znam ukazuj\u00edc\u00ed \u00fadajn\u00e9ho ukrajinsk\u00e9ho policistu st\u0159\u00edkaj\u00edc\u00edho \u010dervenou tekutinu, kter\u00e1&#8230;<\/p>\n","protected":false},"author":2,"featured_media":58147,"comment_status":"closed","ping_status":"closed","sticky":false,"template":"","format":"standard","meta":[],"categories":[7],"tags":[28,221,1083,26,5135],"_links":{"self":[{"href":"https:\/\/www.infokuryr.cz\/n\/wp-json\/wp\/v2\/posts\/58146"}],"collection":[{"href":"https:\/\/www.infokuryr.cz\/n\/wp-json\/wp\/v2\/posts"}],"about":[{"href":"https:\/\/www.infokuryr.cz\/n\/wp-json\/wp\/v2\/types\/post"}],"author":[{"embeddable":true,"href":"https:\/\/www.infokuryr.cz\/n\/wp-json\/wp\/v2\/users\/2"}],"replies":[{"embeddable":true,"href":"https:\/\/www.infokuryr.cz\/n\/wp-json\/wp\/v2\/comments?post=58146"}],"version-history":[{"count":0,"href":"https:\/\/www.infokuryr.cz\/n\/wp-json\/wp\/v2\/posts\/58146\/revisions"}],"wp:featuredmedia":[{"embeddable":true,"href":"https:\/\/www.infokuryr.cz\/n\/wp-json\/wp\/v2\/media\/58147"}],"wp:attachment":[{"href":"https:\/\/www.infokuryr.cz\/n\/wp-json\/wp\/v2\/media?parent=58146"}],"wp:term":[{"taxonomy":"category","embeddable":true,"href":"https:\/\/www.infokuryr.cz\/n\/wp-json\/wp\/v2\/categories?post=58146"},{"taxonomy":"post_tag","embeddable":true,"href":"https:\/\/www.infokuryr.cz\/n\/wp-json\/wp\/v2\/tags?post=58146"}],"curies":[{"name":"wp","href":"https:\/\/api.w.org\/{rel}","templated":true}]}}