{"id":58120,"date":"2024-07-20T00:31:09","date_gmt":"2024-07-19T22:31:09","guid":{"rendered":"https:\/\/www.infokuryr.cz\/n\/?p=58120"},"modified":"2024-07-19T15:40:25","modified_gmt":"2024-07-19T13:40:25","slug":"michel-chossudovsky-trump-potvrdil-ze-valku-na-ukrajine-ukonci","status":"publish","type":"post","link":"https:\/\/www.infokuryr.cz\/n\/2024\/07\/20\/michel-chossudovsky-trump-potvrdil-ze-valku-na-ukrajine-ukonci\/","title":{"rendered":"Michel Chossudovsky: Trump potvrdil, \u017ee v\u00e1lku na Ukrajin\u011b ukon\u010d\u00ed"},"content":{"rendered":"<div id=\"fb-root\"><\/div>\n<p>Trump potvrdil:\u2026 \u201e\u017ee pokud bude znovu zvolen, rozhovorem s Putinem rychle v\u00e1lku na Ukrajin\u011b \u00a0ukon\u010d\u00ed \u201eNe\u017e 20. ledna p\u0159evezmu \u00fa\u0159ad, nech\u00e1m tuto v\u00e1lku mezi Putinem a Zelensk\u00fdm jako nov\u011b zvolen\u00fd prezident vy\u0159e\u0161it. Nech\u00e1m tu v\u00e1lku urovnat,\u201c \u0159ekl Trump 27. \u010dervna b\u011bhem debaty s Bidenem a dodal, &#8222;Rychle to vy\u0159\u00edd\u00edm, ne\u017e nastoup\u00edm do \u00fa\u0159adu.&#8220; (Cituje Newsweek)<\/p>\n<p>Mluvit s Putinem je ov\u0161em v sou\u010dasn\u00fdch USA pova\u017eov\u00e1no za akt zrady. Toto odv\u00e1\u017en\u00e9 Trumpovo prohl\u00e1\u0161en\u00ed pravd\u011bpodobn\u011b nep\u0159ijme \u201eDeep State\u201c, Vojensk\u00fd pr\u016fmyslov\u00fd komplex a mocn\u00e9 finan\u010dn\u00ed skupiny, kter\u00e9 podporuj\u00ed veden\u00ed Demokratick\u00e9 strany.<\/p>\n<p>Jak\u00fd bude kone\u010dn\u00fd v\u00fdsledek?<\/p>\n<p>Skute\u010dn\u00e1 m\u00edrov\u00e1 jedn\u00e1n\u00ed jsou ned\u00edlnou sou\u010d\u00e1st\u00ed Trumpovy p\u0159edvolebn\u00ed kampan\u011b. Trump\u016fv poradn\u00ed t\u00fdm pro n\u00e1rodn\u00ed bezpe\u010dnost p\u0159ipravil vyv\u00e1\u017een\u00fd pl\u00e1n: pokud kyjevsk\u00fd re\u017eim nezah\u00e1j\u00ed m\u00edrov\u00e1 jedn\u00e1n\u00ed s Moskvou, USA by (pod Trumpov\u00fdm prezidentstv\u00edm), okam\u017eit\u011b zastavily tok americk\u00fdch zbran\u00ed na Ukrajinu: &#8222;Podle pl\u00e1nu vypracovan\u00e9ho [gener\u00e1lem Keithem] Kelloggem a Fredem Fleitzem, kte\u0159\u00ed oba slou\u017eili jako n\u00e1\u010deln\u00edci \u0161t\u00e1bu v Trumpov\u011b Rad\u011b n\u00e1rodn\u00ed bezpe\u010dnosti b\u011bhem jeho prezidentstv\u00ed v letech 2017-2021, by bylo p\u0159\u00edm\u011b\u0159\u00ed zalo\u017eeno na\u00a0 bojov\u00fdch lini\u00edch existuj\u00edc\u00edch v dob\u011b\u00a0 m\u00edrov\u00fdch rozhovor\u016f,<\/p>\n<p>Fleitz \u0159ekl. Trumpovi jsme svou strategii p\u0159ednesli a republik\u00e1nsk\u00fd kandid\u00e1t na prezidenta reagoval p\u0159\u00edzniv\u011b. (Reuters, 23. \u010dervna 2024)<\/p>\n<p>Stoj\u00ed za zm\u00ednku, \u017ee tento m\u00edrov\u00fd n\u00e1vrh \u2013 kter\u00fd je sou\u010d\u00e1st\u00ed Trumpovy volebn\u00ed kampan\u011b \u2013 byl formulov\u00e1n sotva p\u00e1r t\u00fddn\u016f p\u0159ed ne\u00fasp\u011b\u0161n\u00fdm pokusem o atent\u00e1t na Donalda Trumpa v Pensylv\u00e1nii.<\/p>\n<p><em>Z Global Research p\u0159elo\u017eil Lubom\u00edt Man<\/em><\/p>\n<p>&nbsp;<\/p>\n<p>&nbsp;<\/p>\n","protected":false},"excerpt":{"rendered":"<p>Trump potvrdil:\u2026 \u201e\u017ee pokud bude znovu zvolen, rozhovorem s Putinem rychle v\u00e1lku na Ukrajin\u011b \u00a0ukon\u010d\u00ed&#8230;<\/p>\n","protected":false},"author":2,"featured_media":57468,"comment_status":"closed","ping_status":"closed","sticky":false,"template":"","format":"standard","meta":[],"categories":[7],"tags":[1503,452,26,40],"_links":{"self":[{"href":"https:\/\/www.infokuryr.cz\/n\/wp-json\/wp\/v2\/posts\/58120"}],"collection":[{"href":"https:\/\/www.infokuryr.cz\/n\/wp-json\/wp\/v2\/posts"}],"about":[{"href":"https:\/\/www.infokuryr.cz\/n\/wp-json\/wp\/v2\/types\/post"}],"author":[{"embeddable":true,"href":"https:\/\/www.infokuryr.cz\/n\/wp-json\/wp\/v2\/users\/2"}],"replies":[{"embeddable":true,"href":"https:\/\/www.infokuryr.cz\/n\/wp-json\/wp\/v2\/comments?post=58120"}],"version-history":[{"count":0,"href":"https:\/\/www.infokuryr.cz\/n\/wp-json\/wp\/v2\/posts\/58120\/revisions"}],"wp:featuredmedia":[{"embeddable":true,"href":"https:\/\/www.infokuryr.cz\/n\/wp-json\/wp\/v2\/media\/57468"}],"wp:attachment":[{"href":"https:\/\/www.infokuryr.cz\/n\/wp-json\/wp\/v2\/media?parent=58120"}],"wp:term":[{"taxonomy":"category","embeddable":true,"href":"https:\/\/www.infokuryr.cz\/n\/wp-json\/wp\/v2\/categories?post=58120"},{"taxonomy":"post_tag","embeddable":true,"href":"https:\/\/www.infokuryr.cz\/n\/wp-json\/wp\/v2\/tags?post=58120"}],"curies":[{"name":"wp","href":"https:\/\/api.w.org\/{rel}","templated":true}]}}