{"id":5812,"date":"2021-10-31T04:51:18","date_gmt":"2021-10-31T03:51:18","guid":{"rendered":"http:\/\/www.infokuryr.cz\/n\/?p=5812"},"modified":"2021-10-31T04:51:18","modified_gmt":"2021-10-31T03:51:18","slug":"edvard-benes-se-zaslouzil-o-stat","status":"publish","type":"post","link":"https:\/\/www.infokuryr.cz\/n\/2021\/10\/31\/edvard-benes-se-zaslouzil-o-stat\/","title":{"rendered":"Edvard Bene\u0161 se zaslou\u017eil o st\u00e1t"},"content":{"rendered":"<div id=\"fb-root\"><\/div>\n<p><strong>P\u0159ipad\u00e1 mi velice vhodn\u00e9, \u017ee socha Edvarda Bene\u0161e je p\u0159ed budovou ministerstva zahrani\u010d\u00ed, proto\u017ee to byl on, kdo se sna\u017eil, vzhledem k\u00a0 poloze na\u0161\u00ed republiky, uplat\u0148ovat politiku v\u0161ech azimut\u016f.<\/strong><\/p>\n<p><em>Text projevu, kter\u00fd autorka pronesla na Loret\u00e1nsk\u00e9m n\u00e1m\u011bst\u00ed\u00a0 u\u00a0sochy doktora Edvarda Bene\u0161e na \u201cvlastiv\u011bdn\u00e9 pouti\u201d v\u00a0p\u0159edve\u010der st\u00e1tn\u00edho sv\u00e1tku.<\/em><\/p>\n<p><strong>Po vyhl\u00e1\u0161en\u00ed svrchovanosti \u010ceskoslovensk\u00e9 republiky, v\u00a0n\u00ed\u017e byl\u00a0zaslou\u017een\u011b\u00a0povol\u00e1n\u00a0do funkce ministra zahrani\u010d\u00ed, se t\u00e9m\u011b\u0159 rok \u00fa\u010dastnil slo\u017eit\u00fdch m\u00edrov\u00fdch jedn\u00e1n\u00ed v\u00a0Pa\u0159\u00ed\u017ei, kde zajistil\u00a0nov\u00e9 hranice st\u00e1tu v\u016f\u010di N\u011bmecku, Rakousku a\u00a0Polsku.<\/strong><\/p>\n<p>Podepsal spojeneckou smlouvu s\u00a0Franci\u00ed a\u00a0pozd\u011bji i\u00a0tzv. Malou dohodu s\u00a0Jugosl\u00e1vi\u00ed a\u00a0Rumunskem.<\/p>\n<p>Edvard Bene\u0161 se pod\u00edlel na zalo\u017een\u00ed Spole\u010dnosti n\u00e1rod\u016f, byl jej\u00ed m\u00edstop\u0159edseda, \u010dlen Rady a\u00a0v\u00a0roce 1935 p\u0159edseda. Tehdy prosadil p\u0159ijet\u00ed Sov\u011btsk\u00e9ho svazu do Spole\u010dnosti n\u00e1rod\u016f. Proto\u017ee zast\u00e1val politiku kolektivn\u00ed bezpe\u010dnosti\u00a0podepsal se Sov\u011btsk\u00fdm svazem\u00a0spojeneckou smlouvu.\u00a0Podle dobov\u00fdch m\u00e9di\u00ed vn\u00edmalo Rusko tuto smlouvu jako sv\u016fj n\u00e1vrat do Evropy. Bene\u0161 v\u0161ak s\u00e1zel p\u0159edev\u0161\u00edm\u00a0na z\u00e1vazky Francie, zem\u011b, kde studoval a\u00a0jej\u00ed\u017e kulturu a\u00a0historii obdivoval.\u00a0V t\u00e9m\u017ee roce\u00a0(tedy 1935)\u00a0byl po\u00a0abdikaci TGM zvolen za druh\u00e9ho\u00a0\u010deskoslovensk\u00e9ho prezidenta.<\/p>\n<p>Zat\u00edmco T. G. Masaryk byl naz\u00fdv\u00e1n prezidentem Osvoboditelem,\u00a0Edvard\u00a0Bene\u0161 m\u011bl p\u0159\u00eddomek prezident Budovatel. Ale na budov\u00e1n\u00ed\u00a0obrany st\u00e1tu u\u017e\u00a0m\u011bl\u00a0jen\u00a0necel\u00e9 t\u0159i roky. Po\u00a0Mnichovu\u00a0a zrad\u011b \u201esladk\u00e9\u201c Francie\u00a0abdikoval a\u00a0odlet\u011bl se svou oddanou a\u00a0miluj\u00edc\u00ed \u017eenou\u00a0do zahrani\u010d\u00ed, co\u017e mu dodnes p\u0159edev\u0161\u00edm nepam\u011btn\u00edci\u00a0a nevzd\u011blanci\u00a0vy\u010d\u00edtaj\u00ed. M\u011bli bychom v\u0161ak sp\u00ed\u0161 obdivovat politick\u00e9 \u00fasil\u00ed Edvarda Bene\u0161e\u00a0a jeho rozhodnut\u00ed ujmout se veden\u00ed druh\u00e9ho zahrani\u010dn\u00edho odboje a\u00a0obklopit se lidmi schopn\u00fdmi koordinovat i\u00a0vnit\u0159n\u00ed odboj. V\u00a0b\u0159eznu 1939 po\u00a0obsazen\u00ed \u010cech a\u00a0Moravy n\u011bmeck\u00fdmi okupa\u010dn\u00edmi vojsky\u00a0a odtr\u017een\u00ed Slovenska\u00a0zaslal protest vl\u00e1d\u00e1m sv\u011btov\u00fdch mocnost\u00ed a\u00a0v\u00a0politick\u00e9m projevu\u00a0(Z\u00a0USA)\u00a0konstatoval, \u017ee v\u00a0Evrop\u011b je v\u00e1lka a\u00a0\u017ee cel\u00fd sv\u011bt je v\u00a0nebezpe\u010d\u00ed, \u017ee<em>\u00a0\u201ebude zni\u010dena koncepce lidsk\u00e9 mravnosti rozbit\u00edm v\u0161ech vzne\u0161en\u00fdch pojm\u016f poctivosti a\u00a0slu\u0161nosti.\u201c<\/em><\/p>\n<p>Netrouf\u00e1m si odhadovat jak\u00fdmi slovy by Edvard Bene\u0161 hodnotil dne\u0161n\u00ed stav Evropy a\u00a0sm\u011b\u0159ov\u00e1n\u00ed z\u00e1padn\u00edho\u00a0sv\u011bta. Jeho socha tady na Loret\u00e1nsk\u00e9m n\u00e1m\u011bst\u00ed pod okny ministerstva zahrani\u010d\u00ed\u00a0mnoh\u00e9 provokuje, proto\u017ee\u00a0p\u016fsob\u00ed jako n\u011bm\u00e1 v\u00fd\u010ditka t\u011bm, co\u00a0v\u00a0jeho\u00a0n\u011bkdej\u0161\u00ed pracovn\u011b p\u0159edst\u00edraj\u00ed\u00a0usilovnou\u00a0pr\u00e1ci pro st\u00e1t. Co je\u00a0n\u00e1m\u00a0platn\u00e9, \u017ee\u00a0ovl\u00e1daj\u00ed\u00a0ciz\u00ed jazyky,\u00a0v nich\u017e jsou jim formulov\u00e1ny ciz\u00ed po\u017eadavky,\u00a0kdy\u017e\u00a0\u010desk\u00e9 slovo vlast jim\u00a0u\u017e\u00a0nic ne\u0159\u00edk\u00e1?<\/p>\n<p><strong>Lenka Proch\u00e1zkov\u00e1<\/strong><\/p>\n<p>&nbsp;<\/p>\n<p>&nbsp;<\/p>\n","protected":false},"excerpt":{"rendered":"<p>P\u0159ipad\u00e1 mi velice vhodn\u00e9, \u017ee socha Edvarda Bene\u0161e je p\u0159ed budovou ministerstva zahrani\u010d\u00ed, proto\u017ee to&#8230;<\/p>\n","protected":false},"author":2,"featured_media":5813,"comment_status":"closed","ping_status":"closed","sticky":false,"template":"","format":"standard","meta":[],"categories":[6],"tags":[1397,710],"_links":{"self":[{"href":"https:\/\/www.infokuryr.cz\/n\/wp-json\/wp\/v2\/posts\/5812"}],"collection":[{"href":"https:\/\/www.infokuryr.cz\/n\/wp-json\/wp\/v2\/posts"}],"about":[{"href":"https:\/\/www.infokuryr.cz\/n\/wp-json\/wp\/v2\/types\/post"}],"author":[{"embeddable":true,"href":"https:\/\/www.infokuryr.cz\/n\/wp-json\/wp\/v2\/users\/2"}],"replies":[{"embeddable":true,"href":"https:\/\/www.infokuryr.cz\/n\/wp-json\/wp\/v2\/comments?post=5812"}],"version-history":[{"count":0,"href":"https:\/\/www.infokuryr.cz\/n\/wp-json\/wp\/v2\/posts\/5812\/revisions"}],"wp:featuredmedia":[{"embeddable":true,"href":"https:\/\/www.infokuryr.cz\/n\/wp-json\/wp\/v2\/media\/5813"}],"wp:attachment":[{"href":"https:\/\/www.infokuryr.cz\/n\/wp-json\/wp\/v2\/media?parent=5812"}],"wp:term":[{"taxonomy":"category","embeddable":true,"href":"https:\/\/www.infokuryr.cz\/n\/wp-json\/wp\/v2\/categories?post=5812"},{"taxonomy":"post_tag","embeddable":true,"href":"https:\/\/www.infokuryr.cz\/n\/wp-json\/wp\/v2\/tags?post=5812"}],"curies":[{"name":"wp","href":"https:\/\/api.w.org\/{rel}","templated":true}]}}