{"id":58119,"date":"2024-07-19T05:27:17","date_gmt":"2024-07-19T03:27:17","guid":{"rendered":"https:\/\/www.infokuryr.cz\/n\/?p=58119"},"modified":"2024-07-19T05:27:17","modified_gmt":"2024-07-19T03:27:17","slug":"husiove-oznacili-vybuch-v-tel-avivu-za-svou-vojenskou-operaci","status":"publish","type":"post","link":"https:\/\/www.infokuryr.cz\/n\/2024\/07\/19\/husiove-oznacili-vybuch-v-tel-avivu-za-svou-vojenskou-operaci\/","title":{"rendered":"H\u00fas\u00edov\u00e9 ozna\u010dili v\u00fdbuch v Tel Avivu za svou vojenskou operaci"},"content":{"rendered":"<div id=\"fb-root\"><\/div>\n<p class=\"lead\"><strong>\u010clenov\u00e9 hnut\u00ed Ansar Allah (H\u00fas\u00edov\u00e9) vl\u00e1dnouc\u00ed v severn\u00edm Jemenu sl\u00edbili odhalit podrobnosti o \u201evojensk\u00e9 operaci\u201c v Tel Avivu po explozi ve m\u011bst\u011b, p\u00ed\u0161e agentura Reuters s odvol\u00e1n\u00edm na prohl\u00e1\u0161en\u00ed hnut\u00ed.<\/strong><\/p>\n<p><em>&#8222;Hnut\u00ed odhal\u00ed podrobnosti o vojensk\u00e9 operaci, jej\u00edm\u017e c\u00edlem byl Tel Aviv,&#8220;<span class=\"after-quote\">\u00a0&#8211; uvedla agentura v prohl\u00e1\u0161en\u00ed.<\/span><\/em><\/p>\n<p><span>P\u0159edt\u00edm Jerusalem Post informoval o explozi v Tel Avivu. Podle publikace byl jeden \u010dlov\u011bk zabit a sedm dal\u0161\u00edch bylo zran\u011bno. Izraelsk\u00e9 obrann\u00e9 s\u00edly (IDF) uvedly, \u017ee v\u00fdbuch zp\u016fsobil \u201epadaj\u00edc\u00ed vzdu\u0161n\u00fd objekt\u201c. Bylo ozn\u00e1meno, \u017ee k v\u00fdbuchu do\u0161lo na rohu ulic Ben Yehuda a Shalom Aleichem pobl\u00ed\u017e budovy americk\u00e9ho konzul\u00e1tu.<\/span><\/p>\n<p><span style=\"font-size: 18pt;\"><strong>Izrael potvrdil v\u00fdbuch dronu v centru Tel Avivu<\/strong><\/span><\/p>\n<p class=\"lead\"><span>P\u0159\u00ed\u010dinou exploze v Tel Avivu byl p\u00e1d \u201evzdu\u0161n\u00e9ho c\u00edle\u201c, uvedly Izraelsk\u00e9 obrann\u00e9 s\u00edly (IDF).<\/span><\/p>\n<p><span>D\u0159\u00edve bylo hl\u00e1\u0161eno, \u017ee k v\u00fdbuchu do\u0161lo na rohu ulic Ben Yehuda a Shalom Aleichem pobl\u00ed\u017e budovy americk\u00e9ho konzul\u00e1tu.<\/span><\/p>\n<p><em>\u201ePo\u010d\u00e1te\u010dn\u00ed vy\u0161et\u0159ov\u00e1n\u00ed ukazuje, \u017ee v\u00fdbuch v Tel Avivu zp\u016fsobil leteck\u00fd \u00fatok, incident je pe\u010dliv\u011b studov\u00e1n.<span class=\"after-quote\">\u00a0&#8211; uvedla arm\u00e1dn\u00ed tiskov\u00e1 slu\u017eba.<\/span><\/em><\/p>\n<p><span>Izraelsk\u00e9 letectvo \u00fadajn\u011b pos\u00edlilo hl\u00eddky na ochranu izraelsk\u00e9ho vzdu\u0161n\u00e9ho prostoru.<\/span><\/p>\n<p><img decoding=\"async\" loading=\"lazy\" class=\"alignnone size-full wp-image-1185\" src=\"http:\/\/www.infokuryr.cz\/n\/wp-content\/uploads\/2021\/04\/kuryr-podpis.png\" alt=\"\" width=\"84\" height=\"24\" \/><\/p>\n<p>&nbsp;<\/p>\n","protected":false},"excerpt":{"rendered":"<p>\u010clenov\u00e9 hnut\u00ed Ansar Allah (H\u00fas\u00edov\u00e9) vl\u00e1dnouc\u00ed v severn\u00edm Jemenu sl\u00edbili odhalit podrobnosti o \u201evojensk\u00e9 operaci\u201c&#8230;<\/p>\n","protected":false},"author":2,"featured_media":46491,"comment_status":"closed","ping_status":"closed","sticky":false,"template":"","format":"standard","meta":[],"categories":[7],"tags":[3727,6184,4214,300],"_links":{"self":[{"href":"https:\/\/www.infokuryr.cz\/n\/wp-json\/wp\/v2\/posts\/58119"}],"collection":[{"href":"https:\/\/www.infokuryr.cz\/n\/wp-json\/wp\/v2\/posts"}],"about":[{"href":"https:\/\/www.infokuryr.cz\/n\/wp-json\/wp\/v2\/types\/post"}],"author":[{"embeddable":true,"href":"https:\/\/www.infokuryr.cz\/n\/wp-json\/wp\/v2\/users\/2"}],"replies":[{"embeddable":true,"href":"https:\/\/www.infokuryr.cz\/n\/wp-json\/wp\/v2\/comments?post=58119"}],"version-history":[{"count":0,"href":"https:\/\/www.infokuryr.cz\/n\/wp-json\/wp\/v2\/posts\/58119\/revisions"}],"wp:featuredmedia":[{"embeddable":true,"href":"https:\/\/www.infokuryr.cz\/n\/wp-json\/wp\/v2\/media\/46491"}],"wp:attachment":[{"href":"https:\/\/www.infokuryr.cz\/n\/wp-json\/wp\/v2\/media?parent=58119"}],"wp:term":[{"taxonomy":"category","embeddable":true,"href":"https:\/\/www.infokuryr.cz\/n\/wp-json\/wp\/v2\/categories?post=58119"},{"taxonomy":"post_tag","embeddable":true,"href":"https:\/\/www.infokuryr.cz\/n\/wp-json\/wp\/v2\/tags?post=58119"}],"curies":[{"name":"wp","href":"https:\/\/api.w.org\/{rel}","templated":true}]}}