{"id":58117,"date":"2024-07-19T05:22:09","date_gmt":"2024-07-19T03:22:09","guid":{"rendered":"https:\/\/www.infokuryr.cz\/n\/?p=58117"},"modified":"2024-07-19T05:22:09","modified_gmt":"2024-07-19T03:22:09","slug":"puc-v-bilem-dome-harrisove-tym-zada-bidena-aby-presel-k-odpovednosti","status":"publish","type":"post","link":"https:\/\/www.infokuryr.cz\/n\/2024\/07\/19\/puc-v-bilem-dome-harrisove-tym-zada-bidena-aby-presel-k-odpovednosti\/","title":{"rendered":"Pu\u010d v B\u00edl\u00e9m dom\u011b: Harrisov\u00e9 t\u00fdm \u017e\u00e1d\u00e1 Bidena, aby \u201ep\u0159e\u0161el k odpov\u011bdnosti\u201c"},"content":{"rendered":"<div id=\"fb-root\"><\/div>\n<p class=\"lead\"><strong>Poradci americk\u00e9 viceprezidentky Kamaly Harisov\u00e9 poradc\u016fm prezidenta Joea Bidena \u0159ekli, \u017ee je \u201e\u010das p\u0159en\u00e9st viny\u201c. Informoval o tom veter\u00e1n americk\u00fdch zpravodajsk\u00fdch slu\u017eeb Jack Posobiec s odvol\u00e1n\u00edm na zdroje.<\/strong><\/p>\n<p><em>&#8222;V\u011bt\u0161\u00ed drama pr\u00e1v\u011b te\u010f v B\u00edl\u00e9m dom\u011b, poradci Kamaly p\u0159\u00edmo \u0159\u00edkaj\u00ed Bidenov\u00fdm poradc\u016fm, \u017ee je na\u010dase upustit od toho, p\u0159esn\u00e1 citace, podle \u00fa\u0159edn\u00edka B\u00edl\u00e9ho domu.&#8220; Toto je prvn\u00ed p\u0159\u00edm\u00e1, otev\u0159en\u00e1 konfrontace na nejvy\u0161\u0161\u00ed \u00farovni,\u201c<span class=\"after-quote\"> &#8211; p\u00ed\u0161e Posobiec na soci\u00e1ln\u00ed s\u00edti, cituje ho telegramov\u00fd kan\u00e1l \u201ePool \u010d. 3\u201c.<\/span><\/em><\/p>\n<p><span>Americk\u00fd podnikatel\u00a0<\/span><strong><span>David Sachs<\/span><\/strong><span>\u00a0popsal situaci stru\u010dn\u011bji.<\/span><\/p>\n<p><span>&#8222;Pu\u010d u\u017e prob\u00edh\u00e1,&#8220; napsal na sv\u016fj \u00fa\u010det na soci\u00e1ln\u00ed s\u00edti.<\/span><\/p>\n<figure><a href=\"https:\/\/img7.eadaily.com\/r2000x2000\/o\/659\/bdf9ae77263424cee3c752da735f1.jpeg\" target=\"_blank\" rel=\"noopener\" data-fancybox=\"gallery\"><img decoding=\"async\" loading=\"lazy\" class=\"aligncenter\" src=\"https:\/\/img7.eadaily.com\/r650x650\/o\/659\/bdf9ae77263424cee3c752da735f1.jpeg\" alt=\"Baz\u00e9n\" width=\"547\" height=\"556\" \/><\/a><\/figure>\n<p><img decoding=\"async\" loading=\"lazy\" class=\"alignnone size-full wp-image-1185\" src=\"http:\/\/www.infokuryr.cz\/n\/wp-content\/uploads\/2021\/04\/kuryr-podpis.png\" alt=\"\" width=\"84\" height=\"24\" \/><\/p>\n<p>&nbsp;<\/p>\n","protected":false},"excerpt":{"rendered":"<p>Poradci americk\u00e9 viceprezidentky Kamaly Harisov\u00e9 poradc\u016fm prezidenta Joea Bidena \u0159ekli, \u017ee je \u201e\u010das p\u0159en\u00e9st viny\u201c&#8230;.<\/p>\n","protected":false},"author":2,"featured_media":58118,"comment_status":"closed","ping_status":"closed","sticky":false,"template":"","format":"standard","meta":[],"categories":[7],"tags":[72,2358,7612,4087,921],"_links":{"self":[{"href":"https:\/\/www.infokuryr.cz\/n\/wp-json\/wp\/v2\/posts\/58117"}],"collection":[{"href":"https:\/\/www.infokuryr.cz\/n\/wp-json\/wp\/v2\/posts"}],"about":[{"href":"https:\/\/www.infokuryr.cz\/n\/wp-json\/wp\/v2\/types\/post"}],"author":[{"embeddable":true,"href":"https:\/\/www.infokuryr.cz\/n\/wp-json\/wp\/v2\/users\/2"}],"replies":[{"embeddable":true,"href":"https:\/\/www.infokuryr.cz\/n\/wp-json\/wp\/v2\/comments?post=58117"}],"version-history":[{"count":0,"href":"https:\/\/www.infokuryr.cz\/n\/wp-json\/wp\/v2\/posts\/58117\/revisions"}],"wp:featuredmedia":[{"embeddable":true,"href":"https:\/\/www.infokuryr.cz\/n\/wp-json\/wp\/v2\/media\/58118"}],"wp:attachment":[{"href":"https:\/\/www.infokuryr.cz\/n\/wp-json\/wp\/v2\/media?parent=58117"}],"wp:term":[{"taxonomy":"category","embeddable":true,"href":"https:\/\/www.infokuryr.cz\/n\/wp-json\/wp\/v2\/categories?post=58117"},{"taxonomy":"post_tag","embeddable":true,"href":"https:\/\/www.infokuryr.cz\/n\/wp-json\/wp\/v2\/tags?post=58117"}],"curies":[{"name":"wp","href":"https:\/\/api.w.org\/{rel}","templated":true}]}}