{"id":58114,"date":"2024-07-19T05:13:22","date_gmt":"2024-07-19T03:13:22","guid":{"rendered":"https:\/\/www.infokuryr.cz\/n\/?p=58114"},"modified":"2024-07-19T05:13:22","modified_gmt":"2024-07-19T03:13:22","slug":"americti-demokrate-odkladaji-proces-nominace-bidena","status":"publish","type":"post","link":"https:\/\/www.infokuryr.cz\/n\/2024\/07\/19\/americti-demokrate-odkladaji-proces-nominace-bidena\/","title":{"rendered":"Ameri\u010dt\u00ed demokrat\u00e9 odkl\u00e1daj\u00ed proces nominace Bidena"},"content":{"rendered":"<div id=\"fb-root\"><\/div>\n<p><span style=\"font-size: 18pt;\"><strong>Tento krok p\u0159i\u0161el uprost\u0159ed vnit\u0159n\u00edho tlaku, aby prezident vypadl z volebn\u00edho z\u00e1vodu<\/strong><\/span><\/p>\n<p><span>Americk\u00e1 Demokratick\u00e1 strana v\u00fdrazn\u011b zpozdila proces nominace kandid\u00e1t\u016f do prezidentsk\u00fdch voleb v roce 2024.<\/span><\/p>\n<p><span>Virtu\u00e1ln\u00ed jmenn\u00e1 v\u00fdzva k nominaci prezidenta Joea Bidena jako kandid\u00e1ta Demokrat\u016f pro rok 2024, kter\u00e1 byla napl\u00e1nov\u00e1na na nadch\u00e1zej\u00edc\u00ed t\u00fdden, se nyn\u00ed uskute\u010dn\u00ed n\u011bkdy v srpnu, ozn\u00e1mila strana.<\/span><\/p>\n<p><span>Demokratick\u00fd n\u00e1rodn\u00ed v\u00fdbor se m\u011bl sej\u00edt v p\u00e1tek a dokon\u010dit pravidla postupu, kter\u00e1 byla poprv\u00e9 navr\u017eena v kv\u011btnu, aby zajistila p\u0159\u00edstup k hlasovac\u00edm l\u00edstk\u016fm. V posledn\u00edch dnech v\u0161ak n\u011bkte\u0159\u00ed \u010dlenov\u00e9 strany protestovali proti\u00a0<\/span><em><span>\u201eusp\u011bch\u00e1n\u00ed\u201c<\/span><\/em><span>\u00a0procesu p\u0159ed sjezdem.<\/span><\/p>\n<p><em><span>&#8222;Nic z toho nebude usp\u011bchan\u00e9,&#8220;<\/span><\/em><span>\u00a0uvedli Leah Daughtry a guvern\u00e9r Minnesoty Tim Walz, v\u016fdci v\u00fdboru pro pravidla DNC, v dopise, kter\u00fd vid\u011bla CBS News.\u00a0<\/span><\/p>\n<p><span>Dopis, kter\u00fd byl ve st\u0159edu zasl\u00e1n 186 \u010dlen\u016fm v\u00fdboru, potvrzuje, \u017ee\u00a0<\/span><em><span>\u201e\u017e\u00e1dn\u00e9 hlasov\u00e1n\u00ed neza\u010dne p\u0159ed 1. srpnem\u201c,<\/span><\/em><span>\u00a0ale poznamen\u00e1v\u00e1, \u017ee virtu\u00e1ln\u00ed jmenn\u00fd hovor se p\u0159esto uskute\u010dn\u00ed p\u0159ed zah\u00e1jen\u00edm osobn\u00edho n\u00e1rodn\u00edho shrom\u00e1\u017ed\u011bn\u00ed demokrat\u016f 19. srpna.<\/span><\/p>\n<p><span>Dodr\u017eov\u00e1n\u00ed lh\u016ft st\u00e1tn\u00edho hlasov\u00e1n\u00ed a vyh\u00fdb\u00e1n\u00ed se p\u0159\u00edpadn\u00fdm soudn\u00edm spor\u016fm\u00a0<\/span><em><span>\u201eje hlavn\u00edm d\u016fvodem pro prov\u00e1d\u011bn\u00ed virtu\u00e1ln\u00edho hlasov\u00e1n\u00ed,\u201c<\/span><\/em><span>\u00a0dodal list.<\/span><\/p>\n<p><span>Jmenovit\u00e1 v\u00fdzva je tradi\u010dn\u00ed postup, kter\u00fdm st\u00e1tn\u00ed delegace doru\u010duj\u00ed prim\u00e1rn\u00ed hlasy kandid\u00e1tovi na sjezdu. Republik\u00e1ni tak u\u010dinili v pond\u011bl\u00ed a za\u0159\u00eddili, aby d\u011bti b\u00fdval\u00e9ho prezidenta Donalda Trumpa ozn\u00e1mily floridsk\u00e9 hlasy, kter\u00e9 z n\u011bj v listopadu ofici\u00e1ln\u011b u\u010dinily volbu strany.<\/span><\/p>\n<p><span>Des\u00edtky sn\u011bmovn\u00edch demokrat\u016f za\u010d\u00e1tkem tohoto t\u00fddne rozeslaly n\u00e1vrh dopisu proti virtu\u00e1ln\u00edmu hlasov\u00e1n\u00ed s t\u00edm, \u017ee by to udusilo debatu, podkopalo mor\u00e1lku a jednotu strany a znemo\u017enilo jak\u00e9koli zm\u011bny na l\u00edstku\u00a0<\/span><em><span>\u201ev nejhor\u0161\u00ed mo\u017enou dobu\u201c.<\/span><\/em><\/p>\n<p><span>Nejm\u00e9n\u011b 21 demokrat\u016f z Kongresu ve\u0159ejn\u011b vyzvalo Bidena, aby ze z\u00e1vodu vypadl, jako d\u016fvod uvedli jeho propastn\u00fd v\u00fdkon v debat\u011b s Trumpem 27. \u010dervna, pokro\u010dil\u00fd v\u011bk a mo\u017en\u00e9 neurologick\u00e9 probl\u00e9my.<\/span><\/p>\n<p><span>Vysoc\u00ed strani\u010dt\u00ed p\u0159edstavitel\u00e9 jako v\u016fdce sen\u00e1tn\u00ed v\u011bt\u0161iny Chuck Schumer a b\u00fdval\u00e1 p\u0159edsedkyn\u011b Sn\u011bmovny reprezentant\u016f Nancy Pelosiov\u00e1 vyzvali Bidena, aby odstoupil v soukrom\u00ed, podle New York Times. Asi 70 % demokrat\u016f v ned\u00e1vn\u00e9m pr\u016fzkumu\u00a0<\/span><a href=\"https:\/\/swentr.site\/news\/601281-biden-drop-out-election-poll\/\"><span>podpo\u0159ilo<\/span><\/a><span>\u00a0Biden\u016fv odchod.\u00a0<\/span><\/p>\n<p><span>Pot\u00e9, co se prezident s diagn\u00f3zou Covid st\u00e1hl do sv\u00e9ho domova v Delaware, Axios\u00a0<\/span><a href=\"https:\/\/swentr.site\/news\/601282-biden-drop-out-weekend\/\"><span>ozn\u00e1mil,<\/span><\/a><span>\u00a0\u017ee by mohl o v\u00edkendu vypadnout. Mluv\u010d\u00ed kampan\u011b TJ Ducklo se v\u0161ak ve \u010dtvrtek sna\u017eil vyvr\u00e1tit f\u00e1my.<\/span><\/p>\n<p><em><span>&#8222;Joe Biden je kandid\u00e1tem sv\u00e9 strany.&#8220; Je to prezident Spojen\u00fdch st\u00e1t\u016f. Uch\u00e1z\u00ed se o znovuzvolen\u00ed. Nepodlo\u017een\u00e9 domn\u011bnky z anonymn\u00edch zdroj\u016f nejsou \u017e\u00e1dn\u00e9 l\u017ei\u010dky,\u201c<\/span><\/em><span>\u00a0uvedl Ducklo na X (d\u0159\u00edve Twitter).<\/span><\/p>\n<p><span>V\u011bt\u0161ina pr\u016fzkum\u016f aktu\u00e1ln\u011b ukazuje, \u017ee Trump vyhraje volby proti Bidenovi, ale tak\u00e9 proti viceprezidentce Kamale Harrisov\u00e9, pokud by se dostala na vrchol.<\/span><\/p>\n<p><img decoding=\"async\" loading=\"lazy\" class=\"alignnone size-full wp-image-1185\" src=\"http:\/\/www.infokuryr.cz\/n\/wp-content\/uploads\/2021\/04\/kuryr-podpis.png\" alt=\"\" width=\"84\" height=\"24\" \/><\/p>\n<p>&nbsp;<\/p>\n","protected":false},"excerpt":{"rendered":"<p>Tento krok p\u0159i\u0161el uprost\u0159ed vnit\u0159n\u00edho tlaku, aby prezident vypadl z volebn\u00edho z\u00e1vodu Americk\u00e1 Demokratick\u00e1 strana&#8230;<\/p>\n","protected":false},"author":2,"featured_media":56662,"comment_status":"closed","ping_status":"closed","sticky":false,"template":"","format":"standard","meta":[],"categories":[7],"tags":[72,1310,37],"_links":{"self":[{"href":"https:\/\/www.infokuryr.cz\/n\/wp-json\/wp\/v2\/posts\/58114"}],"collection":[{"href":"https:\/\/www.infokuryr.cz\/n\/wp-json\/wp\/v2\/posts"}],"about":[{"href":"https:\/\/www.infokuryr.cz\/n\/wp-json\/wp\/v2\/types\/post"}],"author":[{"embeddable":true,"href":"https:\/\/www.infokuryr.cz\/n\/wp-json\/wp\/v2\/users\/2"}],"replies":[{"embeddable":true,"href":"https:\/\/www.infokuryr.cz\/n\/wp-json\/wp\/v2\/comments?post=58114"}],"version-history":[{"count":0,"href":"https:\/\/www.infokuryr.cz\/n\/wp-json\/wp\/v2\/posts\/58114\/revisions"}],"wp:featuredmedia":[{"embeddable":true,"href":"https:\/\/www.infokuryr.cz\/n\/wp-json\/wp\/v2\/media\/56662"}],"wp:attachment":[{"href":"https:\/\/www.infokuryr.cz\/n\/wp-json\/wp\/v2\/media?parent=58114"}],"wp:term":[{"taxonomy":"category","embeddable":true,"href":"https:\/\/www.infokuryr.cz\/n\/wp-json\/wp\/v2\/categories?post=58114"},{"taxonomy":"post_tag","embeddable":true,"href":"https:\/\/www.infokuryr.cz\/n\/wp-json\/wp\/v2\/tags?post=58114"}],"curies":[{"name":"wp","href":"https:\/\/api.w.org\/{rel}","templated":true}]}}