{"id":58092,"date":"2024-07-19T00:52:52","date_gmt":"2024-07-18T22:52:52","guid":{"rendered":"https:\/\/www.infokuryr.cz\/n\/?p=58092"},"modified":"2024-07-18T16:46:39","modified_gmt":"2024-07-18T14:46:39","slug":"hizballah-oficialne-truchli-po-serii-izraelskych-utoku-na-libanon","status":"publish","type":"post","link":"https:\/\/www.infokuryr.cz\/n\/2024\/07\/19\/hizballah-oficialne-truchli-po-serii-izraelskych-utoku-na-libanon\/","title":{"rendered":"Hizball\u00e1h ofici\u00e1ln\u011b truchl\u00ed po s\u00e9rii izraelsk\u00fdch \u00fatok\u016f na Libanon"},"content":{"rendered":"<div id=\"fb-root\"><\/div>\n<p><strong><span>Vojensk\u00fd p\u0159edstavitel libanonsk\u00e9ho Hizball\u00e1hu byl zabit 18. \u010dervence p\u0159i izraelsk\u00e9m \u00faderu, kter\u00fd se zam\u011b\u0159il na srdce t\u00e9to skupiny, ji\u017en\u00ed Libanon.<\/span><\/strong><\/p>\n<p><span>Libanonsk\u00e9 vojensk\u00e9 zdroje \u0159ekly \u010d\u00ednsk\u00e9 tiskov\u00e9 agentu\u0159e Xinhua, \u017ee izraelsk\u00fd bojov\u00fd dron vyp\u00e1lil t\u0159i rakety na auto \u00fa\u0159edn\u00edka, kdy\u017e se pohybovalo v hor\u00e1ch D\u017eibal al-Butm mezi m\u011bsty Seddiqine a Zibqine.<\/span><\/p>\n<p><span>\u00datok m\u011bl za n\u00e1sledek smrt \u00fa\u0159edn\u00edka Hassana Mouhanny, kter\u00fd se pod\u00edlel na vojensk\u00fdch operac\u00edch v z\u00e1padn\u00ed \u010d\u00e1sti pohrani\u010dn\u00ed oblasti na jihu Libanonu. Mouhanna pozd\u011bji v ofici\u00e1ln\u00edm prohl\u00e1\u0161en\u00ed oplak\u00e1val Hizball\u00e1h.<\/span><\/p>\n<p><iframe loading=\"lazy\" src=\"https:\/\/s5.cdnstatic.space\/wp-content\/uploads\/2024\/07\/twitsave.com_lWvH9mt3XeuyxiZR.mp4\" width=\"600\" height=\"338\" data-mce-fragment=\"1\"><\/iframe><\/p>\n<p><iframe loading=\"lazy\" src=\"https:\/\/s5.cdnstatic.space\/wp-content\/uploads\/2024\/07\/twitsave.com_87VKDkb2-SXqrE61.mp4\" width=\"600\" height=\"338\" data-mce-fragment=\"1\"><\/iframe><\/p>\n<p><span>Izraelsk\u00e9 obrann\u00e9 s\u00edly (IDF) samostatn\u011b ozn\u00e1mily, \u017ee jejich st\u00edha\u010dky zas\u00e1hly infrastrukturu Hizball\u00e1hu ve m\u011bst\u011b Ain al-Tineh ve v\u00fdchodolibanonsk\u00e9m guvernor\u00e1tu Beqaa. IDF tak\u00e9 uvedla, \u017ee zas\u00e1hla dv\u011b vojensk\u00e1 stanovi\u0161t\u011b skupiny v ji\u017en\u00edm Libanonu.<\/span><\/p>\n<p><iframe loading=\"lazy\" src=\"https:\/\/s5.cdnstatic.space\/wp-content\/uploads\/2024\/07\/twitsave.com_3HVyJ4wp_kbohChB.mp4\" width=\"600\" height=\"338\" data-mce-fragment=\"1\"><\/iframe><\/p>\n<p><span>D\u0159\u00edve v ten den byl Mohammad Hamid Jabara, \u010dlen jak Libanonsk\u00e9 isl\u00e1msk\u00e9 skupiny, tak vojensk\u00e9ho k\u0159\u00eddla palestinsk\u00e9ho hnut\u00ed Ham\u00e1s, zabit p\u0159i izraelsk\u00e9m \u00faderu, jeho\u017e c\u00edlem bylo m\u011bsto Ghazze v Beqaa. D\u017eabara byl podle IDF zodpov\u011bdn\u00fd za postup a prov\u00e1d\u011bn\u00ed \u00fatok\u016f, v\u010detn\u011b raketov\u00e9 palby, na Izrael.<\/span><\/p>\n<p><span>Hizball\u00e1h zat\u00edm nereagoval na ned\u00e1vn\u00e9 izraelsk\u00e9 \u00fadery. Skupina v\u0161ak ozn\u00e1mila dva \u00fatoky na podporu palestinsk\u00e9ho lidu a odporu v p\u00e1smu Gazy.<\/span><\/p>\n<p><span>V samostatn\u00fdch prohl\u00e1\u0161en\u00edch skupina uvedla, \u017ee jej\u00ed bojovn\u00edci za\u00fato\u010dili na sledovac\u00ed a zpravodajsk\u00e9 za\u0159\u00edzen\u00ed IDF v pohrani\u010dn\u00ed oblasti Hadib Yaren a osad\u011b Metula.<\/span><\/p>\n<p><span>Hizball\u00e1h a jeho spojenci zah\u00e1jili t\u00e9m\u011b\u0159 ka\u017edodenn\u00ed \u00fatoky proti IDF na podporu hnut\u00ed Hamas a dal\u0161\u00edch ozbrojen\u00fdch frakc\u00ed v Gaze po vypuknut\u00ed izraelsk\u00e9 v\u00e1lky v p\u00e1smu loni v \u0159\u00edjnu.<\/span><\/p>\n<p><img decoding=\"async\" loading=\"lazy\" class=\"alignnone size-full wp-image-1185\" src=\"http:\/\/www.infokuryr.cz\/n\/wp-content\/uploads\/2021\/04\/kuryr-podpis.png\" alt=\"\" width=\"84\" height=\"24\" \/><\/p>\n<p>&nbsp;<\/p>\n","protected":false},"excerpt":{"rendered":"<p>Vojensk\u00fd p\u0159edstavitel libanonsk\u00e9ho Hizball\u00e1hu byl zabit 18. \u010dervence p\u0159i izraelsk\u00e9m \u00faderu, kter\u00fd se zam\u011b\u0159il na&#8230;<\/p>\n","protected":false},"author":2,"featured_media":43543,"comment_status":"closed","ping_status":"closed","sticky":false,"template":"","format":"standard","meta":[],"categories":[7],"tags":[6772,405,5135],"_links":{"self":[{"href":"https:\/\/www.infokuryr.cz\/n\/wp-json\/wp\/v2\/posts\/58092"}],"collection":[{"href":"https:\/\/www.infokuryr.cz\/n\/wp-json\/wp\/v2\/posts"}],"about":[{"href":"https:\/\/www.infokuryr.cz\/n\/wp-json\/wp\/v2\/types\/post"}],"author":[{"embeddable":true,"href":"https:\/\/www.infokuryr.cz\/n\/wp-json\/wp\/v2\/users\/2"}],"replies":[{"embeddable":true,"href":"https:\/\/www.infokuryr.cz\/n\/wp-json\/wp\/v2\/comments?post=58092"}],"version-history":[{"count":0,"href":"https:\/\/www.infokuryr.cz\/n\/wp-json\/wp\/v2\/posts\/58092\/revisions"}],"wp:featuredmedia":[{"embeddable":true,"href":"https:\/\/www.infokuryr.cz\/n\/wp-json\/wp\/v2\/media\/43543"}],"wp:attachment":[{"href":"https:\/\/www.infokuryr.cz\/n\/wp-json\/wp\/v2\/media?parent=58092"}],"wp:term":[{"taxonomy":"category","embeddable":true,"href":"https:\/\/www.infokuryr.cz\/n\/wp-json\/wp\/v2\/categories?post=58092"},{"taxonomy":"post_tag","embeddable":true,"href":"https:\/\/www.infokuryr.cz\/n\/wp-json\/wp\/v2\/tags?post=58092"}],"curies":[{"name":"wp","href":"https:\/\/api.w.org\/{rel}","templated":true}]}}