{"id":5808,"date":"2021-10-31T04:39:26","date_gmt":"2021-10-31T03:39:26","guid":{"rendered":"http:\/\/www.infokuryr.cz\/n\/?p=5808"},"modified":"2021-10-31T04:39:26","modified_gmt":"2021-10-31T03:39:26","slug":"klaus-u-nas-se-prezidentem-stava-nekdo-s-pribehem-ne-kiska-nebo-caputova-babis-do-klani-vstoupi","status":"publish","type":"post","link":"https:\/\/www.infokuryr.cz\/n\/2021\/10\/31\/klaus-u-nas-se-prezidentem-stava-nekdo-s-pribehem-ne-kiska-nebo-caputova-babis-do-klani-vstoupi\/","title":{"rendered":"Klaus: U n\u00e1s se prezidentem st\u00e1v\u00e1 n\u011bkdo s p\u0159\u00edb\u011bhem, ne Kiska nebo \u010caputov\u00e1. Babi\u0161 do kl\u00e1n\u00ed vstoup\u00ed"},"content":{"rendered":"<div id=\"fb-root\"><\/div>\n<p><strong>Exprezident \u010cR V\u00e1clav Klaus poskytl novin\u00e1\u0159\u016fm rozhovor, ve kter\u00e9m nenechal k\u00e1men na kameni na schopnostech nov\u00e9 vl\u00e1dy ke shod\u011b a perspektivn\u00edmu \u0159\u00edzen\u00ed. Schytal to i Sen\u00e1t, a naopak doty\u010dn\u00fd ujistil spoluob\u010dany, \u017ee prezident Milo\u0161 Zeman nepochybn\u011b v\u0161echno zvl\u00e1dne. Na konci rozhovoru prozradil, na jak\u00e9 prezidenty jsou \u010ce\u0161i zvykl\u00ed.<\/strong><\/p>\n<p>Rozhovor za\u010dal diskus\u00ed o zdravotn\u00edm stavu prezidenta, kter\u00e9ho Klaus p\u0159ed t\u00fddnem nav\u0161t\u00edvil v nemocnici, a tak\u00e9 ot\u00e1zkou vhodnosti pou\u017eit\u00ed \u010dl\u00e1nku 66 \u00dastavy a odebr\u00e1n\u00ed pravomoc\u00ed prezidenta. Nejprve Klaus p\u0159iznal, \u017ee s\u00e1m\u00a0podlehl atmosf\u00e9\u0159e, \u201ekterou ohledn\u011b nemoci prezidenta Vystr\u010dil a Fischer vytvo\u0159ili\u201c, ale podotkl, \u017ee \u201ena\u0161el\u201c Milo\u0161e Zemana v lep\u0161\u00ed kondici, ne\u017e \u010dekal. Potvrdil, \u017ee je Zeman v\u00e1\u017en\u011b nemocen, ale p\u0159itom je p\u0159esv\u011bd\u010den, \u017ee je prezident schopen vykonat p\u00e1r d\u00edl\u010d\u00edch rozhodnut\u00ed.<\/p>\n<p>\u201eV souvislosti s demis\u00ed vl\u00e1dy a jmenov\u00e1n\u00edm nov\u00e9ho p\u0159edsedy vl\u00e1dy. Ty, j\u00e1 mysl\u00edm, on stoprocentn\u011b zvl\u00e1dne,\u201c \u0159ekl Klaus.<\/p>\n<p>V souvislosti s ot\u00e1zkou aktivace \u010dl\u00e1nku 66 ozna\u010dil\u00a0Sen\u00e1t \u010cR\u00a0za \u201ene\u0161\u0165astnou instituci\u201c a \u201enecht\u011bn\u00e9 d\u00edt\u011b\u201c.<\/p>\n<p>\u201eJ\u00e1 proti Sen\u00e1tu dlouho bojoval, mysl\u00edm, \u017ee je ne\u0161t\u011bst\u00ed, \u017ee ho m\u00e1me. A mysl\u00edm, \u017ee si to s sebou Sen\u00e1t t\u00e1hne od za\u010d\u00e1tku do konce. Co se t\u00fd\u010de nyn\u011bj\u0161\u00edch snah, jsou to takov\u00ed nedo\u010dkavci. Ti u\u017e se vid\u00ed, \u017ee budou demiurgov\u00e9 na\u0161\u00ed spole\u010dnosti. Po\u0159\u00e1d jim trv\u00e1, ne\u017e se k tomu dostanou. Je to nedo\u010dkavost, d\u011btinsk\u00e1 nedo\u010dkavost,\u201c ne\u0161et\u0159il kritikou v\u016f\u010di p\u0159edsedovi Sen\u00e1tu Milo\u0161i Vystr\u010dilovi (ODS) a jeho koleg\u016fm a kolegyn\u00edm.<\/p>\n<p>Tvrd\u00fd byl i v\u016f\u010di mo\u017en\u00e9 p\u0159\u00ed\u0161t\u00ed vl\u00e1d\u011b Petra Fialy (ODS). Podle n\u011bj\u00a0\u010dlenov\u00e9 p\u011btikoalice\u00a0nebyli v\u016fbec p\u0159ipraveni na to, \u017ee to tak dopadne, a mysleli, \u017ee bude dlouh\u00e1 doba mezidob\u00ed, tak\u017ee te\u010f nejsou tak siln\u00ed p\u0159i budov\u00e1n\u00ed pozitivn\u00edho konstruktivn\u00edho programu.<\/p>\n<p>\u201eJe velik\u00fd rozd\u00edl dohodnout se na pozitivn\u00edm programu od kritiky, je\u0161t\u011b tak zjednodu\u0161en\u00e9 na programu Antibabi\u0161. To je heslo, kter\u00e9 se k\u0159i\u010d\u00ed na n\u00e1m\u011bst\u00edch snadno. Ale co ud\u011blat s dne\u0161n\u00ed dev\u00edtihlavou san\u00ed zvanou inflace, co se zbour\u00e1n\u00edm z\u00e1kladny energetick\u00e9ho pr\u016fmyslu, co s nabouran\u00fdmi vztahy s mnoha zem\u011bmi sv\u011bta..,\u201c\u00a0uvedl.<\/p>\n<p>To podle n\u011bj plat\u00ed i v ekonomick\u00e9 oblasti, kde by si Klaus um\u011bl p\u0159edstavit Jana Skope\u010dka na pozici ministra financ\u00ed. Ale ministrem financ\u00ed se podle v\u0161eho stane Zbyn\u011bk Stanjura, kter\u00fd studoval informatiku. To v Klausovi nevzbuzuje moc nad\u011bj\u00ed.<\/p>\n<p>Na adresu p\u0159edsedkyn\u011b TOP 09\u00a0<strong>Mark\u00e9ty Pekarov\u00e9 Adamov\u00e9<\/strong>, kter\u00e1 se m\u016f\u017ee st\u00e1t p\u0159\u00ed\u0161t\u00ed p\u0159edsedkyn\u00ed Poslaneck\u00e9 sn\u011bmovny, uvedl, \u017ee si v t\u00e9to funkci povede velmi zd\u00e1rn\u011b.<\/p>\n<p>\u201eProto\u017ee z n\u00ed \u2013 z jej\u00edch o\u010d\u00ed a tv\u00e1\u0159e \u2013 \u010di\u0161\u00ed zlo. Mysl\u00edm, \u017ee je tam kondenzovan\u00e9. V\u011b\u0159\u00edm, \u017ee bude toto schopna uplat\u0148ovat, kdy\u017e se budou bavit poslanci, nev\u011bnovat dostate\u010dnou pozornost projedn\u00e1v\u00e1n\u00ed, sva\u010dit ve Sn\u011bmovn\u011b, telefonovat, nenosit rou\u0161ky. Tak bude m\u00edt \u0161anci, aby sv\u00e9 skute\u010dn\u00e9 j\u00e1 uplatnila,\u201c promluvil.<\/p>\n<p>Naproti tomu ozna\u010dil za skand\u00e1ln\u00ed, \u017ee z veden\u00ed Sn\u011bmovny s vysokou pravd\u011bpodobnost\u00ed vypadne p\u0159edseda SPD\u00a0Tomio Okamura.<\/p>\n<p>Nov\u00e1 ministerstva pro digitalizaci a IT technologie a pro Evropskou unii, kter\u00e9 nov\u00e1 vl\u00e1da hodl\u00e1 z\u0159\u00eddit, jsou podle Klause zbyte\u010dn\u00e9.<\/p>\n<p>\u201eKdyby Lenin v roce 1920 d\u011blal ministerstvo elektrifikace, tak bych to ch\u00e1pal, proto\u017ee cht\u011bli elektrifikov\u00e1t velk\u00fd Sov\u011btsk\u00fd svaz. Ale mysl\u00edm, \u017ee my jsme a\u017e p\u0159edigitalizovan\u00ed, tak\u017ee nen\u00ed pot\u0159eba ministerstva,\u201c \u0159ekl.<\/p>\n<p>Konec rozhovoru byl v\u011bnov\u00e1n Andreji Babi\u0161ovi a jeho vyhl\u00eddk\u00e1m na opozi\u010dn\u00ed lavice. Podle Klause mu tam nebude moc p\u0159\u00edjemn\u011b, proto\u017ee \u201ety \u017eidle a lavice jsou tam mal\u00e9, jsou stra\u0161n\u011b nepohodln\u00e9\u201c. P\u0159ipustil tak\u00e9, \u017ee se p\u0159edseda ANO o\u00a0kandidaturu na prezidenta\u00a0bude uch\u00e1zet, proto\u017ee k tomu existuj\u00ed jist\u00e9 p\u0159edpoklady.<\/p>\n<p>\u201eMy jsme navykl\u00ed na to, abychom za prezidenty nem\u011bli Kisku, \u010caputovou a podobn\u00e9 jedince. My si navykli, \u017ee se u n\u00e1s prezidentem st\u00e1v\u00e1 n\u011bkdo takzvan\u011b s p\u0159\u00edb\u011bhem. Babi\u0161 nepochybn\u011b s jist\u00fdm p\u0159\u00edb\u011bhem do prezidentsk\u00e9ho kl\u00e1n\u00ed vstoup\u00ed,\u201c prohl\u00e1sil exprezident Klaus.<\/p>\n<p><a href=\"https:\/\/cz.sputniknews.com\/20211030\/klaus-u-nas-se-prezidentem-stava-nekdo-s-pribehem-ne-kiska-nebo-caputova-babis-do-klani-vstoupi-16343092.html\">ZDROJ<\/a><\/p>\n<p>&nbsp;<\/p>\n","protected":false},"excerpt":{"rendered":"<p>Exprezident \u010cR V\u00e1clav Klaus poskytl novin\u00e1\u0159\u016fm rozhovor, ve kter\u00e9m nenechal k\u00e1men na kameni na schopnostech&#8230;<\/p>\n","protected":false},"author":2,"featured_media":970,"comment_status":"closed","ping_status":"closed","sticky":false,"template":"","format":"standard","meta":[],"categories":[6],"tags":[165,1052,459],"_links":{"self":[{"href":"https:\/\/www.infokuryr.cz\/n\/wp-json\/wp\/v2\/posts\/5808"}],"collection":[{"href":"https:\/\/www.infokuryr.cz\/n\/wp-json\/wp\/v2\/posts"}],"about":[{"href":"https:\/\/www.infokuryr.cz\/n\/wp-json\/wp\/v2\/types\/post"}],"author":[{"embeddable":true,"href":"https:\/\/www.infokuryr.cz\/n\/wp-json\/wp\/v2\/users\/2"}],"replies":[{"embeddable":true,"href":"https:\/\/www.infokuryr.cz\/n\/wp-json\/wp\/v2\/comments?post=5808"}],"version-history":[{"count":0,"href":"https:\/\/www.infokuryr.cz\/n\/wp-json\/wp\/v2\/posts\/5808\/revisions"}],"wp:featuredmedia":[{"embeddable":true,"href":"https:\/\/www.infokuryr.cz\/n\/wp-json\/wp\/v2\/media\/970"}],"wp:attachment":[{"href":"https:\/\/www.infokuryr.cz\/n\/wp-json\/wp\/v2\/media?parent=5808"}],"wp:term":[{"taxonomy":"category","embeddable":true,"href":"https:\/\/www.infokuryr.cz\/n\/wp-json\/wp\/v2\/categories?post=5808"},{"taxonomy":"post_tag","embeddable":true,"href":"https:\/\/www.infokuryr.cz\/n\/wp-json\/wp\/v2\/tags?post=5808"}],"curies":[{"name":"wp","href":"https:\/\/api.w.org\/{rel}","templated":true}]}}