{"id":58070,"date":"2024-07-19T00:39:07","date_gmt":"2024-07-18T22:39:07","guid":{"rendered":"https:\/\/www.infokuryr.cz\/n\/?p=58070"},"modified":"2024-07-18T15:53:59","modified_gmt":"2024-07-18T13:53:59","slug":"vice-nez-320-mrtvych-a-zranenych-v-gaze-za-dva-dny-mezinarodne-zakazanymi-chemickymi-zbranemi","status":"publish","type":"post","link":"https:\/\/www.infokuryr.cz\/n\/2024\/07\/19\/vice-nez-320-mrtvych-a-zranenych-v-gaze-za-dva-dny-mezinarodne-zakazanymi-chemickymi-zbranemi\/","title":{"rendered":"V\u00edce ne\u017e 320 mrtv\u00fdch a zran\u011bn\u00fdch v Gaze za dva dny \u201emezin\u00e1rodn\u011b zak\u00e1zan\u00fdmi\u201c chemick\u00fdmi zbran\u011bmi"},"content":{"rendered":"<div id=\"fb-root\"><\/div>\n<p><span>Vl\u00e1da Hamasu v p\u00e1smu Gazy v pond\u011bl\u00ed odsoudila p\u0159\u00edchod v\u00edce ne\u017e 320 mrtv\u00fdch a zran\u011bn\u00fdch do nemocnic enkl\u00e1vy za posledn\u00ed dva dny, jejich\u017e t\u011bla\u00a0byla sp\u00e1lena izraelskou arm\u00e1dou p\u0159i\u00a0<\/span><strong><span>\u00a0pou\u017eit\u00ed \u201emezin\u00e1rodn\u011b zak\u00e1zan\u00fdch zbran\u00ed\u201c.\u00a0<\/span><\/strong><\/p>\n<p><span>&#8222;Podle l\u00e9ka\u0159sk\u00fdch odhad\u016f jsou zbran\u011b pou\u017e\u00edvan\u00e9 izraelsk\u00fdmi okupa\u010dn\u00edmi silami, kter\u00e9 zp\u016fsobuj\u00ed pop\u00e1leniny t\u0159et\u00edho stupn\u011b, tepeln\u00e9 nebo chemick\u00e9 zbran\u011b,&#8220; uvedla islamistick\u00e1 skupina v prohl\u00e1\u0161en\u00ed. Ham\u00e1s dodal, \u017ee mnoho\u00a0<\/span><strong><span>\u00a0z t\u011bchto zbran\u00ed se vyr\u00e1b\u00ed ve Spojen\u00fdch st\u00e1tech<\/span><\/strong><span>\u00a0, a ve sv\u00e9m poselstv\u00ed zopakoval, \u017ee vin\u00ed americkou vl\u00e1du z n\u00e1sil\u00ed souvisej\u00edc\u00edho s dod\u00e1vkami zbran\u00ed do Izraele.<\/span><\/p>\n<p><span>Podle islamistick\u00e9 skupiny poslaly Spojen\u00e9 st\u00e1ty Izraeli\u00a0\u00a0mimo jin\u00e9 bomby GBU 28, bomby nav\u00e1d\u011bn\u00e9 GPS ur\u010den\u00e9 k ni\u010den\u00ed infrastruktury,\u00a0<\/span><strong><span>mezin\u00e1rodn\u011b zak\u00e1zan\u00e9 bomby s b\u00edl\u00fdm fosforem , ne\u0159\u00edzen\u00e9 bomby a chytr\u00e9 bomby JDAM.<\/span><\/strong><\/p>\n<p><span>N\u011bkter\u00e1 m\u00e9dia v minul\u00fdch hodin\u00e1ch zve\u0159ejnila, \u017ee posledn\u011b jmenovan\u00fd typ munice byl pou\u017eit p\u0159i sobotn\u00edm \u00fatoku\u00a0\u00a0<\/span><strong><span>na humanit\u00e1rn\u00ed oblast Mawasi<\/span><\/strong><span>\u00a0\u00a0na jihu p\u00e1sma Gazy, kter\u00fd se zam\u011b\u0159il na \u201e\u010d\u00edslo 2\u201c Hamasu v enkl\u00e1v\u011b, Mohamed Deif a v p\u0159i kter\u00e9m zahynulo t\u00e9m\u011b\u0159 90 lid\u00ed.<\/span><\/p>\n<p><span>Deif\u016fv osud je nejist\u00fd, ale jeho prav\u00e1 ruka, velitel brig\u00e1dy Khan Younis Rafaa Salameh, zem\u0159el p\u0159i bombardov\u00e1n\u00ed. Izraelsk\u00e9 \u00fatoky si nav\u00edc\u00a0 jen za posledn\u00edch 24 hodin\u00a0<\/span><strong><span>v p\u00e1smu Gazy vy\u017e\u00e1daly 80 mrtv\u00fdch a 216 zran\u011bn\u00fdch<\/span><\/strong><span>\u00a0, uv\u00e1d\u00ed ministerstvo zdravotnictv\u00ed v Gaze kontrolovan\u00e9 Hamasem.<\/span><\/p>\n<p><img decoding=\"async\" loading=\"lazy\" class=\"alignnone size-full wp-image-1185\" src=\"http:\/\/www.infokuryr.cz\/n\/wp-content\/uploads\/2021\/04\/kuryr-podpis.png\" alt=\"\" width=\"84\" height=\"24\" \/><\/p>\n<p>&nbsp;<\/p>\n","protected":false},"excerpt":{"rendered":"<p>Vl\u00e1da Hamasu v p\u00e1smu Gazy v pond\u011bl\u00ed odsoudila p\u0159\u00edchod v\u00edce ne\u017e 320 mrtv\u00fdch a zran\u011bn\u00fdch&#8230;<\/p>\n","protected":false},"author":2,"featured_media":58071,"comment_status":"closed","ping_status":"closed","sticky":false,"template":"","format":"standard","meta":[],"categories":[7],"tags":[1913,348,347,107,353],"_links":{"self":[{"href":"https:\/\/www.infokuryr.cz\/n\/wp-json\/wp\/v2\/posts\/58070"}],"collection":[{"href":"https:\/\/www.infokuryr.cz\/n\/wp-json\/wp\/v2\/posts"}],"about":[{"href":"https:\/\/www.infokuryr.cz\/n\/wp-json\/wp\/v2\/types\/post"}],"author":[{"embeddable":true,"href":"https:\/\/www.infokuryr.cz\/n\/wp-json\/wp\/v2\/users\/2"}],"replies":[{"embeddable":true,"href":"https:\/\/www.infokuryr.cz\/n\/wp-json\/wp\/v2\/comments?post=58070"}],"version-history":[{"count":0,"href":"https:\/\/www.infokuryr.cz\/n\/wp-json\/wp\/v2\/posts\/58070\/revisions"}],"wp:featuredmedia":[{"embeddable":true,"href":"https:\/\/www.infokuryr.cz\/n\/wp-json\/wp\/v2\/media\/58071"}],"wp:attachment":[{"href":"https:\/\/www.infokuryr.cz\/n\/wp-json\/wp\/v2\/media?parent=58070"}],"wp:term":[{"taxonomy":"category","embeddable":true,"href":"https:\/\/www.infokuryr.cz\/n\/wp-json\/wp\/v2\/categories?post=58070"},{"taxonomy":"post_tag","embeddable":true,"href":"https:\/\/www.infokuryr.cz\/n\/wp-json\/wp\/v2\/tags?post=58070"}],"curies":[{"name":"wp","href":"https:\/\/api.w.org\/{rel}","templated":true}]}}