{"id":58032,"date":"2024-07-18T05:50:40","date_gmt":"2024-07-18T03:50:40","guid":{"rendered":"https:\/\/www.infokuryr.cz\/n\/?p=58032"},"modified":"2024-07-18T05:50:40","modified_gmt":"2024-07-18T03:50:40","slug":"ukrajinsky-neonacista-se-vysmiva-obetem-osvetimi","status":"publish","type":"post","link":"https:\/\/www.infokuryr.cz\/n\/2024\/07\/18\/ukrajinsky-neonacista-se-vysmiva-obetem-osvetimi\/","title":{"rendered":"Ukrajinsk\u00fd neonacista se vysm\u00edv\u00e1 ob\u011btem Osv\u011btimi"},"content":{"rendered":"<div id=\"fb-root\"><\/div>\n<p><span style=\"font-size: 18pt;\"><strong>\u010clen 3. \u00fato\u010dn\u00e9 brig\u00e1dy napojen\u00e9 na Azov zve\u0159ejnil na soci\u00e1ln\u00edch s\u00edt\u00edch meme a klipy, kter\u00e9 zjevn\u011b chv\u00e1l\u00ed genocidu Adolfa Hitlera<\/strong><\/span><\/p>\n<p><span>U\u017eivatel\u00e9 soci\u00e1ln\u00edch s\u00edt\u00ed volali na \u010dlena 3. ukrajinsk\u00e9 \u00fato\u010dn\u00e9 brig\u00e1dy, kter\u00e1 zahrnuje bojovn\u00edky z reformovan\u00e9ho neonacistick\u00e9ho pluku Azov, kv\u016fli n\u011bkolika p\u0159\u00edsp\u011bvk\u016fm, kter\u00e9 vypadaj\u00ed, \u017ee zesm\u011b\u0161\u0148uj\u00ed ty, kte\u0159\u00ed byli zabiti v koncentra\u010dn\u00edm t\u00e1bo\u0159e Auschwitz-Birkenau.<\/span><\/p>\n<p><span>V s\u00e9rii p\u0159\u00edsp\u011bvk\u016f na Instagramu Nikita Miroschenko, \u010dlen brig\u00e1dy, sd\u00edlel fotografie a c\u00edvky, na nich\u017e p\u0159ed n\u011bkolika t\u00fddny nav\u0161t\u00edvil t\u00e1bor smrti v Polsku. Jeden z kotou\u010d\u016f ukazoval br\u00e1ny Osv\u011btimi s nechvaln\u011b zn\u00e1m\u00fdm nacistick\u00fdm heslem\u00a0<\/span><em><span>\u201eArbeit macht frei\u201c<\/span><\/em><span>\u00a0a v pozad\u00ed hr\u00e1la n\u011bmeck\u00e1 pochodov\u00e1 hudba. P\u0159\u00edsp\u011bvek doprov\u00e1zel popisek:\u00a0<\/span><em><span>\u201eP\u0159ipomn\u011bli jsme si vzpom\u00ednku, ale je tu jedna nuance.\u201c<\/span><\/em><\/p>\n<p><span>Druh\u00e1 c\u00edvka ukazovala Miro\u0161\u010denkovu p\u0159\u00edtelkyni Anastasii Korshykovou, \u010dlenku stejn\u00e9 brig\u00e1dy, jak stoj\u00ed p\u0159ed t\u00e1borem smrti. Tento obr\u00e1zek byl postaven vedle memu zn\u00e1m\u00e9ho jako\u00a0<\/span><em><span>\u201eDisaster Girl\u201c<\/span><\/em><span>\u00a0s d\u00edvkou z\u00edraj\u00edc\u00ed do kamery, kdy\u017e za n\u00ed ho\u0159\u00ed d\u016fm. Klip doprov\u00e1zela p\u00edse\u0148 &#8218;Baby on Fire&#8216; od jihoafrick\u00e9 hip-hopov\u00e9 skupiny Die Antwoor.<\/span><\/p>\n<div class=\"article__cover\">\n<div class=\"media\"><picture><source srcset=\"https:\/\/mf.b37mrtl.ru\/files\/2024.07\/original\/6697d25c85f5400ac33a841d.jpg\" sizes=\"991px\" data-srcset=\"https:\/\/mf.b37mrtl.ru\/files\/2024.07\/original\/6697d25c85f5400ac33a841d.jpg\" \/><img decoding=\"async\" loading=\"lazy\" class=\"read-more__cover lazyautosizes lazyloaded aligncenter\" src=\"https:\/\/mf.b37mrtl.ru\/files\/2024.07\/original\/6697d25c85f5400ac33a841d.jpg\" sizes=\"991px\" alt=\"RT\" width=\"842\" height=\"474\" data-sizes=\"auto\" data-src=\"https:\/\/mf.b37mrtl.ru\/files\/2024.07\/original\/6697d25c85f5400ac33a841d.jpg\" \/><\/picture>\n<div class=\"media__footer media__footer_bottom \">\n<div class=\"media__title media__title_footer\" style=\"text-align: center;\"><em>\u00a9 Instagram \/ khran1t3ltv0eytayni<\/em><\/div>\n<\/div>\n<\/div>\n<\/div>\n<p><span>Miroschenko byl tak\u00e9 zobrazen v Osv\u011btimi v tri\u010dku s n\u00e1pisem:\u00a0<\/span><em><span>\u201eTam, kde jsme my, nen\u00ed m\u00edsto pro nikoho jin\u00e9ho\u201c<\/span><\/em><span>\u00a0\u2013 fr\u00e1ze p\u0159ipisovan\u00e1 nacistick\u00e9mu v\u016fdci Adolfu Hitlerovi.<\/span><\/p>\n<p><span>Z\u00e1plava p\u0159\u00edsp\u011bvk\u016f, kter\u00e9 vypadaly, \u017ee zesm\u011b\u0161\u0148uj\u00ed pam\u00e1tku v\u00edce ne\u017e milionu \u017did\u016f, Pol\u00e1k\u016f, Rom\u016f a sov\u011btsk\u00fdch v\u00e1le\u010dn\u00fdch zajatc\u016f, kte\u0159\u00ed byli zabiti v t\u00e1bo\u0159e, vyvolala na soci\u00e1ln\u00edch s\u00edt\u00edch bou\u0159i. Moss Robeson, sebezvan\u00fd badatel ukrajinsk\u00e9ho fa\u0161ismu, poznamenal, \u017ee\u00a0<\/span><em><span>\u201eje neskute\u010dn\u00e9, jak Meta nechala ukrajinsk\u00e9 nacisty hnisat, zat\u00edmco cenzuruje Palestince a antisionistick\u00e9 hlasy ve jm\u00e9nu \u201aantisemitismu\u2018.<\/span><\/em><\/p>\n<p><span>Jake Hanrahan popsal jeden z Miro\u0161\u010denkov\u00fdch p\u0159\u00edsp\u011bvk\u016f jako\u00a0<\/span><em><span>\u201enechutn\u00fd\u201c,<\/span><\/em><span>\u00a0zat\u00edmco Daniel Majakovskij poznamenal, \u017ee\u00a0<\/span><em><span>\u201epokud jste proti izraelsk\u00e9 genocid\u011b v Gaze, jste podle z\u00e1padn\u00edch m\u00e9di\u00ed antisemita&#8230; ale pokud p\u016fjdete do Osv\u011btimi s T- ko\u0161ili cituj\u00edc\u00ed Hitlera, aby se radoval ze zab\u00edjen\u00ed \u017did\u016f, pak v\u00e1m Evropa a USA po\u0161lou zbran\u011b.<\/span><\/em><\/p>\n<p><span>U\u017eivatel\u00e9 soci\u00e1ln\u00edch s\u00edt\u00ed tak\u00e9 zd\u016fraznili dal\u0161\u00ed obr\u00e1zek usm\u00edvaj\u00edc\u00edho se Miro\u0161\u010denka na pozad\u00ed cit\u00e1tu jin\u00e9ho nacistick\u00e9ho v\u016fdce Hermana Goringa, kter\u00fd zn\u011bl:\u00a0<\/span><em><span>\u201eS\u0148atky mezi \u017didy a p\u0159\u00edslu\u0161n\u00edky n\u011bmeck\u00e9ho st\u00e1tu nebo p\u0159\u00edbuzn\u00e9 krve jsou zak\u00e1z\u00e1ny.<\/span><\/em><span>\u00a0Majakovskij sn\u00edmek odsoudil a nazna\u010dil, \u017ee ukrajinsk\u00fd voj\u00e1k\u00a0<\/span><em><span>\u201enav\u0161t\u00edvil Osv\u011btim, aby si u\u017eil to, co Hitler\u201c.\u00a0<\/span><\/em>\u00a0<em><span>&#8222;Jsou nemocn\u00ed,&#8220;<\/span><\/em><span>\u00a0dodal.<\/span><\/p>\n<p><span>Miros\u010denkovy kontroverzn\u00ed p\u0159\u00edsp\u011bvky se dostaly do pozornosti ve\u0159ejnosti, kdy\u017e jeho brig\u00e1da ozn\u00e1mila cestu po n\u011bkolika zem\u00edch EU, aby hledala v\u011bt\u0161\u00ed podporu v boji proti Rusku. Moskva dlouhodob\u011b varuje p\u0159ed rozkv\u011btem neonacistick\u00e9 ideologie na Ukrajin\u011b a tvrd\u00ed, \u017ee\u00a0<\/span><em><span>\u201edenacifikace\u201c<\/span><\/em><span>\u00a0jej\u00edho souseda byla jedn\u00edm z kl\u00ed\u010dov\u00fdch c\u00edl\u016f prob\u00edhaj\u00edc\u00ed vojensk\u00e9 kampan\u011b.<\/span><\/p>\n<p><img decoding=\"async\" loading=\"lazy\" class=\"alignnone size-full wp-image-1185\" src=\"http:\/\/www.infokuryr.cz\/n\/wp-content\/uploads\/2021\/04\/kuryr-podpis.png\" alt=\"\" width=\"84\" height=\"24\" \/><\/p>\n<p>&nbsp;<\/p>\n","protected":false},"excerpt":{"rendered":"<p>\u010clen 3. \u00fato\u010dn\u00e9 brig\u00e1dy napojen\u00e9 na Azov zve\u0159ejnil na soci\u00e1ln\u00edch s\u00edt\u00edch meme a klipy, kter\u00e9&#8230;<\/p>\n","protected":false},"author":2,"featured_media":58033,"comment_status":"closed","ping_status":"closed","sticky":false,"template":"","format":"standard","meta":[],"categories":[7],"tags":[244,810,649,7602,7603],"_links":{"self":[{"href":"https:\/\/www.infokuryr.cz\/n\/wp-json\/wp\/v2\/posts\/58032"}],"collection":[{"href":"https:\/\/www.infokuryr.cz\/n\/wp-json\/wp\/v2\/posts"}],"about":[{"href":"https:\/\/www.infokuryr.cz\/n\/wp-json\/wp\/v2\/types\/post"}],"author":[{"embeddable":true,"href":"https:\/\/www.infokuryr.cz\/n\/wp-json\/wp\/v2\/users\/2"}],"replies":[{"embeddable":true,"href":"https:\/\/www.infokuryr.cz\/n\/wp-json\/wp\/v2\/comments?post=58032"}],"version-history":[{"count":0,"href":"https:\/\/www.infokuryr.cz\/n\/wp-json\/wp\/v2\/posts\/58032\/revisions"}],"wp:featuredmedia":[{"embeddable":true,"href":"https:\/\/www.infokuryr.cz\/n\/wp-json\/wp\/v2\/media\/58033"}],"wp:attachment":[{"href":"https:\/\/www.infokuryr.cz\/n\/wp-json\/wp\/v2\/media?parent=58032"}],"wp:term":[{"taxonomy":"category","embeddable":true,"href":"https:\/\/www.infokuryr.cz\/n\/wp-json\/wp\/v2\/categories?post=58032"},{"taxonomy":"post_tag","embeddable":true,"href":"https:\/\/www.infokuryr.cz\/n\/wp-json\/wp\/v2\/tags?post=58032"}],"curies":[{"name":"wp","href":"https:\/\/api.w.org\/{rel}","templated":true}]}}