{"id":580,"date":"2021-04-09T06:42:01","date_gmt":"2021-04-09T04:42:01","guid":{"rendered":"http:\/\/www.infokuryr.cz\/n\/?p=580"},"modified":"2021-04-09T06:42:01","modified_gmt":"2021-04-09T04:42:01","slug":"otevreny-dopis-rediteli-ceske-televize","status":"publish","type":"post","link":"https:\/\/www.infokuryr.cz\/n\/2021\/04\/09\/otevreny-dopis-rediteli-ceske-televize\/","title":{"rendered":"Otev\u0159en\u00fd dopis \u0159editeli \u010cesk\u00e9 televize"},"content":{"rendered":"<div id=\"fb-root\"><\/div>\n<p><strong>4. b\u0159ezna 2021<\/strong><\/p>\n<p><strong>Vedouc\u00ed Kancel\u00e1\u0159e prezidenta republiky Ing. Vratislav Myn\u00e1\u0159 odeslal dne 4. b\u0159ezna 2021 otev\u0159en\u00fd dopis \u0159editeli \u010cesk\u00e9 televize Ing. Petru Dvo\u0159\u00e1kovi v n\u00e1sleduj\u00edc\u00edm zn\u011bn\u00ed.<\/strong><\/p>\n<p>V\u00e1\u017een\u00fd pane \u0159editeli,<\/p>\n<p>dovoluji si formou otev\u0159en\u00e9ho dopisu reagovat na Va\u0161e v\u00fdroky t\u00fdkaj\u00edc\u00ed se \u00fadajn\u00e9 snahy \u201eHradu\u201c o Va\u0161e odvol\u00e1n\u00ed, kter\u00e9 pova\u017euji za \u00fasm\u011bvn\u00e9 a v r\u00e1mci snahy o zachov\u00e1n\u00ed Va\u0161\u00ed d\u016fstojnosti je ani nebudu d\u00e1le rozv\u00e1d\u011bt. Z\u00e1rove\u0148 si ale dovol\u00edm reagovat na Va\u0161e v\u00fdroky o pl\u00e1novan\u00e9m lobbov\u00e1n\u00ed za zv\u00fd\u0161en\u00ed koncesion\u00e1\u0159sk\u00fdch poplatk\u016f.<\/p>\n<p>Na\u0161e zem\u011b se nach\u00e1z\u00ed ve slo\u017eit\u00e9 situaci. Nejen st\u00e1tn\u00ed pokladna trp\u00ed pod t\u00ed\u017e\u00ed koronavirov\u00e9 krize. \u010c\u00edm d\u00e1l v\u00edce dol\u00e9haj\u00ed nutn\u00e1 opat\u0159en\u00ed i na v\u0161echny ob\u010dany t\u00e9to zem\u011b. Velk\u00e1 \u010d\u00e1st z nich p\u0159i\u0161la o zam\u011bstn\u00e1n\u00ed, \u00faspory, a trouf\u00e1m si \u0159\u00edct i o \u017eivotn\u00ed pohodu a jistotu. Kdo musel p\u0159ed dv\u011bma lety v\u00e1\u017eit ka\u017edou korunu vydanou z rodinn\u00e9ho rozpo\u010dtu, ji dnes mus\u00ed dvakr\u00e1t \u010di t\u0159ikr\u00e1t p\u0159eva\u017eovat. V dob\u011b, kdy \u010desk\u00e1 vl\u00e1da hled\u00e1 a nal\u00e9z\u00e1 cesty, jak da\u0148ov\u00fdm poplatn\u00edk\u016fm situaci uleh\u010dit, bychom se zv\u00fd\u0161en\u00edm koncesion\u00e1\u0159sk\u00fdch poplatk\u016f v dob\u011b pandemie stali celosv\u011btov\u00fdm unik\u00e1tem. U\u017e tak je v\u00fd\u0161e t\u011bchto poplatk\u016f v porovn\u00e1n\u00ed se zem\u011bmi st\u0159edn\u00ed Evropy v p\u0159epo\u010dtu na HDP jedna z nejvy\u0161\u0161\u00edch. V\u00e1\u0161 n\u00e1vrh pova\u017euji v souvislosti s v\u00fd\u0161e popsan\u00fdm za naprosto asoci\u00e1ln\u00ed, \u0161okuj\u00edc\u00ed a mimo\u0159\u00e1dn\u011b ostudn\u00fd. Stejn\u011b jako Va\u0161e pl\u00e1ny na v\u00fdstavbu nov\u00fdch budov za p\u016fl miliardy korun. V\u00e1\u0161 povzdech nad t\u00edm, \u017ee V\u00e1m nebyla Radou \u010cT schv\u00e1lena mimo\u0159\u00e1dn\u00e1 odm\u011bna ve v\u00fd\u0161i dvou milion\u016f korun, u\u017e v t\u00e9to konstelaci n\u00e1pad\u016f pova\u017euji sp\u00ed\u0161e za t\u0159e\u0161ni\u010dku na mimo\u0159\u00e1dn\u011b nepoveden\u00e9m a uvnit\u0159 nahnil\u00e9m dortu.<\/p>\n<p>Pova\u017euji za nep\u0159\u00edpustn\u00e9, aby jak\u00fdkoli n\u00e1znak kritiky \u010cesk\u00e9 televize byl V\u00e1mi ozna\u010dov\u00e1n za politick\u00e9 vm\u011b\u0161ov\u00e1n\u00ed do nez\u00e1vislosti ve\u0159ejnopr\u00e1vn\u00edho m\u00e9dia. Va\u0161e publicistick\u00e9 po\u0159ady se p\u0159itom samy staly aktivn\u00edmi politick\u00fdmi n\u00e1stroji, kter\u00fdmi se ve prosp\u011bch n\u011bkter\u00fdch politick\u00fdch stran sna\u017e\u00edte ovliv\u0148ovat ve\u0159ejn\u00e9 m\u00edn\u011bn\u00ed.<\/p>\n<p>Za velmi nestandardn\u00ed pova\u017euji, \u017ee v dob\u011b, kdy v\u0161echny ve\u0159ejn\u00e9 instituce financovan\u00e9 z pen\u011bz da\u0148ov\u00fdch poplatn\u00edk\u016f \u2013 p\u0159i\u010dem\u017e koncesion\u00e1\u0159sk\u00fd poplatek za da\u0148 pova\u017euji tak\u00e9 \u2013 hledaj\u00ed provozn\u00ed \u00faspory a se\u0161krt\u00e1vaj\u00ed investice, odm\u00edt\u00e1te v\u00e9st jakoukoli debatu o snaze \u0161et\u0159it a chovat se hospod\u00e1rn\u011b.<\/p>\n<p>\u010cesk\u00e1 televize jako jedna z posledn\u00edch \u010desk\u00fdch instituc\u00ed nezve\u0159ej\u0148uje platy zam\u011bstnanc\u016f, nezve\u0159ej\u0148uje uzav\u0159en\u00e9 smlouvy za stovky milion\u016f korun, a pokud ano, tak v cenzurovan\u00e9 podob\u011b. P\u0159itom i \u0159editelka mate\u0159sk\u00e9 \u0161koly mus\u00ed do registru smluv zan\u00e9st i objedn\u00e1vku na n\u00e1kup pastelek.<\/p>\n<p>Hled\u00e1te-li cestu, jak zv\u00fd\u0161it p\u0159\u00edjmovou str\u00e1nku rozpo\u010dtu \u010cesk\u00e9 televize, dovol\u00edm si V\u00e1m p\u0159edn\u00e9st jeden konkr\u00e9tn\u00ed a legislativn\u011b uskute\u010dniteln\u00fd n\u00e1vrh. Pokud mysl\u00edte v\u00e1\u017en\u011b sv\u00e1 tvrzen\u00ed o tom, \u017ee \u010cesk\u00e1 televize m\u00e1 podporu koncesion\u00e1\u0159\u016f a zv\u00fd\u0161en\u00ed poplatku by ochotn\u011b akceptovali, u\u010di\u0148te kroky vedouc\u00ed ke zm\u011bn\u011b povinn\u00e9ho poplatku na poplatek v dobrovoln\u00e9 v\u00fd\u0161i. Nepochybn\u011b se tak potvrd\u00ed spr\u00e1vnost V\u00e1mi zad\u00e1van\u00fdch pr\u016fzkum\u016f, kter\u00e9 \u010dasto zmi\u0148ujete v m\u00e9di\u00edch, a \u010de\u0161t\u00ed koncesion\u00e1\u0159i d\u00edky t\u00e9to mo\u017enost minim\u00e1ln\u011b zdvojn\u00e1sob\u00ed \u010di dokonce ztrojn\u00e1sob\u00ed rozpo\u010det \u010cesk\u00e9 televize.<\/p>\n<p>S \u00factou<\/p>\n<p>Ing. Vratislav Myn\u00e1\u0159<\/p>\n<p><em>Ji\u0159\u00ed Ov\u010d\u00e1\u010dek, \u0159editel Odboru tiskov\u00e9ho a tiskov\u00fd mluv\u010d\u00ed prezidenta republiky<\/em><\/p>\n<p>&nbsp;<\/p>\n","protected":false},"excerpt":{"rendered":"<p>4. b\u0159ezna 2021 Vedouc\u00ed Kancel\u00e1\u0159e prezidenta republiky Ing. Vratislav Myn\u00e1\u0159 odeslal dne 4. b\u0159ezna 2021&#8230;<\/p>\n","protected":false},"author":2,"featured_media":581,"comment_status":"closed","ping_status":"closed","sticky":false,"template":"","format":"standard","meta":[],"categories":[6],"tags":[47,35],"_links":{"self":[{"href":"https:\/\/www.infokuryr.cz\/n\/wp-json\/wp\/v2\/posts\/580"}],"collection":[{"href":"https:\/\/www.infokuryr.cz\/n\/wp-json\/wp\/v2\/posts"}],"about":[{"href":"https:\/\/www.infokuryr.cz\/n\/wp-json\/wp\/v2\/types\/post"}],"author":[{"embeddable":true,"href":"https:\/\/www.infokuryr.cz\/n\/wp-json\/wp\/v2\/users\/2"}],"replies":[{"embeddable":true,"href":"https:\/\/www.infokuryr.cz\/n\/wp-json\/wp\/v2\/comments?post=580"}],"version-history":[{"count":0,"href":"https:\/\/www.infokuryr.cz\/n\/wp-json\/wp\/v2\/posts\/580\/revisions"}],"wp:featuredmedia":[{"embeddable":true,"href":"https:\/\/www.infokuryr.cz\/n\/wp-json\/wp\/v2\/media\/581"}],"wp:attachment":[{"href":"https:\/\/www.infokuryr.cz\/n\/wp-json\/wp\/v2\/media?parent=580"}],"wp:term":[{"taxonomy":"category","embeddable":true,"href":"https:\/\/www.infokuryr.cz\/n\/wp-json\/wp\/v2\/categories?post=580"},{"taxonomy":"post_tag","embeddable":true,"href":"https:\/\/www.infokuryr.cz\/n\/wp-json\/wp\/v2\/tags?post=580"}],"curies":[{"name":"wp","href":"https:\/\/api.w.org\/{rel}","templated":true}]}}