{"id":5793,"date":"2021-10-30T06:26:15","date_gmt":"2021-10-30T04:26:15","guid":{"rendered":"http:\/\/www.infokuryr.cz\/n\/?p=5793"},"modified":"2021-10-30T06:29:04","modified_gmt":"2021-10-30T04:29:04","slug":"5793","status":"publish","type":"post","link":"https:\/\/www.infokuryr.cz\/n\/2021\/10\/30\/5793\/","title":{"rendered":"Ministerstvo zdravotnictv\u00ed spust\u00ed od pond\u011bl\u00ed vlnu razi\u00ed&#8230;"},"content":{"rendered":"<div id=\"fb-root\"><\/div>\n<h4>Ministerstvo zdravotnictv\u00ed spust\u00ed od pond\u011bl\u00ed vlnu razi\u00ed a hygienici ve spolupr\u00e1ci s polici\u00ed budou kontrolovat, \u017ee majitel\u00e9 restaurac\u00ed kontroluj\u00ed a lustruj\u00ed zdravotn\u00ed stav sv\u00fdch host\u016f! Pr\u00e1vn\u00edk kategoricky apeluje, \u017ee jde o nez\u00e1konn\u00fd postup a rad\u00ed, jak se zachovat p\u0159i protipr\u00e1vn\u00edm jedn\u00e1n\u00ed hygieny, m\u011bstsk\u00fdch str\u00e1\u017en\u00edk\u016f a jak\u00fdchkoliv dal\u0161\u00edch org\u00e1n\u016f! Zdravotn\u00ed stav jedince je nedotknuteln\u00fdm soukrom\u00fdm \u00fadajem, kter\u00fd nem\u00e1 pr\u00e1vo nikdo po \u010dlov\u011bku vy\u017eadovat! Teror se stup\u0148uje, proto\u017ee vakc\u00edny se rychle kaz\u00ed a na skladech jsou z\u00e1soby, kter\u00e9 se budou muset koncem roku vyl\u00edt do kanalizace, proto\u017ee jejich trvanlivost je pouze 12 m\u011bs\u00edc\u016f!<\/h4>\n<p>Hygiena za\u010dne od pond\u011bl\u00ed ve spolupr\u00e1ci s polici\u00ed a m\u011bstsk\u00fdmi str\u00e1\u017en\u00edky prov\u00e1d\u011bt razie v restaurac\u00edch a hospod\u00e1ch, p\u0159i\u010dem\u017e se bude kontrolovat, zda majitel\u00e9 restaurac\u00ed kontroluj\u00ed sv\u00e9 hosty, legitimuj\u00ed je a kontroluj\u00ed jejich o\u010dkovac\u00ed pasy a evropsk\u00e9 Zelen\u00e9 pasy, tedy potvrzen\u00ed o o\u010dkov\u00e1n\u00ed, o testu a o prod\u011bl\u00e1n\u00ed nemoci.<\/p>\n<p>Rozhodnut\u00ed o vln\u011b razi\u00ed p\u0159i\u0161lo z ministerstva zdravotnictv\u00ed, podle na\u0161ich informac\u00ed vad\u00ed farmaceutick\u00fdm spole\u010dnostem z USA, \u017ee \u010desk\u00e9 obyvatelstvo je laxn\u00ed a nechce se o\u010dkovat.\u00a0<strong>Proto p\u0159i\u0161lo doporu\u010den\u00ed nam\u00edsto dosp\u011bl\u00fdch \u010desk\u00fdch ob\u010dan\u016f o\u010dkovat nezletilce, a to p\u0159edev\u0161\u00edm studenty st\u0159edn\u00edch a z\u00e1kladn\u00edch \u0161kol, ale rovn\u011b\u017e p\u0159ed\u0161koln\u00ed d\u011bti, a dokonce i d\u011bti pouh\u00fdch 6 m\u011bs\u00edc\u016f po narozen\u00ed.\u00a0<\/strong>Pfizer a Moderna \u010dekaj\u00ed na schv\u00e1len\u00ed vakc\u00edn pro d\u011bti od 6 m\u011bs\u00edc\u016f ka\u017ed\u00fdm dnem.<\/p>\n<figure id=\"attachment_48952\" class=\"wp-caption aligncenter\" style=\"width: 646px;\"><a href=\"https:\/\/aeronet.cz\/news\/wp-content\/uploads\/AdamVojtechHappy.jpg\"><img decoding=\"async\" loading=\"lazy\" class=\"wp-image-48952 \" src=\"https:\/\/aeronet.cz\/news\/wp-content\/uploads\/AdamVojtechHappy-1024x606.jpg\" sizes=\"(max-width: 700px) 100vw, 700px\" srcset=\"https:\/\/aeronet.cz\/news\/wp-content\/uploads\/AdamVojtechHappy-1024x606.jpg 1024w, https:\/\/aeronet.cz\/news\/wp-content\/uploads\/AdamVojtechHappy-300x177.jpg 300w, https:\/\/aeronet.cz\/news\/wp-content\/uploads\/AdamVojtechHappy-768x454.jpg 768w, https:\/\/aeronet.cz\/news\/wp-content\/uploads\/AdamVojtechHappy-700x414.jpg 700w, https:\/\/aeronet.cz\/news\/wp-content\/uploads\/AdamVojtechHappy-604x357.jpg 604w, https:\/\/aeronet.cz\/news\/wp-content\/uploads\/AdamVojtechHappy-817x483.jpg 817w, https:\/\/aeronet.cz\/news\/wp-content\/uploads\/AdamVojtechHappy.jpg 1280w\" alt=\"\" width=\"646\" height=\"382\" \/><\/a><figcaption class=\"wp-caption-text\">Adam Vojt\u011bch, ministr zdravotnictv\u00ed. To se n\u00e1m to da\u0159\u00ed, kdy\u017e n\u00e1m to lidi v\u011b\u0159\u00ed\u2026 haha<\/figcaption><\/figure>\n<p>Tlak je z USA obrovsk\u00fd, denn\u011b na ministerstvu zvon\u00ed telefony \u010desk\u00fdch lobbist\u016f, \u017ee partne\u0159i z Pfizeru nal\u00e9haj\u00ed, aby \u010desk\u00e1 strana tvrd\u011b p\u0159itla\u010dila obyvatelstvo k o\u010dkov\u00e1n\u00ed. A ministerstvo pod veden\u00edm Adama Vojt\u011bcha souhlasilo.\u00a0<strong>Od pond\u011bl\u00ed tak dojde ke spu\u0161t\u011bn\u00ed razi\u00ed [<a href=\"https:\/\/href.li\/?https:\/\/www.lidovky.cz\/domov\/do-hospod-vyrazi-kontrolori-ve-dvojicich-hygiena-planuje-rojnici-kontrol-po-cele-republice-k-ruce-ji.A211029_092131_ln_domov_tmr?zdroj=LN_otvirak\" target=\"_blank\" rel=\"nofollow noopener\">1<\/a>] po cel\u00e9 \u010cesk\u00e9 republice, p\u0159i\u010dem\u017e Pfizer i Moderna ji\u017e v p\u00e1tek cht\u011bj\u00ed m\u00edt na stole v\u00fdsledky kontrol.<\/strong>\u00a0Tyto skand\u00e1ln\u00ed informace o vm\u011b\u0161ov\u00e1n\u00ed americk\u00fdch farmaceutick\u00fdch spole\u010dnost\u00ed do vnit\u0159n\u00edch z\u00e1le\u017eitost\u00ed \u010cesk\u00e9 republiky dost\u00e1v\u00e1me do redakce z d\u016fv\u011brn\u00e9ho zdroje a spolu s nimi jsme zaregistrovali i zaj\u00edmavou informaci.<\/p>\n<h6><span style=\"font-size: 14pt;\">Nakoupen\u00fdm vakc\u00edn\u00e1m koncem roku skon\u010d\u00ed trvanlivost, proto je pot\u0159ebuj\u00ed honem rychle nap\u00edchat do lid\u00ed<\/span><\/h6>\n<p>V\u011bt\u0161ina vakc\u00edn v \u010desk\u00fdch skladech je t\u011bsn\u011b p\u0159ed vypr\u0161en\u00edm trvanlivosti, proto\u017ee vakc\u00edny maj\u00ed maxim\u00e1ln\u00ed trvanlivost jen 12 m\u011bs\u00edc\u016f a jejich expirace prob\u011bhne u\u017e na konci tohoto roku a po\u010d\u00e1tkem roku p\u0159\u00ed\u0161t\u00edho. Roztoky u\u017e m\u011bly proudit v \u017eil\u00e1ch v\u00edce jak 8 milion\u016f \u010cech\u016f v t\u00e9to chv\u00edli, ale toto \u010d\u00edslo je v nedohlednu a vakc\u00edny u\u017e nemaj\u00ed svoji c\u00edlovku, proto\u017ee lid\u00e9, kte\u0159\u00ed se cht\u011bli nechat nao\u010dkovat, u\u017e nao\u010dkovan\u00ed d\u00e1vno jsou a zbytek lid\u00ed nechce.<\/p>\n<p>A \u010das ut\u00edk\u00e1, nen\u00ed \u010das d\u011blat kampan\u011b na podporu o\u010dkov\u00e1n\u00ed, na to je pozd\u011b. Tak\u017ee Pfizer doporu\u010dil \u010desk\u00e9 vl\u00e1d\u011b p\u0159it\u00e1hnout \u0161rouby a spustit na obyvatelstvu teror, kter\u00fd donut\u00ed alespo\u0148 dal\u0161\u00ed 1 milion \u010cech\u016f k vakc\u00edn\u011b do konce roku.\u00a0<strong>A tento tlak m\u00e1 b\u00fdt vytvo\u0159en raziemi za \u00fa\u010dasti dr\u00e1b\u016f v b\u00edl\u00fdch pl\u00e1\u0161t\u00edch z hygieny a m\u011bstsk\u00e9 \u010di st\u00e1tn\u00ed policie, kter\u00e1 bude cel\u00e9mu protipr\u00e1vn\u00edmu jedn\u00e1n\u00ed d\u00e1vat punc a dojem z\u00e1konnosti.<\/strong>\u00a0Ale to je omyl.<\/p>\n<figure id=\"attachment_48915\" class=\"wp-caption aligncenter\" style=\"width: 638px;\"><a href=\"https:\/\/aeronet.cz\/news\/wp-content\/uploads\/BabisVojtechCapo.jpg\"><img decoding=\"async\" loading=\"lazy\" class=\"wp-image-48915 \" src=\"https:\/\/aeronet.cz\/news\/wp-content\/uploads\/BabisVojtechCapo-1024x682.jpg\" sizes=\"(max-width: 700px) 100vw, 700px\" srcset=\"https:\/\/aeronet.cz\/news\/wp-content\/uploads\/BabisVojtechCapo-1024x682.jpg 1024w, https:\/\/aeronet.cz\/news\/wp-content\/uploads\/BabisVojtechCapo-300x200.jpg 300w, https:\/\/aeronet.cz\/news\/wp-content\/uploads\/BabisVojtechCapo-768x512.jpg 768w, https:\/\/aeronet.cz\/news\/wp-content\/uploads\/BabisVojtechCapo-700x466.jpg 700w, https:\/\/aeronet.cz\/news\/wp-content\/uploads\/BabisVojtechCapo-536x357.jpg 536w, https:\/\/aeronet.cz\/news\/wp-content\/uploads\/BabisVojtechCapo-725x483.jpg 725w, https:\/\/aeronet.cz\/news\/wp-content\/uploads\/BabisVojtechCapo.jpg 1280w\" alt=\"\" width=\"638\" height=\"425\" \/><\/a><figcaption class=\"wp-caption-text\">Andrej Babi\u0161 s Adamem Vojt\u011bchem b\u011bhem kampan\u011b Te\u010dka<\/figcaption><\/figure>\n<p>Pr\u00e1vn\u00edk d\u016frazn\u011b varuje, \u017ee od pond\u011bl\u00ed bude prob\u00edhat protipr\u00e1vn\u00ed jedn\u00e1n\u00ed v hospod\u00e1ch, pokud kdokoliv bude po lidech vy\u017eadovat p\u0159edlo\u017een\u00ed dokladu o jejich zdravotn\u00edm stavu. Zdravotn\u00ed stav \u010dlov\u011bka je utajovan\u00fdm \u00fadajem, kter\u00fd nesm\u00ed nikdo po \u010dlov\u011bku vy\u017eadovat a nikdo nesm\u00ed b\u00fdt nucen proti sv\u00e9 v\u016fli odhalovat sv\u016fj zdravotn\u00ed stav komukoliv, kdo nen\u00ed o\u0161et\u0159uj\u00edc\u00ed l\u00e9ka\u0159 \u010di osoba bl\u00edzk\u00e1, kter\u00e9 jedinec dovol\u00ed zn\u00e1t jeho zdravotn\u00ed stav.<\/p>\n<p><strong>Provozovatel hospody \u010di serv\u00edrka nem\u00e1 opr\u00e1vn\u011bn\u00ed po\u017eadovat od v\u00e1s doklad zaznamen\u00e1vaj\u00edc\u00ed v\u00e1\u0161 zdravotn\u00ed stav.<\/strong>\u00a0Toto pr\u00e1vo nem\u00e1 ani hygienik, s v\u00fdjimkou paragraf\u016f a z\u00e1kon\u016f oprav\u0148uj\u00edc\u00edch hygienu na\u0159\u00eddit vy\u0161et\u0159en\u00ed na zji\u0161t\u011bn\u00ed infek\u010dn\u00edho stavu, ale pouze z\u00e1konn\u00fdm zp\u016fsobem, a to p\u00edsemn\u011b do vlastn\u00edch rukou, tedy dopisem zaslan\u00fdm na adresu trval\u00e9ho bydli\u0161t\u011b. Prost\u011b klasick\u00fd dopis s modr\u00fdm pruhem.<\/p>\n<h6><span style=\"font-size: 14pt;\">Hospodsk\u00fd nem\u00e1 pr\u00e1vn\u00ed titul ke kontrole zdravotn\u00ed dokumentace host\u016f<\/span><\/h6>\n<p>\u00dastn\u00ed nebo telefonick\u00e9 na\u0159\u00edzen\u00ed testu \u010di vy\u0161et\u0159en\u00ed na naka\u017elivou nemoc nem\u00e1 pr\u00e1vn\u00ed relevanci.\u00a0<strong>To je verdikt [<a href=\"https:\/\/href.li\/?https:\/\/www.irozhlas.cz\/zpravy-domov\/karantena-pravidla-hygiena-hygienici-hygienicka-stanice-telefonat-nss-nejvyssi_2108311953_ako\" target=\"_blank\" rel=\"nofollow noopener\">2<\/a>] Nejvy\u0161\u0161\u00edho spr\u00e1vn\u00edho soudu. T\u00edmto verdiktem se m\u016f\u017eete od pond\u011bl\u00ed br\u00e1nit v hospod\u00e1ch a restaurac\u00edch.<\/strong>\u00a0Pokud hygiena bude cht\u00edt zn\u00e1t v\u00e1\u0161 zdravotn\u00ed stav, mus\u00ed v\u00e1m na\u0159\u00eddit test z\u00e1konn\u00fdm zp\u016fsobem, a to p\u00edsemn\u011b doru\u010den\u00fdm dopisem na adresu trval\u00e9ho bydli\u0161t\u011b a do vlastn\u00edch rukou, p\u0159\u00edpadn\u011b do datov\u00e9 schr\u00e1nky, m\u00e1te-li ke sv\u00e9mu ob\u010dansk\u00e9mu pr\u016fkazu z\u0159\u00edzenou i datovou schr\u00e1nku, upozor\u0148uje pr\u00e1vn\u00edk.<\/p>\n<figure id=\"attachment_46616\" class=\"wp-caption aligncenter\" style=\"width: 650px;\"><a href=\"https:\/\/aeronet.cz\/news\/wp-content\/uploads\/NSS_Deska.jpg\"><img decoding=\"async\" loading=\"lazy\" class=\"wp-image-46616 \" src=\"https:\/\/aeronet.cz\/news\/wp-content\/uploads\/NSS_Deska-1024x577.jpg\" sizes=\"(max-width: 700px) 100vw, 700px\" srcset=\"https:\/\/aeronet.cz\/news\/wp-content\/uploads\/NSS_Deska-1024x577.jpg 1024w, https:\/\/aeronet.cz\/news\/wp-content\/uploads\/NSS_Deska-300x169.jpg 300w, https:\/\/aeronet.cz\/news\/wp-content\/uploads\/NSS_Deska-768x433.jpg 768w, https:\/\/aeronet.cz\/news\/wp-content\/uploads\/NSS_Deska-700x394.jpg 700w, https:\/\/aeronet.cz\/news\/wp-content\/uploads\/NSS_Deska-634x357.jpg 634w, https:\/\/aeronet.cz\/news\/wp-content\/uploads\/NSS_Deska-857x483.jpg 857w, https:\/\/aeronet.cz\/news\/wp-content\/uploads\/NSS_Deska.jpg 1280w\" alt=\"\" width=\"650\" height=\"366\" \/><\/a><figcaption class=\"wp-caption-text\">Nejvy\u0161\u0161\u00ed spr\u00e1vn\u00ed soud vynesl jasn\u00fd verdikt<\/figcaption><\/figure>\n<p>Odstupuj\u00edc\u00ed vl\u00e1da Andreje Babi\u0161e a jeho ministr Adam Vojt\u011bch se dopou\u0161t\u00ed poru\u0161ov\u00e1n\u00ed z\u00e1kon\u016f jako na b\u011b\u017e\u00edc\u00edm p\u00e1su a spolu s t\u00edm, jak ve skladech v Hole\u0161ovic\u00edch v Praze se kaz\u00ed stovky tis\u00edc lahvi\u010dek Pfizeru, tak spolu s t\u00edm vzr\u016fst\u00e1 agresivita Vojt\u011bchova ministerstva v\u016f\u010di obyvatelstvu. Proto v hospod\u011b, v restauraci a v podobn\u00e9m za\u0159\u00edzen\u00ed je pot\u0159eba se br\u00e1nit, a to dv\u011bma zp\u016fsoby. Provozovatel podniku nem\u00e1 z\u00e1konn\u00e9 pr\u00e1vo kontrolovat v\u00e1\u0161 zdravotn\u00ed stav.\u00a0<strong>Zdravotn\u00ed stav m\u016f\u017ee z epidemiologick\u00e9ho hlediska kontrolovat pouze z\u00e1stupce hygieny, kter\u00fd se prok\u00e1\u017ee pr\u016fkazem, ale kontrola va\u0161eho zdravotn\u00edho stavu mus\u00ed prob\u011bhnout pouze z\u00e1konn\u00fdm zp\u016fsobem<\/strong>, tedy p\u00edsemnou v\u00fdzvou a za spln\u011bn\u00ed pravidel pro doru\u010dov\u00e1n\u00ed p\u00edsemnost\u00ed do vlastn\u00edch rukou na adresu trval\u00e9ho bydli\u0161t\u011b.<\/p>\n<h6><span style=\"font-size: 14pt;\">Hygienik s odznakem nem\u00e1 n\u00e1rok v hospod\u011b, mus\u00ed v\u00e1s z\u00e1konn\u00fdm zp\u016fsobem nejprve p\u00edsemn\u011b obeslat. Lidi necht\u011bj\u00ed, tak nao\u010dkujeme aspo\u0148 jejich d\u011bti\u2026<\/span><\/h6>\n<p>Pr\u00e1vn\u00edk ale p\u0159ipomn\u011bl je\u0161t\u011b jednu v\u011bc. A to je o\u010dkovac\u00ed a zdravotn\u00ed datab\u00e1ze pod dikc\u00ed \u00daZIS, kter\u00e1 eviduje seznamy o\u010dkovan\u00fdch obyvatel, testovan\u00fdch osob a lid\u00ed s prod\u011blanou nemoc\u00ed. Pokud p\u0159edlo\u017e\u00edte ob\u010dansk\u00fd pr\u016fkaz opr\u00e1vn\u011bn\u00e9mu org\u00e1nu, kter\u00fdm je policie, m\u016f\u017ee potom hygienik pomoc\u00ed toto\u017enosti zjistit online na p\u0159enosn\u00e9m po\u010d\u00edta\u010di stav pouze o\u010dkovan\u00e9, testovan\u00e9 nebo nemoc prod\u011blan\u00e9 osoby.<\/p>\n<p>Pokud osoba nen\u00ed v datab\u00e1zi \u00daZIS, neznamen\u00e1 to, \u017ee osoba je infek\u010dn\u00ed. Hygienik tak m\u016f\u017ee pouze na\u0159\u00eddit test v laborato\u0159i, ale na\u0159\u00edzen\u00ed mus\u00ed b\u00fdt p\u00edsemn\u00e9, doru\u010den\u00e9 do vlastn\u00edch rukou a na adresu trval\u00e9ho bydli\u0161t\u011b.\u00a0<strong>Do t\u00e9 doby v\u00e1s nem\u016f\u017ee hygienik ozna\u010dit za naka\u017een\u00e9ho a ani v\u00e1m br\u00e1nit v pobytu v restauraci.\u00a0<\/strong>A snaha o vakcinaci je vedena pr\u00e1v\u011b t\u011bmi zoufale vysok\u00fdmi nespot\u0159ebovan\u00fdmi z\u00e1sobami roztok\u016f, kter\u00fdm kon\u010d\u00ed lh\u016fta pou\u017eitelnosti. Tak\u017ee alespo\u0148 ty d\u011bti nap\u00edchat, to je hlavn\u00ed c\u00edl.<\/p>\n<p><a href=\"https:\/\/aeronet.cz\/news\/wp-content\/uploads\/GirlVaccine.jpg\"><img decoding=\"async\" loading=\"lazy\" class=\"alignnone wp-image-48278\" src=\"https:\/\/aeronet.cz\/news\/wp-content\/uploads\/GirlVaccine.jpg\" sizes=\"(max-width: 1200px) 100vw, 1200px\" srcset=\"https:\/\/aeronet.cz\/news\/wp-content\/uploads\/GirlVaccine.jpg 1200w, https:\/\/aeronet.cz\/news\/wp-content\/uploads\/GirlVaccine-300x200.jpg 300w, https:\/\/aeronet.cz\/news\/wp-content\/uploads\/GirlVaccine-768x512.jpg 768w, https:\/\/aeronet.cz\/news\/wp-content\/uploads\/GirlVaccine-1024x683.jpg 1024w, https:\/\/aeronet.cz\/news\/wp-content\/uploads\/GirlVaccine-700x467.jpg 700w, https:\/\/aeronet.cz\/news\/wp-content\/uploads\/GirlVaccine-536x357.jpg 536w, https:\/\/aeronet.cz\/news\/wp-content\/uploads\/GirlVaccine-725x483.jpg 725w\" alt=\"\" width=\"630\" height=\"420\" \/><\/a><\/p>\n<p>Jinak majitel\u00e9 hospod jsou v t\u00e9to v\u011bci ti, kte\u0159\u00ed jsou na tom nejh\u016f\u0159e. Po covidov\u00e9 likvidaci \u017eivnost\u00ed p\u0159e\u017eili jen n\u011bkte\u0159\u00ed a te\u010f jim Vojt\u011bch za pomoci razi\u00ed chce p\u0159ik\u00e1zat, aby si sami hospod\u0161t\u00ed znep\u0159\u00e1telovali a vyh\u00e1n\u011bli vlastn\u00ed hosty t\u00edm, \u017ee po nich budou v rozporu se z\u00e1konem po\u017eadovat d\u016fv\u011brn\u00e9 \u00fadaje o zdravotn\u00edm stavu.\u00a0<strong>Pr\u00e1vn\u00edk k cel\u00e9 v\u011bci dod\u00e1v\u00e1, \u017ee pr\u00e1vn\u00ed st\u00e1t v \u010cR u\u017e de facto zanikl a vl\u00e1da spolu s ministerstvem zdravotnictv\u00ed je ve vleku farmaceutick\u00fdch firem, kter\u00e9 doslova i v noci \u00fakoluj\u00ed ministry a jednotliv\u00e9 \u010dleny vl\u00e1dy.<\/strong>\u00a0Pokud si lid\u00e9 nechaj\u00ed od hospodsk\u00fdch kontrolovat zdravotn\u00ed dokumentaci, tak je vymalov\u00e1no.<\/p>\n<p>A pokud dovol\u00ed hygien\u011b, aby chodila po hospod\u00e1ch a kontrolovala infek\u010dnost host\u016f jinak ne\u017e z\u00e1konem p\u0159edepsan\u00fdm zp\u016fsobem v laborato\u0159i po p\u00edsemn\u00e9 v\u00fdzv\u011b, tak to prost\u011b znamen\u00e1, \u017ee \u00dastava je hadr a pr\u00e1vn\u00ed st\u00e1t je k\u00fdbl, ve kter\u00e9m se ten hadr nam\u00e1\u010d\u00ed a potom se namot\u00e1 na covidov\u00e9 ko\u0161t\u011b, kter\u00fdm se vyt\u00edr\u00e1 zdrav\u00fd rozum v hlav\u00e1ch ob\u010dan\u016f. Rady na\u0161eho kolegy pr\u00e1vn\u00edka si vezm\u011bte k srdci a za\u0159i\u010fte se podle toho.<\/p>\n<p>-VK- \u0160\u00e9fredaktor AE News<\/p>\n<p><a href=\"https:\/\/aeronet.cz\/news\/ministerstvo-zdravotnictvi-spusti-od-pondeli-vlnu-razii-a-hygienici-ve-spolupraci-s-policii-budou-kontrolovat-ze-majitele-restauraci-kontroluji-a-lustruji-zdravotni-stav-svych-hostu\/\">ZDROJ<\/a><\/p>\n<p>&nbsp;<\/p>\n","protected":false},"excerpt":{"rendered":"<p>Ministerstvo zdravotnictv\u00ed spust\u00ed od pond\u011bl\u00ed vlnu razi\u00ed a hygienici ve spolupr\u00e1ci s polici\u00ed budou kontrolovat,&#8230;<\/p>\n","protected":false},"author":2,"featured_media":4418,"comment_status":"closed","ping_status":"closed","sticky":false,"template":"","format":"standard","meta":[],"categories":[6],"tags":[1328,1394,86,48],"_links":{"self":[{"href":"https:\/\/www.infokuryr.cz\/n\/wp-json\/wp\/v2\/posts\/5793"}],"collection":[{"href":"https:\/\/www.infokuryr.cz\/n\/wp-json\/wp\/v2\/posts"}],"about":[{"href":"https:\/\/www.infokuryr.cz\/n\/wp-json\/wp\/v2\/types\/post"}],"author":[{"embeddable":true,"href":"https:\/\/www.infokuryr.cz\/n\/wp-json\/wp\/v2\/users\/2"}],"replies":[{"embeddable":true,"href":"https:\/\/www.infokuryr.cz\/n\/wp-json\/wp\/v2\/comments?post=5793"}],"version-history":[{"count":0,"href":"https:\/\/www.infokuryr.cz\/n\/wp-json\/wp\/v2\/posts\/5793\/revisions"}],"wp:featuredmedia":[{"embeddable":true,"href":"https:\/\/www.infokuryr.cz\/n\/wp-json\/wp\/v2\/media\/4418"}],"wp:attachment":[{"href":"https:\/\/www.infokuryr.cz\/n\/wp-json\/wp\/v2\/media?parent=5793"}],"wp:term":[{"taxonomy":"category","embeddable":true,"href":"https:\/\/www.infokuryr.cz\/n\/wp-json\/wp\/v2\/categories?post=5793"},{"taxonomy":"post_tag","embeddable":true,"href":"https:\/\/www.infokuryr.cz\/n\/wp-json\/wp\/v2\/tags?post=5793"}],"curies":[{"name":"wp","href":"https:\/\/api.w.org\/{rel}","templated":true}]}}