{"id":57821,"date":"2024-07-16T00:34:02","date_gmt":"2024-07-15T22:34:02","guid":{"rendered":"https:\/\/www.infokuryr.cz\/n\/?p=57821"},"modified":"2024-07-15T14:49:16","modified_gmt":"2024-07-15T12:49:16","slug":"izraelska-armada-je-zodpovedna-za-nejhorsi-utok-na-zidovsky-narod-od-holocaustu","status":"publish","type":"post","link":"https:\/\/www.infokuryr.cz\/n\/2024\/07\/16\/izraelska-armada-je-zodpovedna-za-nejhorsi-utok-na-zidovsky-narod-od-holocaustu\/","title":{"rendered":"Izraelsk\u00e1 arm\u00e1da je zodpov\u011bdn\u00e1 za \u201enejhor\u0161\u00ed \u00fatok na \u017eidovsk\u00fd n\u00e1rod od holocaustu\u201c?"},"content":{"rendered":"<div id=\"fb-root\"><\/div>\n<p><strong>Obrazy oho\u0159el\u00fdch mrtvol, oho\u0159el\u00fdch aut a zni\u010den\u00fdch dom\u016f po \u00fatoku Hamasu na Izrael utkv\u011bly v mnoha lidech. Ale byl za to zodpov\u011bdn\u00fd Hamas, nebo to byla izraelsk\u00e1 arm\u00e1da?<\/strong><\/p>\n<p><span>Izraelsk\u00e1 arm\u00e1da zni\u010dila v\u00edce ne\u017e 70 izraelsk\u00fdch aut raketami Hellfire a zni\u010dila izraelsk\u00e9 domy palbou z tank\u016f. Arm\u00e1da dokonce provedla n\u00e1let na vlastn\u00ed vojenskou z\u00e1kladnu, kde byli um\u00edst\u011bni izrael\u0161t\u00ed voj\u00e1ci. To uk\u00e1zal v\u00fdzkum.<\/span><\/p>\n<p><span>Arm\u00e1da p\u0159iznala, \u017ee 7. \u0159\u00edjna \u00famysln\u011b zabila sv\u00e9 vlastn\u00ed voj\u00e1ky a civilisty. Kolik? To je t\u011b\u017ek\u00e9 \u0159\u00edct. St\u0159ely z tank\u016f zas\u00e1hly domy pln\u00e9 lid\u00ed a rakety Hellfire zni\u010dily des\u00edtky aut.<\/span><\/p>\n<div class=\"twitter-tweet twitter-tweet-rendered\"><iframe id=\"twitter-widget-0\" class=\"\" title=\"X Post\" src=\"https:\/\/platform.twitter.com\/embed\/Tweet.html?dnt=false&amp;embedId=twitter-widget-0&amp;features=eyJ0ZndfdGltZWxpbmVfbGlzdCI6eyJidWNrZXQiOltdLCJ2ZXJzaW9uIjpudWxsfSwidGZ3X2ZvbGxvd2VyX2NvdW50X3N1bnNldCI6eyJidWNrZXQiOnRydWUsInZlcnNpb24iOm51bGx9LCJ0ZndfdHdlZXRfZWRpdF9iYWNrZW5kIjp7ImJ1Y2tldCI6Im9uIiwidmVyc2lvbiI6bnVsbH0sInRmd19yZWZzcmNfc2Vzc2lvbiI6eyJidWNrZXQiOiJvbiIsInZlcnNpb24iOm51bGx9LCJ0ZndfZm9zbnJfc29mdF9pbnRlcnZlbnRpb25zX2VuYWJsZWQiOnsiYnVja2V0Ijoib24iLCJ2ZXJzaW9uIjpudWxsfSwidGZ3X21peGVkX21lZGlhXzE1ODk3Ijp7ImJ1Y2tldCI6InRyZWF0bWVudCIsInZlcnNpb24iOm51bGx9LCJ0ZndfZXhwZXJpbWVudHNfY29va2llX2V4cGlyYXRpb24iOnsiYnVja2V0IjoxMjA5NjAwLCJ2ZXJzaW9uIjpudWxsfSwidGZ3X3Nob3dfYmlyZHdhdGNoX3Bpdm90c19lbmFibGVkIjp7ImJ1Y2tldCI6Im9uIiwidmVyc2lvbiI6bnVsbH0sInRmd19kdXBsaWNhdGVfc2NyaWJlc190b19zZXR0aW5ncyI6eyJidWNrZXQiOiJvbiIsInZlcnNpb24iOm51bGx9LCJ0ZndfdXNlX3Byb2ZpbGVfaW1hZ2Vfc2hhcGVfZW5hYmxlZCI6eyJidWNrZXQiOiJvbiIsInZlcnNpb24iOm51bGx9LCJ0ZndfdmlkZW9faGxzX2R5bmFtaWNfbWFuaWZlc3RzXzE1MDgyIjp7ImJ1Y2tldCI6InRydWVfYml0cmF0ZSIsInZlcnNpb24iOm51bGx9LCJ0ZndfbGVnYWN5X3RpbWVsaW5lX3N1bnNldCI6eyJidWNrZXQiOnRydWUsInZlcnNpb24iOm51bGx9LCJ0ZndfdHdlZXRfZWRpdF9mcm9udGVuZCI6eyJidWNrZXQiOiJvbiIsInZlcnNpb24iOm51bGx9fQ%3D%3D&amp;frame=false&amp;hideCard=false&amp;hideThread=false&amp;id=1810675316261838968&amp;lang=cs&amp;origin=https%3A%2F%2Funcutnews.ch%2Fisraelische-armee-fuer-den-schlimmsten-angriff-auf-das-juedische-volk-seit-dem-holocaust-verantwortlich%2F&amp;sessionId=aec7602b93fdeb7344e19a80fc3f3595ec53742b&amp;theme=light&amp;widgetsVersion=2615f7e52b7e0%3A1702314776716&amp;width=550px\" frameborder=\"0\" scrolling=\"no\" allowfullscreen=\"allowfullscreen\" data-tweet-id=\"1810675316261838968\" data-mce-fragment=\"1\"><\/iframe><\/div>\n<p><span>Ka\u017ed\u00fd, kdo to nap\u00ed\u0161e na soci\u00e1ln\u00ed m\u00e9dia, bude okam\u017eit\u011b podroben \u201eov\u011b\u0159en\u00ed fakt\u016f\u201c.<\/span><\/p>\n<p><span>\u0158e\u010d je o kontroverzn\u00edm \u201ehannibalsk\u00e9m postupu\u201c, kter\u00fd izraelsk\u00e1 arm\u00e1da pou\u017e\u00edv\u00e1 v masov\u00e9m m\u011b\u0159\u00edtku, podle v\u00fdzkumu den\u00edku Haaretz ze 7. \u0159\u00edjna. C\u00edlem t\u00e9to sm\u011brnice je zabr\u00e1nit jak\u00e9mukoli \u00fanosu izraelsk\u00e9ho voj\u00e1ka, i kdy\u017e by to m\u011blo za n\u00e1sledek ubl\u00ed\u017een\u00ed na zdrav\u00ed.<\/span><\/p>\n<p><span>N\u011bkolik ob\u011bt\u00ed uvedlo, \u017ee izrael\u0161t\u00ed civilist\u00e9 byli zast\u0159eleni jejich vlastn\u00ed arm\u00e1dou. Haaretz p\u00ed\u0161e, \u017ee \u201emnoho z unesen\u00fdch bylo v nebezpe\u010d\u00ed a vystaveno izraelsk\u00e9 palb\u011b\u201c.<\/span><\/p>\n<p><span>Americk\u00fd investigativn\u00ed novin\u00e1\u0159 Ben Swann se nahlas pt\u00e1: Byla izraelsk\u00e1 arm\u00e1da zodpov\u011bdn\u00e1 za to, co Bidenova administrativa nazvala \u201enejhor\u0161\u00edm \u00fatokem na \u017eidovsk\u00fd n\u00e1rod od holocaustu?<\/span><\/p>\n<p><span style=\"font-size: 10pt;\"><em>Fotografie: Elirant p\u0159es Wikimedia<\/em><\/span><\/p>\n<p><img decoding=\"async\" loading=\"lazy\" class=\"alignnone size-full wp-image-1185\" src=\"http:\/\/www.infokuryr.cz\/n\/wp-content\/uploads\/2021\/04\/kuryr-podpis.png\" alt=\"\" width=\"84\" height=\"24\" \/><\/p>\n<p>&nbsp;<\/p>\n","protected":false},"excerpt":{"rendered":"<p>Obrazy oho\u0159el\u00fdch mrtvol, oho\u0159el\u00fdch aut a zni\u010den\u00fdch dom\u016f po \u00fatoku Hamasu na Izrael utkv\u011bly v&#8230;<\/p>\n","protected":false},"author":2,"featured_media":57822,"comment_status":"closed","ping_status":"closed","sticky":false,"template":"","format":"standard","meta":[],"categories":[7],"tags":[80,810,107],"_links":{"self":[{"href":"https:\/\/www.infokuryr.cz\/n\/wp-json\/wp\/v2\/posts\/57821"}],"collection":[{"href":"https:\/\/www.infokuryr.cz\/n\/wp-json\/wp\/v2\/posts"}],"about":[{"href":"https:\/\/www.infokuryr.cz\/n\/wp-json\/wp\/v2\/types\/post"}],"author":[{"embeddable":true,"href":"https:\/\/www.infokuryr.cz\/n\/wp-json\/wp\/v2\/users\/2"}],"replies":[{"embeddable":true,"href":"https:\/\/www.infokuryr.cz\/n\/wp-json\/wp\/v2\/comments?post=57821"}],"version-history":[{"count":0,"href":"https:\/\/www.infokuryr.cz\/n\/wp-json\/wp\/v2\/posts\/57821\/revisions"}],"wp:featuredmedia":[{"embeddable":true,"href":"https:\/\/www.infokuryr.cz\/n\/wp-json\/wp\/v2\/media\/57822"}],"wp:attachment":[{"href":"https:\/\/www.infokuryr.cz\/n\/wp-json\/wp\/v2\/media?parent=57821"}],"wp:term":[{"taxonomy":"category","embeddable":true,"href":"https:\/\/www.infokuryr.cz\/n\/wp-json\/wp\/v2\/categories?post=57821"},{"taxonomy":"post_tag","embeddable":true,"href":"https:\/\/www.infokuryr.cz\/n\/wp-json\/wp\/v2\/tags?post=57821"}],"curies":[{"name":"wp","href":"https:\/\/api.w.org\/{rel}","templated":true}]}}