{"id":57820,"date":"2024-07-16T00:32:25","date_gmt":"2024-07-15T22:32:25","guid":{"rendered":"https:\/\/www.infokuryr.cz\/n\/?p=57820"},"modified":"2024-07-15T17:20:13","modified_gmt":"2024-07-15T15:20:13","slug":"petr-imanuelsen-evropska-aliance-suverennich-narodu","status":"publish","type":"post","link":"https:\/\/www.infokuryr.cz\/n\/2024\/07\/16\/petr-imanuelsen-evropska-aliance-suverennich-narodu\/","title":{"rendered":"Petr Imanuelsen: Evropsk\u00e1 aliance suver\u00e9nn\u00edch n\u00e1rod\u016f"},"content":{"rendered":"<div id=\"fb-root\"><\/div>\n<div class=\"elementor-element elementor-element-1fb4c2c elementor-widget elementor-widget-theme-post-content\" data-id=\"1fb4c2c\" data-element_type=\"widget\" data-widget_type=\"theme-post-content.default\">\n<div class=\"elementor-widget-container\">\n<p><span style=\"font-size: 18pt;\"><strong>Nov\u00e1 pravicov\u00e1 skupina v Evropsk\u00e9m parlamentu.<\/strong><\/span><\/p>\n<p>V sou\u010dasn\u00e9 dob\u011b doch\u00e1z\u00ed v Evrop\u011b k n\u011bkolika d\u016fle\u017eit\u00fdm ud\u00e1lostem.<\/p>\n<p>Ned\u00e1vno jsem informoval o tom, jak ma\u010farsk\u00fd premi\u00e9r Viktor Orb\u00e1n zah\u00e1jil novou pravicovou alianci s n\u00e1zvem Patrioti pro Evropu.<\/p>\n<p>Z\u00edskali masivn\u00ed podporu stran po cel\u00e9 Evrop\u011b a jsou t\u0159et\u00ed nejv\u011bt\u0161\u00ed skupinou v Evropsk\u00e9m parlamentu s 84 k\u0159esly.<\/p>\n<p>Nyn\u00ed se v\u0161ak ukazuje, \u017ee se ji levice sna\u017e\u00ed dr\u017eet mimo v\u0161echna m\u00edsta ve v\u00fdborech, p\u0159esto\u017ee zastupuje miliony Evropan\u016f.<\/p>\n<p>Nyn\u00ed se vytvo\u0159ila dal\u0161\u00ed pravicov\u00e1 aliance, kter\u00e1 si \u0159\u00edk\u00e1 Evropa suver\u00e9nn\u00edch n\u00e1rod\u016f a vede ji strana Alternativa pro N\u011bmecko.<\/p>\n<p>Tato nov\u00e1 aliance m\u00e1 28 k\u0159esel a zahrnuje politiky z dev\u00edti r\u016fzn\u00fdch stran z cel\u00e9 Evropy.<\/p>\n<p>N\u011bkter\u00e9 ze stran ve skupin\u011b se vyslovily proti injekci Covidu.<\/p>\n<p>I tyto strany cht\u011bj\u00ed uzav\u0159\u00edt hranice a jsou proti zelen\u00e9 agend\u011b. Cht\u011bj\u00ed tak\u00e9 v\u011bt\u0161\u00ed suverenitu a n\u00e1vrat kompetenc\u00ed z Bruselu na n\u00e1rodn\u00ed \u00farove\u0148.<\/p>\n<p>Tato skupina je pova\u017eov\u00e1na za je\u0161t\u011b pravicov\u011bj\u0161\u00ed ne\u017e Patriots for Europe, a\u010dkoli ob\u011b jsou mainstreamov\u00fdmi m\u00e9dii popisov\u00e1ny jako \u201ekrajn\u011b pravicov\u00e9\u201c.<\/p>\n<p>To znamen\u00e1, \u017ee v Evropsk\u00e9m parlamentu budou t\u0159i pravicov\u011b extremistick\u00e9 frakce.<\/p>\n<p>V posledn\u00edch evropsk\u00fdch volb\u00e1ch Evropu zaplavila masivn\u00ed pravicov\u00e1 vlna, kter\u00e1 z\u00edskala silnou podporu v mnoha zem\u00edch cel\u00e9ho kontinentu.<\/p>\n<ul>\n<li>Skupina Patriots for Europe z\u00edsk\u00e1v\u00e1 84 k\u0159esel. Do t\u00e9to frakce pat\u0159\u00ed mimo jin\u00e9 strana Viktora Orbana, N\u00e1rodn\u00ed shrom\u00e1\u017ed\u011bn\u00ed Marine Le Penov\u00e9 a Strana svobody Geerta Wildera.<\/li>\n<li>Existuje tak\u00e9 Skupina evropsk\u00fdch konzervativc\u016f a reformist\u016f (ECR), do kter\u00e9 pat\u0159\u00ed mimo jin\u00e9 \u0160v\u00e9d\u0161t\u00ed demokrat\u00e9 a brat\u0159i Georgia Meloni z It\u00e1lie. Dohromady m\u00e1 tato skupina 78 k\u0159esel.<\/li>\n<li>A nyn\u00ed je tu nov\u00e1 frakce Evropa suver\u00e9nn\u00edch n\u00e1rod\u016f, jej\u00ed\u017e nejv\u011bt\u0161\u00ed stranou je Alternativa pro N\u011bmecko, spolu s n\u011bkolika dal\u0161\u00edmi men\u0161\u00edmi stranami, kter\u00e9 maj\u00ed celkem 28 k\u0159esel.<\/li>\n<\/ul>\n<p>Celkem maj\u00ed tyto skupiny 190 ze 720 k\u0159esel v Evropsk\u00e9m parlamentu. P\u0159edstavuj\u00ed velkou \u010d\u00e1st evropsk\u00e9 populace.<\/p>\n<p>D\u011bje se toho hodn\u011b a j\u00e1 v\u00e1s budu pr\u016fb\u011b\u017en\u011b informovat!<\/p>\n<\/div>\n<\/div>\n<div class=\"elementor-element elementor-element-8c57238 quelle dc-has-condition dc-condition-empty elementor-widget elementor-widget-heading\" data-id=\"8c57238\" data-element_type=\"widget\" data-widget_type=\"heading.default\">\n<div class=\"elementor-widget-container\">\n<h3 class=\"elementor-heading-title elementor-size-default\"><span style=\"font-size: 10pt;\"><a href=\"https:\/\/petersweden.substack.com\/p\/new-europe-of-sovereign-nations-alliance?utm_source=post-email-title&amp;publication_id=547128&amp;post_id=146483845&amp;utm_campaign=email-post-title&amp;isFreemail=false&amp;r=pf6gr&amp;triedRedirect=true&amp;utm_medium=email\" target=\"_blank\" rel=\"nofollow noopener\">ZDROJ<\/a><\/span><\/h3>\n<p>&nbsp;<\/p>\n<\/div>\n<\/div>\n","protected":false},"excerpt":{"rendered":"<p>Nov\u00e1 pravicov\u00e1 skupina v Evropsk\u00e9m parlamentu. V sou\u010dasn\u00e9 dob\u011b doch\u00e1z\u00ed v Evrop\u011b k n\u011bkolika d\u016fle\u017eit\u00fdm&#8230;<\/p>\n","protected":false},"author":2,"featured_media":11781,"comment_status":"closed","ping_status":"closed","sticky":false,"template":"","format":"standard","meta":[],"categories":[7],"tags":[41,283,5883,7592,122],"_links":{"self":[{"href":"https:\/\/www.infokuryr.cz\/n\/wp-json\/wp\/v2\/posts\/57820"}],"collection":[{"href":"https:\/\/www.infokuryr.cz\/n\/wp-json\/wp\/v2\/posts"}],"about":[{"href":"https:\/\/www.infokuryr.cz\/n\/wp-json\/wp\/v2\/types\/post"}],"author":[{"embeddable":true,"href":"https:\/\/www.infokuryr.cz\/n\/wp-json\/wp\/v2\/users\/2"}],"replies":[{"embeddable":true,"href":"https:\/\/www.infokuryr.cz\/n\/wp-json\/wp\/v2\/comments?post=57820"}],"version-history":[{"count":0,"href":"https:\/\/www.infokuryr.cz\/n\/wp-json\/wp\/v2\/posts\/57820\/revisions"}],"wp:featuredmedia":[{"embeddable":true,"href":"https:\/\/www.infokuryr.cz\/n\/wp-json\/wp\/v2\/media\/11781"}],"wp:attachment":[{"href":"https:\/\/www.infokuryr.cz\/n\/wp-json\/wp\/v2\/media?parent=57820"}],"wp:term":[{"taxonomy":"category","embeddable":true,"href":"https:\/\/www.infokuryr.cz\/n\/wp-json\/wp\/v2\/categories?post=57820"},{"taxonomy":"post_tag","embeddable":true,"href":"https:\/\/www.infokuryr.cz\/n\/wp-json\/wp\/v2\/tags?post=57820"}],"curies":[{"name":"wp","href":"https:\/\/api.w.org\/{rel}","templated":true}]}}