{"id":578,"date":"2021-04-08T11:36:57","date_gmt":"2021-04-08T09:36:57","guid":{"rendered":"http:\/\/www.infokuryr.cz\/n\/?p=578"},"modified":"2021-04-08T11:36:57","modified_gmt":"2021-04-08T09:36:57","slug":"petricek-pres-bezpecnostni-mlhu-ma-naprosto-jasno","status":"publish","type":"post","link":"https:\/\/www.infokuryr.cz\/n\/2021\/04\/08\/petricek-pres-bezpecnostni-mlhu-ma-naprosto-jasno\/","title":{"rendered":"Pet\u0159\u00ed\u010dek p\u0159es bezpe\u010dnostn\u00ed \u201emlhu\u201c m\u00e1 naprosto jasno"},"content":{"rendered":"<div id=\"fb-root\"><\/div>\n<p><strong>Tou mlhou je my\u0161lena skute\u010dnost, \u017ee na dotaz, zda rozum\u00ed obav\u00e1m n\u011bkter\u00fdch opozi\u010dn\u00edch stran, kter\u00e9 pova\u017euj\u00ed ruskou firmu Rosatom za bezpe\u010dnostn\u00ed riziko, pan Pet\u0159\u00ed\u010dek odpov\u011bd\u011bl: Ano, rozum\u00edm. Naprosto se ztoto\u017e\u0148uji se z\u00e1v\u011bry bezpe\u010dnostn\u00ed skupiny, kter\u00e1 vyhodnotila bezpe\u010dnostn\u00ed rizika s ohledem na n\u00e1rodn\u00ed bezpe\u010dnost. A tak\u00e9 nemysl\u00edm si, \u017ee by se v tuto chv\u00edli zm\u011bnily jak\u00e9koliv okolnosti, \u017ee by tato skupina mohla sv\u016fj postoj p\u0159ehodnotit.<\/strong><\/p>\n<p>Pozoruhodn\u00fd je rozpor (mlha) v n\u00e1zoru pana ministra Pet\u0159\u00ed\u010dka pokud jde o pojmy jako \u201eobavy n\u011bkter\u00fdch opozi\u010dn\u00edch stran\u201c a z\u00e1v\u011bry \u201ebezpe\u010dnostn\u00ed skupiny\u201c, \u010d\u00edm\u017e m\u00e1 pan Pet\u0159\u00ed\u010dek z\u0159ejm\u011b na mysli n\u011bkter\u00e9 opozi\u010dn\u00ed strany. Jedno i druh\u00e9 je v\u00edcem\u00e9n\u011b pouh\u00e9 vyh\u00fdb\u00e1n\u00ed se skute\u010dnosti, \u017ee nejde o vyj\u00e1d\u0159en\u00ed nest\u00edran\u00fdch, odborn\u011b kvalifikovan\u00fdch bezpe\u010dnostn\u011b-politick\u00fdch lid\u00ed, ale o laick\u00e9 n\u00e1zory z bezpe\u010dnostn\u00edch hledisek nekvalifikovan\u00fdch politik\u016f, kte\u0159\u00ed se jen stav\u00ed, \u010di povy\u0161uj\u00ed do role vysoce odborn\u00fdch posuzovatel\u016f bezpe\u010dnostn\u00edch rizik, kter\u00e9 rusk\u00e1 firma Rosatom (mj. investuj\u00edc\u00edch v mnoha st\u00e1tech sv\u011bta) \u00fadajn\u011b obn\u00e1\u0161\u00ed.<\/p>\n<p>T\u011bmto nav\u00fdsost (ne)odborn\u00fdm posudk\u016fm laik\u016f z \u201ebezpe\u010dnostn\u00ed skupiny\u201c je pan Pet\u0159\u00ed\u010dek naklon\u011bn a ochoten v\u011b\u0159it a s t\u011bmito v\u00fdsledky bude nepochybn\u011b argumentovat p\u0159i jedn\u00e1n\u00ed, resp.schvalov\u00e1n\u00ed bezpe\u010dnostn\u00edch krit\u00e9ri\u00ed.<\/p>\n<p>Postoj pana Pet\u0159\u00ed\u010dka v dan\u00fd moment je celkem pochopiteln\u00fd, ale ot\u00e1zka je, zda je tak\u00e9 rozumn\u00fd. Na jedn\u00e9 stran\u011b hraje na city t\u011bm co jsou nad n\u00edm, pro kter\u00e9 d\u011bl\u00e1 tu \u0161pinavou z\u00e1padn\u00ed zahrani\u010dn\u00ed politiku, na druh\u00e9 si ale tak\u00e9 m\u016f\u017ee zna\u010dn\u011b u\u0161kodit u t\u011bch, od kter\u00fdch o\u010dek\u00e1v\u00e1 podporu v jeho naivn\u00edm z\u00e1m\u011bru b\u00fdt zvolen p\u0159edsedou \u010cSSD. Pravda, st\u00e1t se m\u016f\u017ee mnoh\u00e9, ani jeho v\u00edt\u011bzstv\u00ed ve volb\u00e1ch \u010cSSD nen\u00ed p\u0159edem vylou\u010deno, v\u017edy\u0165 u n\u00e1s by u\u017e nem\u011blo b\u00fdt \u017e\u00e1dn\u00fdm p\u0159ekvapen\u00edm, \u017ee se z kozl\u016f st\u00e1vaj\u00ed zahradn\u00edci, \u017ee se vlk na\u017eral a ovce z\u016fstala cel\u00e1, \u017ee syt\u00fd hladov\u00e9mu nev\u011b\u0159i\u00ed a \u017ee ko\u0161ile je bli\u017e\u0161\u00ed kab\u00e1tu atd. Jin\u00fdmi slovy, tak jako o covidov\u00e9 pandemii rozhoduj\u00ed \u201eodborn\u011b kvalifikovan\u00ed laici\u201c (lep\u0161\u00ed by asi bylo nazvat je blbci), tak o ot\u00e1zce (ne)bezpe\u010dnosti Rosatomu budou rozhodovat stejn\u011b \u201eodborn\u011b kvalifikovan\u00ed laici\u201c, jak v\u00fd\u0161e uvedeno.<\/p>\n<p>Ostatn\u011b, nen\u00ed se \u010demu divit, v\u017edy\u0165 jak z \u0159ad ODS, tak z \u0159ad Pir\u00e1t\u016f i jin\u00fdch pravicov\u011b opozi\u010dn\u00edch stran zn\u00ed siln\u00fdm hlasem n\u00e1zory, jak by v\u0161echno d\u011blali l\u00e9pe, odborn\u011bji, kvalifikovan\u011bji, \u00fasporn\u011bji, rychleji, spravedliv\u011bji, demokrati\u010dt\u011bji a o mnoho dal\u0161\u00edmi pozitivn\u00edmi zp\u016fsoby, ne\u017e \u010din\u00ed dne\u0161n\u00ed vl\u00e1da, p\u0159i\u010dem\u017e neopomenou poznamenat, \u017ee s \u201epodporou\u201c komunist\u016f! To aby zd\u016fraznili naprostou nemohoucnost a ubohost t\u00e9to vl\u00e1dy.<\/p>\n<p>Nicm\u00e9n\u011b, i v t\u00e9to vl\u00e1d\u011b se najdou v\u00fdjimky, jednou z nich je pr\u00e1v\u011b pan Pet\u0159\u00ed\u010dek, kter\u00fd a\u010d soci\u00e1ln\u00ed demokrat se ztoto\u017e\u0148uje s n\u00e1zory pravicov\u00e9 opozice. Mo\u017en\u00e1 je to t\u00edm, \u017ee \u010cSSD nev\u00ed kam se za\u0159adit, aby nep\u0159i\u0161la o sv\u00e9 b\u00fdval\u00e9 postaven\u00ed. Proto laboruj\u00ed tu nalevo, tu napravo, jen aby si udr\u017eeli sv\u00e9 posty a p\u0159e\u017eili podzimn\u00ed parlamentn\u00ed volby. \u017de si ale politici, alias \u201ebezpe\u010dnostn\u00ed odborn\u00edci\u201c nejsou sv\u00fdmi n\u00e1zory zcela jisti, nech\u00e1vaj\u00ed rozhodnut\u00ed o investorovi do DE na nov\u00e9 vl\u00e1d\u011b. Jim sta\u010d\u00ed, kdy\u017e se o n\u00ed budou jen dohadovat.<\/p>\n<p>Smutn\u00e9 na tom je, \u017ee v jejich posuzov\u00e1n\u00ed nehraje roli ani tolik cena, kvalita, odbornost a l\u00e9ty ov\u011b\u0159en\u00e1 bezpe\u010dnost, ale p\u0159edev\u0161\u00edm politick\u00e1 hlediska s vazbou na po\u017eadavky Z\u00e1padu, kter\u00e9 se sna\u017e\u00ed prosadit sv\u00e9, pro n\u00e1s mnohem dra\u017e\u0161\u00ed, pro n\u011b mnohem ziskov\u011bj\u0161\u00ed, investice. Jak zn\u00e1mo, ani ku\u0159e zadarmo nehrabe, proto nelze pochybovat o tom, \u017ee ti na\u0161i politici, kte\u0159\u00ed up\u0159ednost\u0148uj\u00ed americkou firmu Westinghouse Electric Company, tak ne\u010din\u00ed z l\u00e1sky k t\u00e9to firm\u011b, ale benefit\u016f, kter\u00e9 by v p\u0159\u00edpad\u011b podpory a prosazen\u00ed obdr\u017eeli.<\/p>\n<p>Z uveden\u00e9ho vypl\u00fdv\u00e1, co sv\u00fdm \u201erozhodn\u00fdm\u201c postojem k Elektr\u00e1rn\u011b Dukovany pan ministr Pet\u0159\u00ed\u010dek sleduje. O kone\u010dn\u00e9m rozhodnut\u00ed, kter\u00e1 firma bude pro JEDU kone\u010dn\u00fdm investorem, nen\u00ed je\u0161t\u011b definitivn\u011b rozhodnuto. Bohu\u017eel existuje re\u00e1ln\u00e9 nebezpe\u010d\u00ed \u010di p\u0159edpoklady, \u017ee jak\u00e9koliv pozitivn\u00ed rozhodnut\u00ed pro rusk\u00fd Rosatom m\u016f\u017ee b\u00fdt novou vl\u00e1dou zvr\u00e1ceno. To v p\u0159\u00edpad\u011b, \u017ee ve volb\u00e1ch zv\u00edt\u011bz\u00ed mor\u00e1ln\u011b profl\u00e1knut\u00e9 koalice SPOLU (ODS, TOP 09, KDU-\u010cSL) nebo Pir\u00e1t\u016f a STAN. Tak\u017ee i zde plat\u00ed, \u017ee o p\u0159ekvapen\u00ed nemus\u00ed b\u00fdt nouze, jako by n\u00e1m ten dne\u0161n\u00ed \u201enouzov\u00fd stav\u201c nesta\u010dil.<\/p>\n<p>Ji\u0159\u00ed BA\u0164A<\/p>\n<p>&nbsp;<\/p>\n","protected":false},"excerpt":{"rendered":"<p>Tou mlhou je my\u0161lena skute\u010dnost, \u017ee na dotaz, zda rozum\u00ed obav\u00e1m n\u011bkter\u00fdch opozi\u010dn\u00edch stran, kter\u00e9&#8230;<\/p>\n","protected":false},"author":2,"featured_media":579,"comment_status":"closed","ping_status":"closed","sticky":false,"template":"","format":"standard","meta":[],"categories":[6],"tags":[45,29,49],"_links":{"self":[{"href":"https:\/\/www.infokuryr.cz\/n\/wp-json\/wp\/v2\/posts\/578"}],"collection":[{"href":"https:\/\/www.infokuryr.cz\/n\/wp-json\/wp\/v2\/posts"}],"about":[{"href":"https:\/\/www.infokuryr.cz\/n\/wp-json\/wp\/v2\/types\/post"}],"author":[{"embeddable":true,"href":"https:\/\/www.infokuryr.cz\/n\/wp-json\/wp\/v2\/users\/2"}],"replies":[{"embeddable":true,"href":"https:\/\/www.infokuryr.cz\/n\/wp-json\/wp\/v2\/comments?post=578"}],"version-history":[{"count":0,"href":"https:\/\/www.infokuryr.cz\/n\/wp-json\/wp\/v2\/posts\/578\/revisions"}],"wp:featuredmedia":[{"embeddable":true,"href":"https:\/\/www.infokuryr.cz\/n\/wp-json\/wp\/v2\/media\/579"}],"wp:attachment":[{"href":"https:\/\/www.infokuryr.cz\/n\/wp-json\/wp\/v2\/media?parent=578"}],"wp:term":[{"taxonomy":"category","embeddable":true,"href":"https:\/\/www.infokuryr.cz\/n\/wp-json\/wp\/v2\/categories?post=578"},{"taxonomy":"post_tag","embeddable":true,"href":"https:\/\/www.infokuryr.cz\/n\/wp-json\/wp\/v2\/tags?post=578"}],"curies":[{"name":"wp","href":"https:\/\/api.w.org\/{rel}","templated":true}]}}