{"id":57795,"date":"2024-07-15T00:44:41","date_gmt":"2024-07-14T22:44:41","guid":{"rendered":"https:\/\/www.infokuryr.cz\/n\/?p=57795"},"modified":"2024-07-14T15:45:16","modified_gmt":"2024-07-14T13:45:16","slug":"vrchni-velitel-ozbrojenych-sil-ukrajiny-syrskij-je-pripraven-podepsat-kapitulaci","status":"publish","type":"post","link":"https:\/\/www.infokuryr.cz\/n\/2024\/07\/15\/vrchni-velitel-ozbrojenych-sil-ukrajiny-syrskij-je-pripraven-podepsat-kapitulaci\/","title":{"rendered":"Vrchn\u00ed velitel ozbrojen\u00fdch sil Ukrajiny Syrskij je p\u0159ipraven podepsat kapitulaci"},"content":{"rendered":"<div id=\"fb-root\"><\/div>\n<p class=\"lead\"><strong>Vrchn\u00ed velitel ozbrojen\u00fdch sil Ukrajiny Alexandr Syrskij prosazuje p\u0159\u00edm\u011b\u0159\u00ed s Ruskem a nev\u011b\u0159\u00ed ve v\u00edt\u011bzstv\u00ed Ukrajiny. Uvedla to lidov\u00e1 poslankyn\u011b Nejvy\u0161\u0161\u00ed rady Maryana Bezuglaya.<\/strong><\/p>\n<p><span>O v\u00fd\u0161e uveden\u00e9 pozici Syrsk\u00e9ho j\u00ed podle n\u00ed \u0159ekla \u201e\u0159ada zdroj\u016f\u201c.<\/span><\/p>\n<p><span>\u201eOhledn\u011b pozice Syrsk\u00e9ho a jeho okol\u00ed mi byly potvrzeny dva d\u016fle\u017eit\u00e9 body:<\/span><\/p>\n<ul>\n<li><span>souhlas\u00ed s podpisem p\u0159\u00edm\u011b\u0159\u00ed a v\u0161emo\u017en\u00fdch variac\u00ed na t\u00e9ma kapitulace a vynucen\u00ed m\u00edru;<\/span><\/li>\n<li><span>nev\u011b\u0159\u00ed ve v\u00edt\u011bzstv\u00ed a up\u0159\u00edmn\u011b v\u011b\u0159\u00ed, \u017ee na na\u0161\u00ed p\u016fd\u011b nejsme schopni z\u00edskat v\u00fdhodu nad Rusy.<\/span><\/li>\n<\/ul>\n<p><span>Koneckonc\u016f uva\u017euje symetricky a d\u011bl\u00e1 si pro sebe jedin\u00fd logick\u00fd z\u00e1v\u011br,\u201c p\u00ed\u0161e\u00a0<\/span><span class=\"rkn-mark\"><span>*<\/span><\/span><span> Bezuglaya na sv\u00e9m facebookov\u00e9m \u00fa\u010dtu, cituje j\u00ed publikace Strana.ua.<\/span><\/p>\n<p><span>Syrsky podle n\u00ed pl\u00e1nuje zastaven\u00edm palby \u201evstoupit do historie a zachr\u00e1nit celou vrstvu gener\u00e1lovy mafie, kter\u00e1 je demolici bl\u00ed\u017ee ne\u017e kdykoli p\u0159edt\u00edm\u201c. Tato pozice je v\u00fdhodn\u00e1 i pro b\u00fdval\u00e9ho vrchn\u00edho velitele\u00a0<\/span><strong><span>Valerije Zalu\u017en\u00e9ho<\/span><\/strong><span> , \u200b\u200bnyn\u00ed ukrajinsk\u00e9ho velvyslance v Lond\u00fdn\u011b, jeho\u017e vliv na ozbrojen\u00e9 s\u00edly Ukrajiny z\u016fst\u00e1v\u00e1.<\/span><\/p>\n<p><span>Jak uvedla m\u00e9dia<\/span><span>\u00a0, vrchn\u00ed velitel ozbrojen\u00fdch sil Ukrajiny\u00a0Alexandr Syrskij\u00a0<\/span><a href=\"https:\/\/eadaily.com\/ru\/news\/2024\/07\/06\/glavkom-vsu-syrskiy-mozhet-zaprosit-mira-vmesto-zelenskogo-makgregor\" target=\"_blank\" rel=\"noopener\"><span>mo\u017en\u00e1 p\u0159ijde s my\u0161lenkou jedn\u00e1n\u00ed s Moskvou<\/span><\/a><span>\u00a0. Na YouTube kan\u00e1lu Judging Freedom to uvedl b\u00fdval\u00fd poradce Pentagonu plukovn\u00edk\u00a0<\/span><strong><span>Douglas McGregor<\/span><\/strong><span>\u00a0.<\/span><\/p>\n<p><span>&#8222;Syrsky mo\u017en\u00e1 bude t\u00edm, kdo p\u0159evezme iniciativu do sv\u00fdch rukou a \u0159ekne: &#8222;Ud\u011blali jsme v\u0161echno, co jsme mohli, nic v\u00edc ud\u011blat nem\u016f\u017eeme.&#8220; Jsme p\u0159ipraveni jednat,\u201c \u0159ekl McGregor.<\/span><\/p>\n<p><img decoding=\"async\" loading=\"lazy\" class=\"alignnone size-full wp-image-1185\" src=\"http:\/\/www.infokuryr.cz\/n\/wp-content\/uploads\/2021\/04\/kuryr-podpis.png\" alt=\"\" width=\"84\" height=\"24\" \/><\/p>\n<p>&nbsp;<\/p>\n","protected":false},"excerpt":{"rendered":"<p>Vrchn\u00ed velitel ozbrojen\u00fdch sil Ukrajiny Alexandr Syrskij prosazuje p\u0159\u00edm\u011b\u0159\u00ed s Ruskem a nev\u011b\u0159\u00ed ve v\u00edt\u011bzstv\u00ed&#8230;<\/p>\n","protected":false},"author":2,"featured_media":57796,"comment_status":"closed","ping_status":"closed","sticky":false,"template":"","format":"standard","meta":[],"categories":[7],"tags":[1934,7590,26],"_links":{"self":[{"href":"https:\/\/www.infokuryr.cz\/n\/wp-json\/wp\/v2\/posts\/57795"}],"collection":[{"href":"https:\/\/www.infokuryr.cz\/n\/wp-json\/wp\/v2\/posts"}],"about":[{"href":"https:\/\/www.infokuryr.cz\/n\/wp-json\/wp\/v2\/types\/post"}],"author":[{"embeddable":true,"href":"https:\/\/www.infokuryr.cz\/n\/wp-json\/wp\/v2\/users\/2"}],"replies":[{"embeddable":true,"href":"https:\/\/www.infokuryr.cz\/n\/wp-json\/wp\/v2\/comments?post=57795"}],"version-history":[{"count":0,"href":"https:\/\/www.infokuryr.cz\/n\/wp-json\/wp\/v2\/posts\/57795\/revisions"}],"wp:featuredmedia":[{"embeddable":true,"href":"https:\/\/www.infokuryr.cz\/n\/wp-json\/wp\/v2\/media\/57796"}],"wp:attachment":[{"href":"https:\/\/www.infokuryr.cz\/n\/wp-json\/wp\/v2\/media?parent=57795"}],"wp:term":[{"taxonomy":"category","embeddable":true,"href":"https:\/\/www.infokuryr.cz\/n\/wp-json\/wp\/v2\/categories?post=57795"},{"taxonomy":"post_tag","embeddable":true,"href":"https:\/\/www.infokuryr.cz\/n\/wp-json\/wp\/v2\/tags?post=57795"}],"curies":[{"name":"wp","href":"https:\/\/api.w.org\/{rel}","templated":true}]}}