{"id":57707,"date":"2024-07-14T00:40:14","date_gmt":"2024-07-13T22:40:14","guid":{"rendered":"https:\/\/www.infokuryr.cz\/n\/?p=57707"},"modified":"2024-07-13T17:37:41","modified_gmt":"2024-07-13T15:37:41","slug":"libanonske-odbojove-brigady-se-pripojuji-k-boji-proti-izraeli","status":"publish","type":"post","link":"https:\/\/www.infokuryr.cz\/n\/2024\/07\/14\/libanonske-odbojove-brigady-se-pripojuji-k-boji-proti-izraeli\/","title":{"rendered":"Libanonsk\u00e9 odbojov\u00e9 brig\u00e1dy se p\u0159ipojuj\u00ed k boji proti Izraeli"},"content":{"rendered":"<div id=\"fb-root\"><\/div>\n<p><strong><span>Libanonsk\u00e9 odbojov\u00e9 brig\u00e1dy (LRB) spojen\u00e9 s Hizball\u00e1hem ozn\u00e1mily sv\u016fj prvn\u00ed \u00fatok proti izraelsk\u00fdm obrann\u00fdm sil\u00e1m (IDF) 12. \u010dervence, \u010d\u00edm\u017e se fakticky p\u0159ipojily k boji na podporu palestinsk\u00e9 enkl\u00e1vy P\u00e1sma Gazy.<\/span><\/strong><\/p>\n<p><span>V prohl\u00e1\u0161en\u00ed skupina uvedla, \u017ee jej\u00ed bojovn\u00edci odp\u00e1lili rakety na m\u00edsto Ruwaisat al-Qarn v Izraelem okupovan\u00e9 libanonsk\u00e9 farm\u011b Shebaa.<\/span><\/p>\n<p><span>\u00datok byl proveden \u201ena podporu neochv\u011bjn\u00e9ho palestinsk\u00e9ho lidu tv\u00e1\u0159\u00ed v tv\u00e1\u0159 sionistick\u00e9 okupaci a na obranu Libanonu a jeho lidu a na osmn\u00e1ct\u00e9 v\u00fdro\u010d\u00ed \u010dervencov\u00e9 v\u00e1lky [v roce 2006],\u201c poznamenala LRB.<\/span><\/p>\n<p><span>Ve stejn\u00fd den provedl Hizball\u00e1h p\u011bt \u00fatok\u016f proti IDF, z nich\u017e jeden se zam\u011b\u0159il tak\u00e9 na lokalitu Ruwaisat al-Qarn. Skupina tak\u00e9 oplakala jednoho ze sv\u00fdch bojovn\u00edk\u016f.<\/span><\/p>\n<p><span>LRB je nedenomina\u010dn\u00ed libanonsk\u00e1 ozbrojen\u00e1 skupina, kter\u00e1 byla zalo\u017eena s pomoc\u00ed Hizball\u00e1hu v roce 1997, aby \u010delila Izraeli.<\/span><\/p>\n<p><span>Skupinu tvo\u0159\u00ed \u0161\u00edit\u0161t\u00ed a sunnit\u0161t\u00ed muslimov\u00e9, k\u0159es\u0165an\u00e9 a dr\u00fazov\u00e9, kte\u0159\u00ed se hl\u00e1s\u00ed k libanonsk\u00e9mu nacionalismu a siln\u00e9mu antisionistick\u00e9mu p\u0159esv\u011bd\u010den\u00ed. \u00dadajn\u011b je financov\u00e1na, vycvi\u010dena a vyzbrojena Hizball\u00e1hem. Pracovn\u00ed s\u00edla, slo\u017een\u00ed a s\u00edla skupiny jsou nejasn\u00e9.<\/span><\/p>\n<p><span>Hizball\u00e1h a \u0159ada jeho spojenc\u016f v Libanonu zah\u00e1jila t\u00e9m\u011b\u0159 ka\u017edodenn\u00ed \u00fatoky proti IDF na podporu hnut\u00ed Ham\u00e1s a dal\u0161\u00edch palestinsk\u00fdch ozbrojen\u00fdch frakc\u00ed v Gaze po vypuknut\u00ed izraelsk\u00e9 v\u00e1lky v p\u00e1smu loni v \u0159\u00edjnu.<\/span><\/p>\n<p><span>I kdy\u017e to bylo poprv\u00e9, co LRB zah\u00e1jila \u00fatok proti IDF, truchlila pro n\u011bkolik sv\u00fdch bojovn\u00edk\u016f, kdy\u017e poprv\u00e9 vypukly st\u0159ety na libanonsko-izraelsk\u00e9 hranici.<\/span><\/p>\n<p><span>Dosud si hrani\u010dn\u00ed st\u0159ety vy\u017e\u00e1daly na izraelsk\u00e9 stran\u011b 12 mrtv\u00fdch civilist\u016f a tak\u00e9 nejm\u00e9n\u011b 17 voj\u00e1k\u016f a z\u00e1lo\u017en\u00edk\u016f IDF. Na libanonsk\u00e9 stran\u011b bylo zabito v\u00edce ne\u017e 500 lid\u00ed, v\u010detn\u011b 348 bojovn\u00edk\u016f Hizball\u00e1hu a nejm\u00e9n\u011b 90 civilist\u016f.<\/span><\/p>\n<p><img decoding=\"async\" loading=\"lazy\" class=\"alignnone size-full wp-image-1185\" src=\"http:\/\/www.infokuryr.cz\/n\/wp-content\/uploads\/2021\/04\/kuryr-podpis.png\" alt=\"\" width=\"84\" height=\"24\" \/><\/p>\n<p>&nbsp;<\/p>\n","protected":false},"excerpt":{"rendered":"<p>Libanonsk\u00e9 odbojov\u00e9 brig\u00e1dy (LRB) spojen\u00e9 s Hizball\u00e1hem ozn\u00e1mily sv\u016fj prvn\u00ed \u00fatok proti izraelsk\u00fdm obrann\u00fdm sil\u00e1m&#8230;<\/p>\n","protected":false},"author":2,"featured_media":57708,"comment_status":"closed","ping_status":"closed","sticky":false,"template":"","format":"standard","meta":[],"categories":[7],"tags":[107,405,7582],"_links":{"self":[{"href":"https:\/\/www.infokuryr.cz\/n\/wp-json\/wp\/v2\/posts\/57707"}],"collection":[{"href":"https:\/\/www.infokuryr.cz\/n\/wp-json\/wp\/v2\/posts"}],"about":[{"href":"https:\/\/www.infokuryr.cz\/n\/wp-json\/wp\/v2\/types\/post"}],"author":[{"embeddable":true,"href":"https:\/\/www.infokuryr.cz\/n\/wp-json\/wp\/v2\/users\/2"}],"replies":[{"embeddable":true,"href":"https:\/\/www.infokuryr.cz\/n\/wp-json\/wp\/v2\/comments?post=57707"}],"version-history":[{"count":0,"href":"https:\/\/www.infokuryr.cz\/n\/wp-json\/wp\/v2\/posts\/57707\/revisions"}],"wp:featuredmedia":[{"embeddable":true,"href":"https:\/\/www.infokuryr.cz\/n\/wp-json\/wp\/v2\/media\/57708"}],"wp:attachment":[{"href":"https:\/\/www.infokuryr.cz\/n\/wp-json\/wp\/v2\/media?parent=57707"}],"wp:term":[{"taxonomy":"category","embeddable":true,"href":"https:\/\/www.infokuryr.cz\/n\/wp-json\/wp\/v2\/categories?post=57707"},{"taxonomy":"post_tag","embeddable":true,"href":"https:\/\/www.infokuryr.cz\/n\/wp-json\/wp\/v2\/tags?post=57707"}],"curies":[{"name":"wp","href":"https:\/\/api.w.org\/{rel}","templated":true}]}}