{"id":57706,"date":"2024-07-14T00:39:36","date_gmt":"2024-07-13T22:39:36","guid":{"rendered":"https:\/\/www.infokuryr.cz\/n\/?p=57706"},"modified":"2024-07-13T17:35:00","modified_gmt":"2024-07-13T15:35:00","slug":"huthiove-zautocili-dvakrat-na-obchodni-lod-v-rudem-mori-a-bab-al-mandab","status":"publish","type":"post","link":"https:\/\/www.infokuryr.cz\/n\/2024\/07\/14\/huthiove-zautocili-dvakrat-na-obchodni-lod-v-rudem-mori-a-bab-al-mandab\/","title":{"rendered":"H\u00fath\u00edov\u00e9 za\u00fato\u010dili dvakr\u00e1t na obchodn\u00ed lo\u010f v Rud\u00e9m mo\u0159i a Bab Al-Mandab"},"content":{"rendered":"<div id=\"fb-root\"><\/div>\n<p><strong><span>H\u00fas\u00edov\u00e9 (Ansar Allah) v Jemenu 12. \u010dervence ozn\u00e1mili, \u017ee zam\u00ed\u0159ili na obchodn\u00ed lo\u010f Chrysalis dvakr\u00e1t v Rud\u00e9m mo\u0159i a v pr\u016flivu B\u00e1b al-Mandab.<\/span><\/strong><\/p>\n<p><span>V prohl\u00e1\u0161en\u00ed mluv\u010d\u00ed arm\u00e1dy Houthi brig\u00e1dn\u00ed gener\u00e1l Yahya Sarea uvedl, \u017ee plavidlo bylo ter\u010dem kv\u016fli skute\u010dnosti, \u017ee jeho spole\u010dnost poru\u0161ila rozhodnut\u00ed skupiny zakazuj\u00edc\u00ed vstup do v\u0161ech p\u0159\u00edstav\u016f \u201eokupovan\u00e9 Palestiny\u201c.<\/span><\/p>\n<p><span>Chrysalis byl podle mluv\u010d\u00edho dvakr\u00e1t zac\u00edlen, nejprve v Rud\u00e9m mo\u0159i a pot\u00e9 v Bab al-Mandab, za pou\u017eit\u00ed n\u011bkolika vhodn\u00fdch balistick\u00fdch a n\u00e1mo\u0159n\u00edch raket a tak\u00e9 dron\u016f.<\/span><\/p>\n<p><span>Briga. Gener\u00e1l Sarea tak\u00e9 zd\u016fraznil, \u017ee H\u00fas\u00edov\u00e9 nep\u0159estanou sv\u00e9 operace, \u201edokud se izraelsk\u00e1 agrese nezastav\u00ed a nebude zru\u0161eno oble\u017een\u00ed palestinsk\u00e9ho lidu v p\u00e1smu Gazy\u201c.<\/span><\/p>\n<p><span>Mluv\u010d\u00ed d\u00e1le chv\u00e1lil jemensk\u00fd lid za jejich bezprecedentn\u00ed masivn\u00ed propalestinsk\u00e1 shrom\u00e1\u017ed\u011bn\u00ed ve v\u0161ech jemensk\u00fdch guberni\u00edch a okresech a za op\u011btovn\u00e9 potvrzen\u00ed jejich pokra\u010duj\u00edc\u00ed vojensk\u00e9 podpory palestinsk\u00e9mu odporu.<\/span><\/p>\n<p><span>Krom\u011b toho potvrdil plnou p\u0159ipravenost H\u00fas\u00ed\u016f reagovat na \u201enep\u0159\u00e1telsk\u00e9 akce\u201c sa\u00fadsk\u00e9ho re\u017eimu \u201ejednaj\u00edc\u00edho podle americk\u00fdch direktiv ve slu\u017eb\u00e1ch izraelsk\u00e9ho nep\u0159\u00edtele\u201c.<\/span><\/p>\n<p><span>\u00dast\u0159edn\u00ed velen\u00ed Spojen\u00fdch st\u00e1t\u016f ze sv\u00e9 strany uvedlo, \u017ee jeho s\u00edly zni\u010dily 12. \u010dervence t\u0159i bezpilotn\u00ed letouny v oblasti Jemenu kontrolovan\u00e9 Houthi.<\/span><\/p>\n<p><em>&#8222;Bylo rozhodnuto, \u017ee tyto UAV [bezpilotn\u00ed letouny] p\u0159edstavuj\u00ed bezprost\u0159edn\u00ed hrozbu pro USA, koali\u010dn\u00ed s\u00edly a obchodn\u00ed plavidla v regionu,&#8220; uvedlo velen\u00ed v prohl\u00e1\u0161en\u00ed. &#8222;Tato opat\u0159en\u00ed byla p\u0159ijata s c\u00edlem chr\u00e1nit svobodu plavby a u\u010dinit mezin\u00e1rodn\u00ed vody bezpe\u010dn\u011bj\u0161\u00edmi.&#8220;<\/em><\/p>\n<p><span>Jemensk\u00e1 televize Al-Masirah, kterou provozuj\u00ed H\u00fas\u00edov\u00e9, potvrdila, \u017ee 12. \u010dervence zas\u00e1hly t\u0159i \u201eamericko-britsk\u00e9 \u00fadery\u201c p\u0159\u00edstavn\u00ed m\u011bsto al-Hodeidah v Rud\u00e9m mo\u0159i, ale nehl\u00e1sila \u017e\u00e1dn\u00e9 ztr\u00e1ty.<\/span><\/p>\n<p><span>H\u00fas\u00edov\u00e9 od listopadu v reakci na izraelskou v\u00e1lku a obl\u00e9h\u00e1n\u00ed za\u00fato\u010dili na des\u00edtky plavidel p\u0159idru\u017een\u00fdch k Izraeli nebo vlastn\u011bn\u00fdch USA a Spojen\u00fdm kr\u00e1lovstv\u00edm v Rud\u00e9m mo\u0159i, Adensk\u00e9m z\u00e1livu, Arabsk\u00e9m mo\u0159i, Indick\u00e9m oce\u00e1nu a St\u0159edozemn\u00edm mo\u0159i. na Gaze.<\/span><\/p>\n<p><span>Ve stejn\u00e9m obdob\u00ed skupina vypustila des\u00edtky dron\u016f a raket na nejji\u017en\u011bj\u0161\u00ed izraelsk\u00e9 m\u011bsto Ejlat a sest\u0159elila \u0161est bojov\u00fdch dron\u016f americk\u00e9 v\u00fdroby nad Jemenem a bl\u00edzk\u00fdmi vodami.<\/span><\/p>\n<p><span>Od ledna provedly USA a Spojen\u00e9 kr\u00e1lovstv\u00ed stovky \u00fader\u016f na oblasti v Jemenu kontrolovan\u00e9 Houthi ve snaze odstra\u0161it skupinu, ale bez \u00fasp\u011bchu.<\/span><\/p>\n<p><img decoding=\"async\" loading=\"lazy\" class=\"alignnone size-full wp-image-1185\" src=\"http:\/\/www.infokuryr.cz\/n\/wp-content\/uploads\/2021\/04\/kuryr-podpis.png\" alt=\"\" width=\"84\" height=\"24\" \/><\/p>\n<p>&nbsp;<\/p>\n","protected":false},"excerpt":{"rendered":"<p>H\u00fas\u00edov\u00e9 (Ansar Allah) v Jemenu 12. \u010dervence ozn\u00e1mili, \u017ee zam\u00ed\u0159ili na obchodn\u00ed lo\u010f Chrysalis dvakr\u00e1t&#8230;<\/p>\n","protected":false},"author":2,"featured_media":56600,"comment_status":"closed","ping_status":"closed","sticky":false,"template":"","format":"standard","meta":[],"categories":[7],"tags":[6184,627,6329,1863],"_links":{"self":[{"href":"https:\/\/www.infokuryr.cz\/n\/wp-json\/wp\/v2\/posts\/57706"}],"collection":[{"href":"https:\/\/www.infokuryr.cz\/n\/wp-json\/wp\/v2\/posts"}],"about":[{"href":"https:\/\/www.infokuryr.cz\/n\/wp-json\/wp\/v2\/types\/post"}],"author":[{"embeddable":true,"href":"https:\/\/www.infokuryr.cz\/n\/wp-json\/wp\/v2\/users\/2"}],"replies":[{"embeddable":true,"href":"https:\/\/www.infokuryr.cz\/n\/wp-json\/wp\/v2\/comments?post=57706"}],"version-history":[{"count":0,"href":"https:\/\/www.infokuryr.cz\/n\/wp-json\/wp\/v2\/posts\/57706\/revisions"}],"wp:featuredmedia":[{"embeddable":true,"href":"https:\/\/www.infokuryr.cz\/n\/wp-json\/wp\/v2\/media\/56600"}],"wp:attachment":[{"href":"https:\/\/www.infokuryr.cz\/n\/wp-json\/wp\/v2\/media?parent=57706"}],"wp:term":[{"taxonomy":"category","embeddable":true,"href":"https:\/\/www.infokuryr.cz\/n\/wp-json\/wp\/v2\/categories?post=57706"},{"taxonomy":"post_tag","embeddable":true,"href":"https:\/\/www.infokuryr.cz\/n\/wp-json\/wp\/v2\/tags?post=57706"}],"curies":[{"name":"wp","href":"https:\/\/api.w.org\/{rel}","templated":true}]}}