{"id":57690,"date":"2024-07-13T06:27:01","date_gmt":"2024-07-13T04:27:01","guid":{"rendered":"https:\/\/www.infokuryr.cz\/n\/?p=57690"},"modified":"2024-07-13T06:27:01","modified_gmt":"2024-07-13T04:27:01","slug":"michael-svatos-sok-cia-uz-24-hodin-zurive-bubnuje-na-poplach","status":"publish","type":"post","link":"https:\/\/www.infokuryr.cz\/n\/2024\/07\/13\/michael-svatos-sok-cia-uz-24-hodin-zurive-bubnuje-na-poplach\/","title":{"rendered":"Michael Svato\u0161: \u0160ok! CIA u\u017e 24 hodin zu\u0159iv\u011b bubnuje na poplach!"},"content":{"rendered":"<div id=\"fb-root\"><\/div>\n<p><span style=\"font-size: 14pt; color: #993366;\"><strong>\u0160ok! CIA u\u017e 24 hodin zu\u0159iv\u011b bubnuje na poplach! Rusko-\u010d\u00ednsk\u00e1 aliance v\u010dera dokonale zesm\u011b\u0161nila cel\u00fd Z\u00e1pad a spustila prvn\u00ed v\u00fdrobn\u00ed linku na fotonick\u00e9 \u010dipy na sv\u011bt\u011b! Kvantov\u00e1 aliance NATO se p\u0159itom dostala do vleku neziskovek, a m\u00edsto v\u00fdzkumu a v\u00fdroby nov\u00fdch \u010dip\u016f se chyst\u00e1 rad\u011bji zav\u00e1d\u011bt Novou Cenzuru!<\/strong><\/span><\/p>\n<p>Perli\u010dka na \u00favod: Tento obrovsk\u00fd v\u00fdbuch na Ukrajin\u011b\u00a0(<a href=\"https:\/\/t.me\/fighter_bomber\/17113\">video zde<\/a>),\u00a0kter\u00fd<a href=\"https:\/\/www.idnes.cz\/zpravy\/zahranicni\/rusko-valka-ukrajina-klouzava-bomba-fab-3000.A240620_174400_zahranicni_kha\">\u00a0\u010desk\u00e1 m\u00e9dia myln\u011b p\u0159ipisovala rusk\u00e9 bomb\u011b FAB 3000<\/a>, podle\u00a0<a href=\"https:\/\/2day.kh.ua\/ua\/kharkow\/ne-fab-3000-u-politsiyi-poperedno-vidkynuly-versiyu-rosiyan-pro-tsar-bombu-na-lyptsi\">v\u010dera zve\u0159ejn\u011bn\u00fdch v\u00fdsledk\u016f vy\u0161et\u0159ov\u00e1n\u00ed ukrajinsk\u00e9 brann\u00e9 moci<\/a>\u00a0zp\u016fsobila pouze detonace rusk\u00e9 bomby o polovi\u010dn\u00ed v\u00e1ze FAB 1500. Zd\u00e1 se tak, \u017ee skute\u010dn\u00e9 zem\u011bt\u0159esn\u00e9 bomby Ukrajince teprve \u010dekaj\u00ed. A jak budou jejich v\u00fdbuchy zni\u010duj\u00edc\u00ed, si u\u017e te\u010f m\u016f\u017eete p\u0159edstavit z v\u00fdbuchu bomby polovi\u010dn\u00ed. \u010ci m\u00e1 n\u00e1hl\u00e9 odhalen\u00ed pachatele tohoto v\u00fdbuchu n\u011bjakou spojitost s h\u00e1dkami o pachateli v\u00fdbuchu, kter\u00fd zni\u010dil kyjevskou d\u011btskou nemocnici, nen\u00ed vylou\u010deno, a znamenalo by, \u017ee je t\u0159eba v o\u010d\u00edch ve\u0159ejnosti sn\u00ed\u017eit mno\u017estv\u00ed trhaviny, kter\u00e9 je nutn\u00e9, aby v\u00fdbuchem dok\u00e1zalo prov\u00e9st devastace podobn\u00e9ho rozsahu. Mo\u017en\u00e1 tak\u00e9 bomby o v\u00e1ze 3000kg vyvolaly v ukrajinsk\u00e9 arm\u00e1d\u011b takovou demoralizaci, \u017ee bylo t\u0159eba jejich pou\u017e\u00edv\u00e1n\u00ed Rusy vyvr\u00e1tit. A nebo opravdu sta\u010d\u00ed jen jedna bomba FAB 1500, aby zni\u010dila celou nemocnici v Charkovsk\u00e9 oblasti, obdobn\u011b jako ji jedna rusk\u00e1 raketa s n\u00e1lo\u017e\u00ed 400 kg m\u011bla zni\u010dit v Kyjev\u011b.<\/p>\n<p><img decoding=\"async\" loading=\"lazy\" class=\"wp-image-11769 aligncenter\" src=\"https:\/\/www.michalapetr.com\/wp-content\/uploads\/2024\/07\/3000.jpg\" sizes=\"(max-width: 740px) 100vw, 740px\" srcset=\"https:\/\/www.michalapetr.com\/wp-content\/uploads\/2024\/07\/3000.jpg 740w, https:\/\/www.michalapetr.com\/wp-content\/uploads\/2024\/07\/3000-300x154.jpg 300w, https:\/\/www.michalapetr.com\/wp-content\/uploads\/2024\/07\/3000-705x362.jpg 705w, https:\/\/www.michalapetr.com\/wp-content\/uploads\/2024\/07\/3000-450x231.jpg 450w\" alt=\"\" width=\"752\" height=\"386\" \/><\/p>\n<p>Je tomu sotva p\u00e1r dn\u00ed,\u00a0<a href=\"https:\/\/www.facebook.com\/watch\/?v=1199143684777151\">co se vl\u00e1dce \u010cR Fiala v m\u00e9di\u00edch py\u0161nil<\/a>,\u00a0\u017ee Ameri\u010dan\u00e9 za na\u0161e st\u00e1tn\u00ed miliardy vybuduj\u00ed na Morav\u011b n\u011bjakou v\u00fdrobn\u00ed linku na star\u00e9 pra-\u010dipy, a \u010cesko se tak r\u00e1zem stane technologickou velmoc\u00ed a modern\u00ed ekonomikou. A u\u017e se zd\u00e1 b\u00fdt jasn\u00e9, \u017ee proklamovan\u00e1 strategie Z\u00e1padu\u00a0<a href=\"https:\/\/www.e15.cz\/byznys\/technologie-a-media\/cipove-embargo-usa-dopada-na-klicovou-evropskou-firmu-ktere-dodavaji-i-cesi-1387085\">od\u0159\u00edznout \u010c\u00ednu a Rusko<\/a>\u00a0od jeho technologi\u00ed a<a href=\"https:\/\/www.consilium.europa.eu\/en\/press\/press-releases\/2023\/04\/18\/chips-act-council-and-european-parliament-strike-provisional-deal\/\">\u00a0p\u0159esunout v\u00fdrobu \u010dip\u016f a modern\u00ed elektroniky na Z\u00e1pad<\/a>\u00a0a udr\u017eet si tak technologickou p\u0159evahu a d\u00edky n\u00ed ob\u011b stoupaj\u00edc\u00ed velmoci srazit na kolena, narazila na k\u00e1men, a\u00a0<a href=\"https:\/\/czech.cri.cn\/2023\/10\/27\/ARTI7UpSArf98rabJqwzxCaJ231027.shtml\">zkrachovala<\/a>. V\u010dera organizace zalo\u017een\u00e1 CIA na podr\u00fdv\u00e1n\u00ed Ruska a \u010c\u00edny spustila na poplach! \u010c\u00edna splnila na\u0159\u00edzen\u00ed sv\u00e9ho nejvy\u0161\u0161\u00edho n\u00e1\u010deln\u00edka Xi, a podle harmonogramu spustila prvn\u00ed v\u00fdrobn\u00ed linku na optick\u00e9 \u010dipy na sv\u011bt\u011b! Optick\u00fd \u010dip m\u00e1 b\u00fdt 1000 kr\u00e1t v\u00fdkonn\u011bj\u0161\u00ed ne\u017e sou\u010dasn\u00e9 nejmodern\u011bj\u0161\u00ed elektronick\u00e9 \u010dipy, a p\u0159itom spot\u0159ebov\u00e1v\u00e1 jen 1\/20 elektrick\u00e9 energie, nep\u0159eh\u0159\u00edv\u00e1 se, a nepot\u0159ebuje jako kvantov\u00e9 \u010dipy super mraziv\u00e9 prost\u0159ed\u00ed. Je tak podle v\u0161eho branou do nejprud\u0161\u00edho rozvoje elektroniky, kter\u00fd kdy na sv\u011bt\u011b nastal. A kter\u00fd podle v\u0161eho nastane v alianci BRICS, a ne v alianci NATO-G7-Ukr.\u00a0(Velmi podrobn\u00e1 zpr\u00e1va o \u010d\u00ednsk\u00e9m technologick\u00e9m pokroku v optoelektronice vydan\u00e1 v\u010dera v angli\u010dtin\u011b s odkazy na prim\u00e1rn\u00ed \u010d\u00ednsk\u00e9 zdroje\u00a0<a href=\"https:\/\/jamestown.org\/program\/illuminating-the-future-developments-in-prc-photonic-microchip-production\/\">zde<\/a>.)<\/p>\n<p>\u010c\u00ednsk\u00fd ekonomick\u00fd tygr s\u00edl\u00ed ka\u017ed\u00fdm dnem a skoro ka\u017ed\u00e1 zem\u011b EU se nyn\u00ed sna\u017e\u00ed, urvat si na kol\u00e1\u010di obchodu s \u010c\u00ednou sv\u016fj pod\u00edl. V\u00fdjimku p\u0159edstavuje \u010cR \u0159\u00edzen\u00e1 Fialou a jeho partou \u010desk\u00fdch Tchajwanc\u016f z ODS, TOP-09, a od Pir\u00e1t\u016f.\u00a0<a href=\"https:\/\/www.globaltimes.cn\/page\/202407\/1315901.shtml\">Tento t\u00fdden p\u0159ijel do Var\u0161avy prvn\u00ed \u010d\u00ednsk\u00fd vlak<\/a>, kter\u00fd do zem\u011b dopravil klimatizace, p\u0159\u00edslu\u0161enstv\u00ed ke k\u00e1vovar\u016fm, \u0161leha\u010de vajec a dal\u0161\u00ed zbo\u017e\u00ed, a na zp\u00e1te\u010dn\u00ed cestu nalo\u017eil evropsk\u00e9 zbo\u017e\u00ed. Vlak p\u0159in\u00e1\u0161\u00ed \u00fasporu z ceny p\u0159epravy 1 kontejneru oproti lodi 20%, a doba transferu zbo\u017e\u00ed se zkr\u00e1tila o polovinu. Polsk\u00fd prezident Duda u p\u0159\u00edle\u017eitosti oslav vypraven\u00ed prvn\u00edho vlaku do Polska koncem minul\u00e9ho m\u011bs\u00edce nav\u0161t\u00edvil Peking, a tam k nemal\u00e9 radosti m\u00edstn\u00edch komunist\u016f \u0161\u00ed\u0159il, \u017ee Polsko otev\u0159e \u010c\u00edn\u011b dve\u0159e do Evropy. Vlaky z \u010c\u00edny do Evropy jezd\u00ed p\u0159es Rusko, B\u011blorusko a St\u0159edn\u00ed Asii, a p\u0159ekl\u00e1daj\u00ed se hlavn\u011b ve Polsku, (<a href=\"https:\/\/www.globaltimes.cn\/page\/202407\/1315901.shtml\">90% z 10 000 vlak\u016f za rok<\/a>), a odtud se \u010d\u00ednsk\u00e9 zbo\u017e\u00ed rozes\u00edl\u00e1 d\u00e1le do EU.<\/p>\n<p>Dal\u0161\u00ed podobn\u00fd \u010d\u00ednsk\u00fd vlakov\u00fd hub se nyn\u00ed buduje v Ma\u010farsku. Pro v\u0161echny vl\u00e1dy, kter\u00e9 se na transferu zbo\u017e\u00ed z \u010c\u00edny po \u017eeleznic\u00edch do Evropy a zp\u011bt pod\u00edlej\u00ed jde o p\u0159\u00edjemn\u00e9 zv\u00fd\u0161en\u00ed jejich da\u0148ov\u00fdch p\u0159\u00edjm\u016f a vytvo\u0159en\u00ed n\u011bkolika tis\u00edc slu\u0161n\u011b placen\u00fdch pracovn\u00edch m\u00edst. Polsko vsadilo na stejn\u011b pragmatickou politiku jako Orb\u00e1n, a zklamalo v\u0161echny \u010desk\u00e9 Tchajwance a nep\u0159\u00e1tele BRICS, a prohlubuje spolupr\u00e1ci s \u010c\u00ednou navzdory spor\u016fm s Ruskem kv\u016fli Ukrajin\u011b. K \u010d\u00ednsk\u00e9 vlakov\u00e9 alianci se hodlaj\u00ed p\u0159ipojit tak\u00e9 It\u00e1lie a \u0160pan\u011blsko, a ob\u011b zem\u011b se sna\u017e\u00ed p\u0159it\u00e1hnou dal\u0161\u00ed \u010d\u00ednsk\u00e9 investice do nov\u00fdch tov\u00e1ren, aby m\u011bli jejich ob\u010dan\u00e9 v\u00edce l\u00e9pe placen\u00e9 pr\u00e1ce. Fiala se st\u00e1le, po sv\u00e9m pro \u010cechy katastrof\u00e1ln\u00edm zvyku, dr\u017e\u00ed Lipavsk\u00e9ho strategie \u201c<a href=\"https:\/\/www.irozhlas.cz\/zpravy-domov\/dostavba-dukovany-cina-rusko-piratsky-navrh_2010170650_btk\">zastavit jsme \u010c\u00ednu<\/a>\u201c, a zd\u00e1 se tak, \u017ee a\u017e v\u00edt\u011bzstv\u00ed \u010desk\u00fdch \u010dlen\u016f\u00a0<a href=\"https:\/\/www.novinky.cz\/clanek\/zahranicni-babis-orban-a-kickl-zakladaji-vlasteneckou-alianci-40478413\">nov\u00e9 evropsk\u00e9 aliance Patrioti Evropy<\/a>\u00a0v p\u0159\u00ed\u0161t\u00edch parlamentn\u00edch volb\u00e1ch zajist\u00ed ob\u010dan\u016fm na\u0161\u00ed republiky lep\u0161\u00ed budoucnost.<\/p>\n<p><a href=\"https:\/\/denikreferendum.cz\/clanek\/32325-prestanme-delat-cine-krovi---ukonceme-svou-ucast-na-sjezdech-171\">Lipavsk\u00fd bojuje proti \u010c\u00edn\u011b ze v\u0161ech sil<\/a>,\u00a0bez ohledu na ekonomick\u00e9 a politick\u00e9 n\u00e1sledky, kter\u00e9 to \u010cR p\u0159in\u00e1\u0161\u00ed. Letos v \u010dervnu nechal na Tchajwanu dokonce otev\u0159\u00edt tzv. \u201c\u010cesk\u00e9 centrum\u201d, asi aby Peking na\u0161tval.\u00a0 \u010cesk\u00e1 centra jsou \u201cst\u00e1tem placen\u00e9 organizace ministerstva zahrani\u010d\u00ed\u201d. Je jich 26.\u00a0<a href=\"https:\/\/czechcentres.gov.cz\/our-network\">A t\u0159eba v \u010c\u00edn\u011b, Indii, nebo v Braz\u00edlii<\/a>, a to jsou mnohem perspektivn\u011bj\u0161\u00ed ekonomiky ne\u017e Tchajwan, \u010cesk\u00e1 centra nejsou. Lipavsk\u00e9ho princip rozmis\u0165ov\u00e1n\u00ed \u010cesk\u00fdch center po sv\u011bt\u011b je na p\u0159\u00edkladu centra Tchaj-wan br\u00e1n\u011bn Pra\u017eskou kav\u00e1rnou,\u00a0<a href=\"https:\/\/www.seznamzpravy.cz\/clanek\/cinsky-projekt-byvaleho-ministra-konci-exministr-priznava-nezajem-78639\">\u017ee nejde o tzv.<\/a>\u00a0up\u0159ednost\u0148ov\u00e1n\u00ed \u0161\u00ed\u0159en\u00ed Havlov\u00fdch my\u0161lenek po sv\u011bt\u011b p\u0159ed zaji\u0161\u0165ov\u00e1n\u00edm prosperity vlastn\u00edch ob\u010dan\u016f, ale naopak.<\/p>\n<p>Tento Lipavsk\u00e9ho princip \u0161tv\u00e1t \u010c\u00ednu, kter\u00e1 je alergick\u00e1 na zakl\u00e1d\u00e1n\u00ed jak\u00fdchkoli ofici\u00e1ln\u00edch zahrani\u010dn\u00edch vl\u00e1dn\u00edch instituc\u00ed na Tchajwanu, je p\u0159itom opakem sou\u010dasn\u00e9 polsk\u00e9 i ma\u010farsk\u00e9 zahrani\u010dn\u00ed politiky, kter\u00e1 p\u0159ed v\u00fdvozem r\u016fzn\u00fdch ideologi\u00ed a \u0161tvan\u00edm \u010c\u00edny preferuje zaji\u0161t\u011bn\u00ed r\u016fstu \u017eivotn\u00ed \u00farovn\u011b vlastn\u00edch ob\u010dan\u016f rozvojem obchodu, a \u017e\u00e1dn\u00e1 podobn\u00e1 vl\u00e1dn\u00ed centra na Tchajwanu ob\u011b zem\u011b nebuduj\u00ed. Mnohem v\u011bt\u0161\u00ed Polsko\u00a0<a href=\"https:\/\/instytutpolski.pl\/\">m\u00e1 t\u0159eba jen 21 podobn\u00fdch center<\/a>, a ne na Tchaj-wanu, ale v i Pekingu i v Dill\u00ed.\u00a0<a href=\"https:\/\/culture.hu\/cz\/praha\/o-nas\">Ma\u010farsko m\u00e1 27 Institut\u016f Ference Liszta<\/a>, a op\u011bt ne na Tchajwanu, ale v Pekingu i v Dill\u00ed. Nem\u00edt vlastn\u00ed kulturn\u00ed centra v \u010c\u00edn\u011b ani v Indii a otev\u00edrat p\u0159itom centrum na Tchajwanu, je opravdu pon\u011bkud trapn\u00e9, a ka\u017ed\u00fd ob\u010dan \u010cR by se za tuto \u010deskou nekulturn\u00ed fialovou zahrani\u010dn\u00ed politiku m\u011bl opr\u00e1vn\u011bn\u011b styd\u011bt.<\/p>\n<div id=\"attachment_11766\" class=\"wp-caption aligncenter\" style=\"width: 605px;\"><img decoding=\"async\" loading=\"lazy\" class=\" wp-image-11766\" src=\"https:\/\/www.michalapetr.com\/wp-content\/uploads\/2024\/07\/W020240712334587400305.png\" sizes=\"(max-width: 600px) 100vw, 600px\" srcset=\"https:\/\/www.michalapetr.com\/wp-content\/uploads\/2024\/07\/W020240712334587400305.png 600w, https:\/\/www.michalapetr.com\/wp-content\/uploads\/2024\/07\/W020240712334587400305-300x250.png 300w, https:\/\/www.michalapetr.com\/wp-content\/uploads\/2024\/07\/W020240712334587400305-450x375.png 450w\" alt=\"\" width=\"605\" height=\"504\" aria-describedby=\"caption-attachment-11766\" \/><\/p>\n<p id=\"caption-attachment-11766\" class=\"wp-caption-text\">Polsk\u00fd prezident Duda v \u010dervnu v Pekingu\u00a0<a href=\"http:\/\/za.china-embassy.gov.cn\/eng\/zgyw\/202407\/t20240712_11452602.htm\">sl\u00edbil otev\u0159\u00edt \u010c\u00edn\u011b dve\u0159e do Evropy<\/a>. Ve stejnou dobu nechal Lipavsk\u00fd na Tchaj-wanu otev\u0159\u00edt centrum pro export Havlov\u00fdch my\u0161lenek do \u010c\u00edny. Zat\u00edmco v Pekingu Duda uzav\u0159el skv\u011bl\u00e9 exportn\u00ed a investi\u010dn\u00ed smlouvy a chlubil se jak\u00fd ekonomick\u00fd zisk polsk\u00fdm ob\u010dan\u016fm p\u0159inesou. P\u0159i otev\u0159en\u00ed \u010desk\u00e9ho centra na Tchaj-wanu defacto zazn\u011blo, \u017ee prosperita ob\u010dan\u016f \u010cR nen\u00ed pro vl\u00e1du a\u017e tak d\u016fle\u017eit\u00e1, jako \u0161\u00ed\u0159en\u00ed Havlov\u00fdch my\u0161lenek.<\/p>\n<\/div>\n<p>Polsk\u00fd prezident p\u0159i n\u00e1v\u0161t\u011bv\u011b v Pekingu minul\u00fd m\u011bs\u00edc\u00a0<a href=\"http:\/\/za.china-embassy.gov.cn\/eng\/zgyw\/202407\/t20240712_11452602.htm\">ocenil<\/a>\u00a0v\u00fdhodn\u00fd v\u00fdvoz polsk\u00fdch zem\u011bd\u011blsk\u00fdch produkt\u016f do \u010c\u00edny, kter\u00fd se mu povedlo vyjednat, a sl\u00edbil, \u017ee Polko jako dal\u0161\u00ed rotuj\u00edc\u00ed p\u0159edseda EU bude lobovat za r\u016fst obchodu i spolupr\u00e1ce s \u010c\u00ednou. \u010ce\u0161t\u00ed zem\u011bd\u011blci p\u0159itom maj\u00ed o\u010di pro pl\u00e1\u010d, a mus\u00ed k\u00e1cet sady, kosit vinice, vyb\u00edjet st\u00e1da i chovy hospod\u00e1\u0159sk\u00fdch zv\u00ed\u0159at i dr\u016fbe\u017ee. V\u0161e d\u00edky Fialov\u011b anti-zem\u011bd\u011blsk\u00e9 a proti\u010d\u00ednsk\u00e9 politice. Zat\u00edmco Orb\u00e1n letos dojednal stejn\u011b jako Macron ten sam\u00fd r\u016fst exportu zem\u011bd\u011blsk\u00fdch produkt\u016f do \u010c\u00edny, Lipavsk\u00fd nep\u0159em\u00fd\u0161l\u00ed o ni\u010dem jin\u00e9m, ne\u017e jak do \u010c\u00edny vyv\u00e1\u017eet Havlovy my\u0161lenky. \u017de na\u0161e ob\u010dany tak \u010dek\u00e1 propad \u017eivotn\u00ed \u00farovn\u011b, na rozd\u00edl od Pol\u00e1k\u016f i Ma\u010far\u016f nen\u00ed d\u016fle\u017eit\u00e9, nejd\u016fle\u017eit\u011bj\u0161\u00ed je, zda se zda\u0159\u00ed export ideologie.\u00a0Tchaj-wan sice pr\u00fd v \u010cR\u00a0<a href=\"https:\/\/www.e15.cz\/byznys\/tchaj-wan-v-praze-spousti-prvni-mezinarodni-cipove-centrum-v-cesku-brzy-otevre-dalsi-dve-1415111\">otev\u0159e<\/a>\u00a0dv\u011b tr\u00e9ninkov\u00e1 centra pro n\u00e1vrhy elektronick\u00fdch \u010dip\u016f, ov\u0161em proti mamut\u00edm \u010d\u00ednsk\u00fdm investic\u00edm do ma\u010farsk\u00e9, polsk\u00e9, tureck\u00e9 i \u0161pan\u011blsk\u00e9 ekonomiky, tyto centra mnoho pracovn\u00edch m\u00edst nevytvo\u0159\u00ed.<\/p>\n<div id=\"attachment_11773\" class=\"wp-caption aligncenter\" style=\"width: 778px;\"><img decoding=\"async\" loading=\"lazy\" class=\" wp-image-11773\" src=\"https:\/\/www.michalapetr.com\/wp-content\/uploads\/2024\/07\/2308901-diana-topic_rdax_775x440s.jpg\" sizes=\"(max-width: 774px) 100vw, 774px\" srcset=\"https:\/\/www.michalapetr.com\/wp-content\/uploads\/2024\/07\/2308901-diana-topic_rdax_775x440s.jpg 774w, https:\/\/www.michalapetr.com\/wp-content\/uploads\/2024\/07\/2308901-diana-topic_rdax_775x440s-300x171.jpg 300w, https:\/\/www.michalapetr.com\/wp-content\/uploads\/2024\/07\/2308901-diana-topic_rdax_775x440s-768x437.jpg 768w, https:\/\/www.michalapetr.com\/wp-content\/uploads\/2024\/07\/2308901-diana-topic_rdax_775x440s-705x401.jpg 705w, https:\/\/www.michalapetr.com\/wp-content\/uploads\/2024\/07\/2308901-diana-topic_rdax_775x440s-450x256.jpg 450w\" alt=\"\" width=\"778\" height=\"442\" aria-describedby=\"caption-attachment-11773\" \/><\/p>\n<p id=\"caption-attachment-11773\" class=\"wp-caption-text\">V \u00fater\u00fd<a href=\"https:\/\/www.nato.int\/cps\/en\/natohq\/news_227241.htm\">\u00a02. \u010dervence se konalo<\/a>\u00a0prvn\u00ed zased\u00e1n\u00ed tzv. Kvantov\u00e9 aliance NATO, jej\u00edmi\u017e zakl\u00e1daj\u00edc\u00edmi \u010dleny jsou \u010cR, USA, Kanada, Francie a It\u00e1lie, a j\u00ed\u017e se \u00fa\u010dastn\u00ed jen 1\/2 \u010dlen\u016f NATO. Kvantov\u00e1 aliance m\u00e1 za c\u00edl zvr\u00e1tit r\u016fst technologick\u00e9ho n\u00e1skoku \u010c\u00edny v kvantov\u00fdch a fotonick\u00fdch \u010dipech, a vytvo\u0159it podm\u00ednky pro um\u011blou inteligenci, aby zavedla \u00fa\u010dinnou kontrolu my\u0161lenek a n\u00e1zor\u016f \u0161\u00ed\u0159en\u00fdch na soci\u00e1ln\u00edch s\u00edt\u00edch.<\/p>\n<\/div>\n<p>Zat\u00edmco \u010c\u00edna m\u00e1 v pl\u00e1nu vyu\u017e\u00edt pr\u016flomu v oblasti fotonick\u00fdch a kvantov\u00fdch \u010dip\u016f, jak ve vojenstv\u00ed, tak hlavn\u011b p\u0159i zaji\u0161t\u011bn\u00ed r\u016fstu blahobytu \u010c\u00ed\u0148an\u016f, a p\u0159i rozvoji techniky a v\u011bdy obecn\u011b. A tento pozitivn\u00ed \u010d\u00ednsk\u00fd p\u0159\u00edstup ned\u00e1vno diplomaticky v Pekingu pochv\u00e1lil i polsk\u00fd prezident Duda, kdy\u017e \u0159ekl, \u017ee up\u0159\u00edmn\u011b obdivuje snahu s jakou \u010c\u00edna pod veden\u00edm prezidenta Xi zam\u011b\u0159uje ve\u0161ker\u00fd rozvoj ve prosp\u011bch lid\u00ed, (<a href=\"http:\/\/za.china-embassy.gov.cn\/eng\/zgyw\/202407\/t20240712_11452602.htm\">He sincerely admires\u2002China\u2019s implementation of a people-centered development approach<\/a>). Tak Kvantov\u00e1 aliance NATO si\u00a0<a href=\"https:\/\/t.me\/rybar\/61674\">podle pl\u00e1nu jednoho ze sv\u00fdch n\u00e1\u010deln\u00edk\u016f Stoltenberga<\/a>\u00a0dala za \u00fakol vyu\u017e\u00edt kvantov\u00fdch technologi\u00ed k zaji\u0161t\u011bn\u00ed p\u0159evahy Z\u00e1padu na ostatn\u00edm sv\u011btem, a k ovl\u00e1dnut\u00ed soci\u00e1ln\u00edch s\u00edt\u00ed. A za \u00fa\u010delem ovl\u00e1dnut\u00ed \u0161\u00ed\u0159en\u00ed my\u0161lenek po soci\u00e1ln\u00edch s\u00edt\u00ed pov\u011b\u0159ila\u00a0<a href=\"https:\/\/tumthinktank.de\/\">mnichovskou neziskovou organizaci TUM<\/a>, aby v uveden\u00e9m duchu na \u00fazem\u00ed Evropy za\u010dala konat.<\/p>\n<p>Zd\u00e1 se tak b\u00fdt u\u017e jasn\u00e9 k \u010demu Z\u00e1padu maj\u00ed nov\u00e9 kvantov\u00e9 a fotonick\u00e9 technologie slou\u017eit, ke kontrole lid\u00ed, a k ovl\u00e1dnut\u00ed jejich my\u0161lenek pomoc\u00ed kvantov\u00fdch manipulac\u00ed se soci\u00e1ln\u00edmi s\u00edt\u011bmi. Podle\u00a0<a href=\"https:\/\/jamestown.org\/program\/illuminating-the-future-developments-in-prc-photonic-microchip-production\/\">zpr\u00e1vy organizace CIA z leto\u0161n\u00edho 12. \u010dervence<\/a>\u00a0jsou fotonick\u00e9 a kvantov\u00e9 \u010dipy, d\u00edky sv\u00fdm vysok\u00fdm v\u00fdpo\u010detn\u00edm schopnostem a n\u00edzk\u00e9 spot\u0159eb\u011b energi\u00ed z\u00e1kladem budouc\u00edch datov\u00fdch a komunika\u010dn\u00edch center, ve kter\u00fdch bude um\u011bl\u00e1 inteligence ve\u0161kerou lidskou komunikaci \u0159\u00eddit, organizovat i (cenzurovat). M\u00e1me se tak na co t\u011b\u0161it, Kvantov\u00e1 aliance NATO m\u00e1 za c\u00edl \u0159\u00eddit na\u0161e my\u0161len\u00ed. A zd\u00e1 se tak b\u00fdt u\u017e kone\u010dn\u011b jasn\u00e9, k \u010demu NATO vlastn\u011b je, a pro\u010d se mus\u00ed neust\u00e1le \u0161\u00ed\u0159it do dal\u0161\u00edch zem\u00ed. Uskute\u010dn\u011bn\u00ed vize:\u00a0<a href=\"https:\/\/cs.wikipedia.org\/wiki\/Jeden_prsten\">Jeden prsten vl\u00e1dne v\u0161em<\/a>, (One ring to rule them all), se tak stalo kone\u010dn\u00fdm snem v\u0161ech Eurokrat\u016f.<\/p>\n<p><a href=\"https:\/\/www.michalapetr.com\/map-2038-sok-cia-uz-24-hodin-zurive-bubnuje-na-poplach-rusko-cinska-aliance-vcera-dokonale-zesmesnila-cely-zapad-a-spustila-prvni-vyrobni-linku-na-opticke-cipy-na-svete-kvantova-aliance-nato-se-pri\/\">Michael Svato\u0161<\/a><\/p>\n<p><img decoding=\"async\" loading=\"lazy\" class=\"alignnone size-full wp-image-27204\" src=\"http:\/\/www.infokuryr.cz\/n\/wp-content\/uploads\/2023\/05\/Michael_Svatos.png\" alt=\"\" width=\"180\" height=\"180\" srcset=\"https:\/\/www.infokuryr.cz\/n\/wp-content\/uploads\/2023\/05\/Michael_Svatos.png 180w, https:\/\/www.infokuryr.cz\/n\/wp-content\/uploads\/2023\/05\/Michael_Svatos-150x150.png 150w\" sizes=\"(max-width: 180px) 100vw, 180px\" \/><\/p>\n<p>&nbsp;<\/p>\n","protected":false},"excerpt":{"rendered":"<p>\u0160ok! CIA u\u017e 24 hodin zu\u0159iv\u011b bubnuje na poplach! Rusko-\u010d\u00ednsk\u00e1 aliance v\u010dera dokonale zesm\u011b\u0161nila cel\u00fd&#8230;<\/p>\n","protected":false},"author":2,"featured_media":13463,"comment_status":"closed","ping_status":"closed","sticky":false,"template":"","format":"standard","meta":[],"categories":[6],"tags":[1042,109,30,341,26],"_links":{"self":[{"href":"https:\/\/www.infokuryr.cz\/n\/wp-json\/wp\/v2\/posts\/57690"}],"collection":[{"href":"https:\/\/www.infokuryr.cz\/n\/wp-json\/wp\/v2\/posts"}],"about":[{"href":"https:\/\/www.infokuryr.cz\/n\/wp-json\/wp\/v2\/types\/post"}],"author":[{"embeddable":true,"href":"https:\/\/www.infokuryr.cz\/n\/wp-json\/wp\/v2\/users\/2"}],"replies":[{"embeddable":true,"href":"https:\/\/www.infokuryr.cz\/n\/wp-json\/wp\/v2\/comments?post=57690"}],"version-history":[{"count":0,"href":"https:\/\/www.infokuryr.cz\/n\/wp-json\/wp\/v2\/posts\/57690\/revisions"}],"wp:featuredmedia":[{"embeddable":true,"href":"https:\/\/www.infokuryr.cz\/n\/wp-json\/wp\/v2\/media\/13463"}],"wp:attachment":[{"href":"https:\/\/www.infokuryr.cz\/n\/wp-json\/wp\/v2\/media?parent=57690"}],"wp:term":[{"taxonomy":"category","embeddable":true,"href":"https:\/\/www.infokuryr.cz\/n\/wp-json\/wp\/v2\/categories?post=57690"},{"taxonomy":"post_tag","embeddable":true,"href":"https:\/\/www.infokuryr.cz\/n\/wp-json\/wp\/v2\/tags?post=57690"}],"curies":[{"name":"wp","href":"https:\/\/api.w.org\/{rel}","templated":true}]}}