{"id":57683,"date":"2024-07-13T05:52:58","date_gmt":"2024-07-13T03:52:58","guid":{"rendered":"https:\/\/www.infokuryr.cz\/n\/?p=57683"},"modified":"2024-07-13T05:52:58","modified_gmt":"2024-07-13T03:52:58","slug":"vladimir-pelc-oktrojirka-mainstreamovymi-nalepkami","status":"publish","type":"post","link":"https:\/\/www.infokuryr.cz\/n\/2024\/07\/13\/vladimir-pelc-oktrojirka-mainstreamovymi-nalepkami\/","title":{"rendered":"Vladim\u00edr Pelc: Oktroj\u00edrka mainstreamov\u00fdmi n\u00e1lepkami"},"content":{"rendered":"<div id=\"fb-root\"><\/div>\n<p><strong>Ned\u00e1vno \u010cesk\u00e1 tiskov\u00e1 kancel\u00e1\u0159 u\u010dinila rozhodnut\u00ed, \u017ee nebude Ham\u00e1s ozna\u010dovat jako teroristick\u00e9 hnut\u00ed.<\/strong><\/p>\n<p>Tom\u00e1\u0161 Zdechovsk\u00fd, poslanec Evropsk\u00e9ho parlamentu za KDU-\u010cSL, na to reagoval na FB stru\u010dn\u00fdm vyj\u00e1d\u0159en\u00edm s titulkem \u201eTo nem\u016f\u017ee myslet \u010cTK v\u00e1\u017en\u011b!\u201c:\u00a0<em>\u201e<\/em><em>Hnut\u00ed Ham\u00e1s provede nejv\u011bt\u0161\u00ed teroristick\u00fd \u00fatok v d\u011bjin\u00e1ch demokratick\u00e9ho st\u00e1tu Izrael, kde zn\u00e1siln\u00ed a brut\u00e1ln\u011b zavra\u017ed\u00ed \u017eeny, d\u011bti a mu\u017ee a \u0159adu lid\u00ed unesou, a nejsou to terorist\u00e9? Jsou! Tato fale\u0161n\u00e1 korektnost je opravdu cesta do pekel. P\u0159\u00ed\u0161t\u011b budete, \u010cTK, Rusko ozna\u010dovat za demokratick\u00e9, proto\u017ee tam prob\u011bhly volby?\u201c<\/em><\/p>\n<p>Podle \u00a7 2 odst. 1 z\u00e1kona \u010d.\u00a0517\/1992 Sb., o \u010cesk\u00e9 tiskov\u00e9 kancel\u00e1\u0159i, je jej\u00edm posl\u00e1n\u00edm\u00a0poskytovat objektivn\u00ed a v\u0161estrann\u00e9 informace pro svobodn\u00e9 vytv\u00e1\u0159en\u00ed n\u00e1zor\u016f, a to \u010cTK \u010din\u00ed \u0161\u00ed\u0159en\u00edm slovn\u00edho a obrazov\u00e9ho zpravodajstv\u00ed z \u010cesk\u00e9 republiky a ze zahrani\u010d\u00ed; v tom spo\u010d\u00edv\u00e1 slu\u017eba \u010cesk\u00e9 tiskov\u00e9 kancel\u00e1\u0159e ve\u0159ejnosti. V\u0161imn\u011bte si souslov\u00ed v z\u00e1kon\u011b zn\u011bj\u00edc\u00ed\u00a0<em>pro svobodn\u00e9 vytv\u00e1\u0159en\u00ed n\u00e1zor\u016f.\u00a0<\/em>Tedy nikoliv vnucovan\u00fdch n\u00e1zor\u016f.<\/p>\n<p>\u010cTK m\u00e1 poskytovat informace, nikoliv sugerovat hodnocen\u00ed, interpretaci fakt\u016f; to, jestli je\/nen\u00ed Ham\u00e1s teroristick\u00fdm hnut\u00edm je na rozhodnut\u00ed ob\u010dana, p\u0159\u00edjemce informace (p\u0159\u00edjemce t\u0159eba informace, \u017ee Ham\u00e1s uskute\u010dnil \u00fatok\u2026, Ham\u00e1s se br\u00e1nil\u2026, Ham\u00e1s pozab\u00edjel\u2026); ov\u0161em ob\u010dan si m\u016f\u017ee sv\u016fj n\u00e1zor tvo\u0159it na z\u00e1klad\u011b dal\u0161\u00edch, souvisej\u00edc\u00edch informac\u00ed (kup\u0159. Izrael uskute\u010dnil proti\/\u00fatok\u2026, Izrael se br\u00e1nil\u2026, Izrael pozab\u00edjel). A z\u00e1le\u017e\u00ed p\u0159\u00edpadn\u011b i na osobn\u00ed zainteresovanosti ob\u010dana v\u00a0t\u011bch ud\u00e1lostech.<\/p>\n<p>Ve\u0159ejn\u00e1 slu\u017eba \u010cTK nespo\u010d\u00edv\u00e1 v oktrojov\u00e1n\u00ed aktu\u00e1ln\u011b mainstreamov\u00fdch n\u00e1zor\u016f ob\u010dan\u016fm, \u010cTK nem\u00e1 Ham\u00e1s\/Izrael\/Rusko\u2026 ozna\u010dovat hodnot\u00edc\u00edmi soudy, sp\u00ed\u0161e mainstreamov\u00fdmi n\u00e1lepkami (Ham\u00e1s je\/nen\u00ed teroristick\u00e9 hnut\u00ed, Izrael je\/nen\u00ed teroristick\u00fd st\u00e1t, Rusko je\/nen\u00ed demokratick\u00e9\u2026) \u2013 \u010cTK m\u00e1 p\u0159in\u00e9st kup\u0159. k volb\u00e1ch v Rusku informaci, \u017ee tam volby prob\u011bhly, z\u00fa\u010dastnilo se jich\u2026voli\u010d\u016f, m\u011bly takov\u00fd ofici\u00e1ln\u00ed v\u00fdsledek, ten je t\u00edm a t\u00edm zpochyb\u0148ov\u00e1n\u2026 dohled relevantn\u00edch mezin\u00e1rodn\u00edch organizac\u00ed tam nebyl\u2026; oktroj\u00edrka v\u0161ak nen\u00ed nam\u00edst\u011b. C\u00edlem by m\u011bly b\u00fdt objektivn\u00ed a v\u0161estrann\u00e9 informace. Na jejich z\u00e1klad\u011b si ob\u010dan svobodn\u011b vytvo\u0159\u00ed sv\u016fj svobodn\u00fd n\u00e1zor; v\u017edy\u0165 z\u00e1le\u017e\u00ed kup\u0159. i na osobn\u00edm ch\u00e1p\u00e1n\u00ed ob\u010dana co je demokracie (a mnoha ot\u00e1zk\u00e1ch, nap\u0159. m\u016f\u017ee b\u00fdt v Rusku\u00a0demokracie z\u00e1padn\u00edho typu?\u2026).<\/p>\n<p>Poskytov\u00e1n\u00ed\u00a0objektivn\u00edch a v\u0161estrann\u00fdch informac\u00ed pro svobodn\u00e9 vytv\u00e1\u0159en\u00ed n\u00e1zor\u016f bez oktroj\u00edrky,\u00a0nen\u00ed fale\u0161nou korektnost\u00ed; je seri\u00f3zn\u00ed ve\u0159ejnou slu\u017ebou podle z\u00e1kona.<\/p>\n<p><a href=\"https:\/\/vasevec.info\/blogy\/oktrojirka-mainstreamovymi-nalepkami\">Vladim\u00edr Pelc<\/a><\/p>\n<p><img decoding=\"async\" loading=\"lazy\" class=\"alignnone size-full wp-image-40955\" src=\"http:\/\/www.infokuryr.cz\/n\/wp-content\/uploads\/2023\/11\/vladimir-pelc.jpg\" alt=\"\" width=\"114\" height=\"171\" \/><\/p>\n<p>&nbsp;<\/p>\n","protected":false},"excerpt":{"rendered":"<p>Ned\u00e1vno \u010cesk\u00e1 tiskov\u00e1 kancel\u00e1\u0159 u\u010dinila rozhodnut\u00ed, \u017ee nebude Ham\u00e1s ozna\u010dovat jako teroristick\u00e9 hnut\u00ed. Tom\u00e1\u0161 Zdechovsk\u00fd,&#8230;<\/p>\n","protected":false},"author":2,"featured_media":43679,"comment_status":"closed","ping_status":"closed","sticky":false,"template":"","format":"standard","meta":[],"categories":[6],"tags":[1086,347,1503],"_links":{"self":[{"href":"https:\/\/www.infokuryr.cz\/n\/wp-json\/wp\/v2\/posts\/57683"}],"collection":[{"href":"https:\/\/www.infokuryr.cz\/n\/wp-json\/wp\/v2\/posts"}],"about":[{"href":"https:\/\/www.infokuryr.cz\/n\/wp-json\/wp\/v2\/types\/post"}],"author":[{"embeddable":true,"href":"https:\/\/www.infokuryr.cz\/n\/wp-json\/wp\/v2\/users\/2"}],"replies":[{"embeddable":true,"href":"https:\/\/www.infokuryr.cz\/n\/wp-json\/wp\/v2\/comments?post=57683"}],"version-history":[{"count":0,"href":"https:\/\/www.infokuryr.cz\/n\/wp-json\/wp\/v2\/posts\/57683\/revisions"}],"wp:featuredmedia":[{"embeddable":true,"href":"https:\/\/www.infokuryr.cz\/n\/wp-json\/wp\/v2\/media\/43679"}],"wp:attachment":[{"href":"https:\/\/www.infokuryr.cz\/n\/wp-json\/wp\/v2\/media?parent=57683"}],"wp:term":[{"taxonomy":"category","embeddable":true,"href":"https:\/\/www.infokuryr.cz\/n\/wp-json\/wp\/v2\/categories?post=57683"},{"taxonomy":"post_tag","embeddable":true,"href":"https:\/\/www.infokuryr.cz\/n\/wp-json\/wp\/v2\/tags?post=57683"}],"curies":[{"name":"wp","href":"https:\/\/api.w.org\/{rel}","templated":true}]}}