{"id":57672,"date":"2024-07-13T00:40:29","date_gmt":"2024-07-12T22:40:29","guid":{"rendered":"https:\/\/www.infokuryr.cz\/n\/?p=57672"},"modified":"2024-07-12T16:24:29","modified_gmt":"2024-07-12T14:24:29","slug":"jiri-paroubek-ceska-media-opet-delaji-z-bileho-cerne-a-opacne","status":"publish","type":"post","link":"https:\/\/www.infokuryr.cz\/n\/2024\/07\/13\/jiri-paroubek-ceska-media-opet-delaji-z-bileho-cerne-a-opacne\/","title":{"rendered":"Ji\u0159\u00ed Paroubek: \u010cesk\u00e1 m\u00e9dia op\u011bt d\u011blaj\u00ed z b\u00edl\u00e9ho \u010dern\u00e9 a opa\u010dn\u011b"},"content":{"rendered":"<div id=\"fb-root\"><\/div>\n<p><strong>Je zaj\u00edmav\u00e9 sledovat reakci \u010desk\u00fdch mainstramov\u00fdch m\u00e9di\u00ed na v\u00edt\u011bzstv\u00ed francouzsk\u00e9 levice v parlamentn\u00edch volb\u00e1ch.<\/strong><\/p>\n<p>Prakticky od prvn\u00ed chv\u00edle po zve\u0159ejn\u011bn\u00ed volebn\u00edch v\u00fdsledk\u016f nebyli schopni koment\u00e1to\u0159i \u010desk\u00fdch mainstramov\u00fdch m\u00e9di\u00ed akceptovat skute\u010dnost, \u017ee Francouzi ve volb\u00e1ch prost\u011b rozhodli. Rozhodli tak, jak to pova\u017eovali za pro sebe nejvhodn\u011bj\u0161\u00ed. Spole\u010dn\u00fdm \u00fasil\u00edm francouzsk\u00e9 levice, centrist\u016f i tradi\u010dn\u00ed pravice (Republik\u00e1ni) se poda\u0159ilo zastavit obrovsk\u00fd n\u00e1stup lepenovsk\u00e9ho N\u00e1rodn\u00edho sdru\u017een\u00ed. Tedy francouzsk\u00e9 krajn\u00ed pravice.<\/p>\n<p>Lepenovci jsou veden\u00ed velmi talentovan\u00fdm mlad\u00fdm mu\u017eem jm\u00e9nem Bardella. A ubrali ze sv\u00e9 xenof\u00f3bnosti, kter\u00e1 je prov\u00e1zela dlouh\u00e1 desetilet\u00ed. Nicm\u00e9n\u011b pro dal\u0161\u00ed v\u00fdznamn\u00e9 politick\u00e9 s\u00edly ve Francii nejsou jako partne\u0159i p\u0159ijateln\u00ed. Proto doch\u00e1zelo p\u0159ed 2.kolem voleb k\u00a0paradoxn\u00edm situac\u00edm. Nap\u0159. kdy\u017e jeden z\u00a0p\u0159ed\u00e1k\u016f francouzsk\u00fdch republik\u00e1n\u016f podpo\u0159il ve\u0159ejn\u011b kandid\u00e1ta komunistick\u00e9 strany.<\/p>\n<p>V\u00a0prvn\u00edm koment\u00e1\u0159i po zve\u0159ejn\u011bn\u00ed volebn\u00edch v\u00fdsledk\u016f jsem napsal, \u017ee pokud do\u0161ly t\u0159i hlavn\u00ed protilepenovsk\u00e9 s\u00edly k\u00a0politick\u00e9 dohod\u011b na spole\u010dn\u00fdch kandid\u00e1tech, dokonce v\u00a0n\u011bkolika stech volebn\u00edch obvodech, lze o\u010dek\u00e1vat, \u017ee i po volb\u00e1ch m\u016f\u017ee pokra\u010dovat duch t\u00e9to spolupr\u00e1ce.<\/p>\n<p>\u010cesk\u00e1 m\u00e9dia jsou dnes ale pln\u00e1 stra\u0161en\u00ed p\u0159ed\u00e1kem strany Nepoddajn\u00e1 Francie Jean-Luc M\u00e9lenchonem. Vypad\u00e1 to tak, \u017ee na leto\u0161n\u00edho Mikul\u00e1\u0161e budou m\u00edsto \u010derta chodit nad\u011blovat d\u011btem uhl\u00ed M\u00e9lenchonov\u00e9. Prost\u011b, je to absurdn\u00ed. Francouz\u0161t\u00ed centrist\u00e9 a klasick\u00e1 pravice by p\u0159eci nepodpo\u0159ili ve volb\u00e1ch mu\u017ee a hnut\u00ed, o nich\u017e by v\u011bd\u011bli, \u017ee jsou nedemokratick\u00e9, nebo dokonce protisyst\u00e9mov\u00e9 \u010di nesyst\u00e9mov\u00e9.<\/p>\n<p>Vlastn\u011b jedin\u00fdm koment\u00e1\u0159em na \u00farovn\u00ed v\u00a0\u00fahoru hloup\u00fdch hodnocen\u00ed a anal\u00fdz francouzsk\u00e9 povolebn\u00ed situace v \u010desk\u00fdch medi\u00edch, byl koment\u00e1\u0159 prof. Eichlera v MFD (st\u0159eda 10. 7.), kde charakterizuje M\u00e9lenchona jako mu\u017ee, kter\u00fd respektuje z\u00e1kladn\u00ed principy francouzsk\u00e9 politiky, tedy v\u010detn\u011b \u010dlenstv\u00ed v\u00a0EU a v\u00a0NATO. Eichler p\u0159itom hovo\u0159\u00ed jako \u010dlov\u011bk, kter\u00fd se dlouhodob\u011b specializuje na francouzsk\u00e9 re\u00e1lie. O M\u00e9lenchonovi jmluv\u00ed ako o vynikaj\u00edc\u00edm liter\u00e1tovi a \u0159e\u010dn\u00edkovi. A jako o \u010dlov\u011bku, kter\u00fd um\u00ed pojmenovat spr\u00e1vn\u00fdm zp\u016fsobem probl\u00e9my, kter\u00e9 nejv\u00edce tla\u010d\u00ed oby\u010dejn\u00e9 lidi a tak\u00e9 navrhnout jejich \u0159e\u0161en\u00ed.<\/p>\n<p>Eichler, podobn\u011b jako j\u00e1, se domn\u00edv\u00e1, \u017ee d\u0159\u00edve nebo pozd\u011bji bude nastolena spolupr\u00e1ce mezi ob\u011bma nejv\u011bt\u0161\u00edmi osobnostmi centrist\u016f a levice, tedy mezi prezidentem Macronem a neform\u00e1ln\u00edm \u0161\u00e9fem levice M\u00e9lenchonem. Ur\u010dit\u011b to nebude snadn\u00e9, ale ani jedna z\u00a0obou politick\u00fdch formac\u00ed, o kter\u00e9 se tito dva politici op\u00edraj\u00ed, nem\u00e1 v\u00a0parlamentu v\u011bt\u0161inu. Nic jin\u00e9ho jim tedy nezb\u00fdv\u00e1.<\/p>\n<p>\u00dastava V. Francouzsk\u00e9 republiky byla \u0161it\u00e1 na osobu siln\u00e9ho a v\u00fdkonn\u00e9ho prezidenta s\u00a0viz\u00ed. Po v\u011bt\u0161\u00ed \u010d\u00e1st sv\u00e9ho mand\u00e1tu, kdy se Macron mohl op\u00edrat o parlamentn\u00ed v\u011bt\u0161inu, vl\u00e1dl v\u00a0podstat\u011b jako zvolen\u00fd monarcha. Ten \u010das je ale pry\u010d. Nyn\u00ed mus\u00ed p\u0159istoupit na pluralitn\u00ed zp\u016fsob spr\u00e1vy zem\u011b a vl\u00e1dnut\u00ed. Mus\u00ed se dohadovat nejen ve sv\u00e9 stran\u011b o dal\u0161\u00edm politick\u00e9m postupu, ale tak\u00e9 se sv\u00fdm budouc\u00edm partnerem. S\u00a0Republik\u00e1ny Macron v\u011bt\u0161inu v\u00a0parlamentu nevytvo\u0159\u00ed a tak mu zb\u00fdv\u00e1 jen levice. Vl\u00e1dnut\u00ed s\u00a0krajn\u00ed pravic\u00ed je p\u0159eci pro n\u011bj nep\u0159edstaviteln\u00e9.<\/p>\n<p>Mysl\u00edm, \u017ee v\u0161ichni \u010de\u0161t\u00ed koment\u00e1to\u0159i, kte\u0159\u00ed \u2013 na rozd\u00edl od profesora Eichlera \u2013 komentuj\u00ed d\u011bn\u00ed ve Francii by m\u011bli sejmout nohu z\u00a0plynu. M\u011bli by si b\u00fdt v\u011bdomi sv\u00e9 odpov\u011bdnosti za \u00faplnost a spr\u00e1vnost informac\u00ed, kter\u00e9 pod\u00e1vaj\u00ed \u010dten\u00e1\u0159\u016fm \u010di div\u00e1k\u016fm. M\u00e9lenchon nen\u00ed bub\u00e1k. Nen\u00ed to jin\u00e9 vyd\u00e1n\u00ed Bardelly \u010di Le Penov\u00e9 z\u00a0jin\u00e9 \u010d\u00e1sti politick\u00e9ho spektra. Je to jen demokratick\u00fd politik s pon\u011bkud radik\u00e1ln\u00edmi levicov\u00fdmi n\u00e1zory. A nen\u00ed ani hor\u0161\u00ed ne\u017e komunist\u00e9, jak p\u00ed\u0161\u00ed n\u011bkte\u0159\u00ed p\u0159itroubl\u00ed \u017eurnalist\u00e9. A nen\u00ed ani antisemitsk\u00fd. Kritika dne\u0161n\u00ed politiky Izraele nen\u00ed nepochopiteln\u00e1. A nen\u00ed ji mo\u017en\u00e9 bezhlav\u011b zam\u011b\u0148ovat za antisemitismus.<\/p>\n<p><a href=\"https:\/\/vasevec.info\/domaci-politika\/ceska-media-opet-delaji-z-bileho-cerne-opacne\">Ji\u0159\u00ed Paroubek<\/a><\/p>\n<p><img decoding=\"async\" loading=\"lazy\" class=\"alignnone size-medium wp-image-2342\" src=\"http:\/\/www.infokuryr.cz\/n\/wp-content\/uploads\/2021\/06\/paroubek-300x208.jpg\" alt=\"\" width=\"300\" height=\"208\" srcset=\"https:\/\/www.infokuryr.cz\/n\/wp-content\/uploads\/2021\/06\/paroubek-300x208.jpg 300w, https:\/\/www.infokuryr.cz\/n\/wp-content\/uploads\/2021\/06\/paroubek.jpg 318w\" sizes=\"(max-width: 300px) 100vw, 300px\" \/><\/p>\n<p>&nbsp;<\/p>\n","protected":false},"excerpt":{"rendered":"<p>Je zaj\u00edmav\u00e9 sledovat reakci \u010desk\u00fdch mainstramov\u00fdch m\u00e9di\u00ed na v\u00edt\u011bzstv\u00ed francouzsk\u00e9 levice v parlamentn\u00edch volb\u00e1ch. Prakticky&#8230;<\/p>\n","protected":false},"author":2,"featured_media":31822,"comment_status":"closed","ping_status":"closed","sticky":false,"template":"","format":"standard","meta":[],"categories":[6],"tags":[506,130,1503,158],"_links":{"self":[{"href":"https:\/\/www.infokuryr.cz\/n\/wp-json\/wp\/v2\/posts\/57672"}],"collection":[{"href":"https:\/\/www.infokuryr.cz\/n\/wp-json\/wp\/v2\/posts"}],"about":[{"href":"https:\/\/www.infokuryr.cz\/n\/wp-json\/wp\/v2\/types\/post"}],"author":[{"embeddable":true,"href":"https:\/\/www.infokuryr.cz\/n\/wp-json\/wp\/v2\/users\/2"}],"replies":[{"embeddable":true,"href":"https:\/\/www.infokuryr.cz\/n\/wp-json\/wp\/v2\/comments?post=57672"}],"version-history":[{"count":0,"href":"https:\/\/www.infokuryr.cz\/n\/wp-json\/wp\/v2\/posts\/57672\/revisions"}],"wp:featuredmedia":[{"embeddable":true,"href":"https:\/\/www.infokuryr.cz\/n\/wp-json\/wp\/v2\/media\/31822"}],"wp:attachment":[{"href":"https:\/\/www.infokuryr.cz\/n\/wp-json\/wp\/v2\/media?parent=57672"}],"wp:term":[{"taxonomy":"category","embeddable":true,"href":"https:\/\/www.infokuryr.cz\/n\/wp-json\/wp\/v2\/categories?post=57672"},{"taxonomy":"post_tag","embeddable":true,"href":"https:\/\/www.infokuryr.cz\/n\/wp-json\/wp\/v2\/tags?post=57672"}],"curies":[{"name":"wp","href":"https:\/\/api.w.org\/{rel}","templated":true}]}}