{"id":57669,"date":"2024-07-13T00:36:59","date_gmt":"2024-07-12T22:36:59","guid":{"rendered":"https:\/\/www.infokuryr.cz\/n\/?p=57669"},"modified":"2024-07-12T16:21:37","modified_gmt":"2024-07-12T14:21:37","slug":"spolecna-tiskova-konference-ke-krajskym-volbam-spd-trikolora-pro","status":"publish","type":"post","link":"https:\/\/www.infokuryr.cz\/n\/2024\/07\/13\/spolecna-tiskova-konference-ke-krajskym-volbam-spd-trikolora-pro\/","title":{"rendered":"Spole\u010dn\u00e1 tiskov\u00e1 konference ke krajsk\u00fdm volb\u00e1m SPD\/Trikolora\/PRO"},"content":{"rendered":"<div id=\"fb-root\"><\/div>\n<p><span style=\"font-size: 18pt;\"><strong>Poslouchejte pozorn\u011b: tup\u00e1 redaktorka jaksi &#8222;op\u011bt vyml\u010dela&#8220; stranu PRO a Jind\u0159icha Rajchla. Pokud je tak blb\u00e1, \u017ee nech\u00e1pe kandid\u00e1tku, tak by ji m\u011bli z extremistick\u00e9 \u010cesk\u00e9 televize vyrazit!<\/strong><\/span><\/p>\n<p><iframe loading=\"lazy\" title=\"11. 07. 2024 - Spole\u010dn\u00e1 tiskov\u00e1 konference SPD\/Trikolora a PRO ke krajsk\u00fdm volb\u00e1m\" width=\"640\" height=\"360\" src=\"https:\/\/www.youtube.com\/embed\/n_Bpt3FaZT0?start=136&#038;feature=oembed\" frameborder=\"0\" allow=\"accelerometer; autoplay; clipboard-write; encrypted-media; gyroscope; picture-in-picture; web-share\" referrerpolicy=\"strict-origin-when-cross-origin\" allowfullscreen><\/iframe><\/p>\n<p>Hned \u00favodem, u\u017e se ozvaly hlasy, \u017ee skute\u010dn\u00e1 opozice (Jind\u0159ich Rajchl) odm\u00edtala p\u0159edvolebn\u00ed parlamentn\u00ed koalici a nyn\u00ed pr\u00fd zase nemluv\u00ed pravdu. Jsou to ti, co p\u0159itom nev\u00ed, \u017ee to nen\u00ed pro parlamentn\u00ed volby!<\/p>\n<p>Kone\u010dn\u011b nastal \u010das d\u00e1t lidem jasn\u00fd d\u016fkaz, \u017ee opozice se dok\u00e1\u017ee domluvit a \u0159evnivost jde stranou,\u00a0<strong>pokud se jedn\u00e1 o \u010deskou zem, na\u0161\u00ed vlast!<\/strong><\/p>\n<p><strong>Tomio a Jind\u0159ichu: d\u011bkujeme!<\/strong><\/p>\n<p><a href=\"https:\/\/stranapro.cz\/\"><img decoding=\"async\" loading=\"lazy\" class=\"wp-image-40286 aligncenter\" src=\"http:\/\/www.infokuryr.cz\/n\/wp-content\/uploads\/2023\/11\/12pro-300x87.png\" alt=\"\" width=\"900\" height=\"261\" srcset=\"https:\/\/www.infokuryr.cz\/n\/wp-content\/uploads\/2023\/11\/12pro-300x87.png 300w, https:\/\/www.infokuryr.cz\/n\/wp-content\/uploads\/2023\/11\/12pro.png 366w\" sizes=\"(max-width: 900px) 100vw, 900px\" \/><\/a><\/p>\n<p>&nbsp;<\/p>\n","protected":false},"excerpt":{"rendered":"<p>Poslouchejte pozorn\u011b: tup\u00e1 redaktorka jaksi &#8222;op\u011bt vyml\u010dela&#8220; stranu PRO a Jind\u0159icha Rajchla. Pokud je tak&#8230;<\/p>\n","protected":false},"author":2,"featured_media":57670,"comment_status":"closed","ping_status":"closed","sticky":false,"template":"","format":"standard","meta":[],"categories":[6],"tags":[2663,176,1370,465,889],"_links":{"self":[{"href":"https:\/\/www.infokuryr.cz\/n\/wp-json\/wp\/v2\/posts\/57669"}],"collection":[{"href":"https:\/\/www.infokuryr.cz\/n\/wp-json\/wp\/v2\/posts"}],"about":[{"href":"https:\/\/www.infokuryr.cz\/n\/wp-json\/wp\/v2\/types\/post"}],"author":[{"embeddable":true,"href":"https:\/\/www.infokuryr.cz\/n\/wp-json\/wp\/v2\/users\/2"}],"replies":[{"embeddable":true,"href":"https:\/\/www.infokuryr.cz\/n\/wp-json\/wp\/v2\/comments?post=57669"}],"version-history":[{"count":0,"href":"https:\/\/www.infokuryr.cz\/n\/wp-json\/wp\/v2\/posts\/57669\/revisions"}],"wp:featuredmedia":[{"embeddable":true,"href":"https:\/\/www.infokuryr.cz\/n\/wp-json\/wp\/v2\/media\/57670"}],"wp:attachment":[{"href":"https:\/\/www.infokuryr.cz\/n\/wp-json\/wp\/v2\/media?parent=57669"}],"wp:term":[{"taxonomy":"category","embeddable":true,"href":"https:\/\/www.infokuryr.cz\/n\/wp-json\/wp\/v2\/categories?post=57669"},{"taxonomy":"post_tag","embeddable":true,"href":"https:\/\/www.infokuryr.cz\/n\/wp-json\/wp\/v2\/tags?post=57669"}],"curies":[{"name":"wp","href":"https:\/\/api.w.org\/{rel}","templated":true}]}}