{"id":57667,"date":"2024-07-13T00:33:26","date_gmt":"2024-07-12T22:33:26","guid":{"rendered":"https:\/\/www.infokuryr.cz\/n\/?p=57667"},"modified":"2024-07-12T16:15:47","modified_gmt":"2024-07-12T14:15:47","slug":"romana-krenkova-las-vegas-v-praze","status":"publish","type":"post","link":"https:\/\/www.infokuryr.cz\/n\/2024\/07\/13\/romana-krenkova-las-vegas-v-praze\/","title":{"rendered":"Romana K\u0159enkov\u00e1: Las Vegas v Praze"},"content":{"rendered":"<div id=\"fb-root\"><\/div>\n<p>Po n\u011bkolika letech kone\u010dn\u011b otev\u0159eli obchodn\u00ed d\u016fm M\u00e1j. N\u00e1zev ponechali z\u00a0doby, kdy byl postaven. N\u00e1zev, kter\u00fd \u010cech\u016fm zn\u00ed libozvu\u010dn\u011b, nebo\u0165 tak se tak\u00e9 jmenuje romantick\u00e1 b\u00e1se\u0148 z\u00a0nejkr\u00e1sn\u011bj\u0161\u00edch o l\u00e1sce, bolesti, osudov\u00e9 krutosti a trestu. Je v n\u00ed ukryt cel\u00fd lidsk\u00fd \u017eivot.<\/p>\n<p>Uplynul v\u00edce ne\u017e t\u00fdden hore\u010dky, kdy lid\u00e9 obluzeni t\u00edm \u010desk\u00fdm divem sv\u011bta vstupovali dovnit\u0159, o\u010di roz\u0161\u00ed\u0159en\u00e9. Stoj\u00edm u obnoven\u00e9 stavby, pr\u00fd architektonick\u00e9 cennosti ze\u00a0sedmdes\u00e1t\u00fdch let minul\u00e9ho stolet\u00ed. Vygooglen\u00edm zji\u0161\u0165uji, \u017ee se jedn\u00e1 o pozdn\u011b funkcionalistickou stavbu s\u00a0prvky brutalismu. No dobr\u00e1. Co k\u00a0t\u011bm architektonick\u00fdm pou\u010den\u00edm v\u00edce dodat. Jen mi v\u00a0hlav\u011b krou\u017e\u00ed pon\u011bkud jin\u00e9 funkcionalistick\u00e9 stavby z\u00a030. let minul\u00e9ho stolet\u00ed, jimi\u017e jsem po l\u00e9ta ohromov\u00e1na a kter\u00fdmi je poseta na\u0161e zem\u011b. Ta jednoduchost, ta promy\u0161lenost, to pozvoln\u00e9 ale tak\u00e9 zvl\u00e1\u0161tn\u011b revolu\u010dn\u00ed vyloupnut\u00ed se z\u00a0art deco. Jako kdy\u017e \u017eeny po prvn\u00ed sv\u011btov\u00e9 v\u00e1lce o metr zkr\u00e1tily sv\u00e9 sukn\u011b a za\u010daly tan\u010dit charlestone. V\u00a0ban\u00e1nov\u00fdch suk\u00fdnk\u00e1ch.<\/p>\n<p>Tohle obnoven\u00e9 \u201epozdn\u00ed\u201c d\u00edlo s\u00a0prvky brut\u00e1ln\u00edho funkcionalismu, jak \u0159\u00edkaj\u00ed architekti, p\u0159ij\u00edm\u00e1m s\u00a0m\u00edrn\u00fdm sk\u0159\u00edp\u011bn\u00edm zub\u016f. Je tu \u017eelezobetonov\u011b vzepjat\u00e9 se sklen\u011bn\u00fdma o\u010dima z\u00edraj\u00edc\u00edma do\u0161iroka na sv\u011bt. Stoj\u00edm p\u0159ed t\u00edm ba\u0148at\u00fdm domem rozkro\u010den\u00fdm ve dvou\u00a0ulic\u00edch Sp\u00e1len\u00e1 a N\u00e1rodn\u00ed t\u0159\u00edda. Nad hlavou mi mot\u00fdl s\u00a0letadlov\u00fdm b\u0159ichem m\u00e1v\u00e1 blanit\u00fdmi k\u0159\u00eddly duhov\u00fdch barev. P\u0159em\u00fd\u0161l\u00edm o tom, zda David \u010cern\u00fd zde vytvo\u0159il um\u011bn\u00ed nebo k\u00fd\u010d a p\u0159ikl\u00e1n\u00edm se sp\u00ed\u0161e ke k\u00fd\u010di. ALE p\u0159izn\u00e1v\u00e1m \u017ee ke k\u00fd\u010di kr\u00e1sn\u00e9mu a z\u00e1bavn\u00e9mu a u \u0161karohl\u00edd\u016f patrn\u011b nepat\u0159i\u010dn\u00e9mu, ale mn\u011b se l\u00edb\u00ed, jak ob\u0159\u00ed mot\u00fdl\u00ed k\u0159\u00eddla nalepen\u00e1 na spitfaj\u0159\u00edm t\u011ble st\u00edha\u010dky z\u00a02. sv\u011btov\u00e9 v\u00e1lky odm\u00e1v\u00e1vaj\u00ed nad mou hlavou minul\u00fd osud sv\u011bta.<\/p>\n<p>D\u016fm ve mn\u011b vyvol\u00e1v\u00e1 je\u0161t\u011b jednu vzpom\u00ednku. Na jeho v\u00fdstavb\u011b se pod\u00edleli stavba\u0159i ze \u0160v\u00e9dska a Finska. A bylo jich t\u0159eba hodn\u011b. Psala se sedmdes\u00e1t\u00e1 l\u00e9ta, kdy na z\u00e1pad jezdila jen hrstka \u0161\u0165astn\u00fdch vyvolen\u00fdch s\u00a0v\u00fdjezdn\u00ed dolo\u017ekou v\u00a0kapse, den ve V\u00eddni do Pr\u00e1tru, z\u00e1jezd do Mnichova s\u00a0v\u011bdeckotechnickou spole\u010dnost\u00ed na v\u00fdstavu kop\u00edrek, a tak n\u011bjak.<\/p>\n<p>\u0160varn\u00ed \u0160v\u00e9di a Finov\u00e9, prost\u011b potomci Viking\u016f, lezou po le\u0161en\u00ed jako hadi v\u00a0slu\u0161iv\u00fdch \u017elut\u00fdch overalech a helm\u00e1ch a ob\u010das hod\u00ed pohled dol\u016f na ulici. Tam post\u00e1vaj\u00ed po z\u00e1padn\u00edm mu\u017ei roztou\u017een\u00e9 d\u00edvky a kdy\u017e se jejich o\u010di setkaj\u00ed, m\u016f\u017ee doj\u00edt k\u00a0osudov\u00e9mu protnut\u00ed. Zn\u00e1m jeden takov\u00fd p\u0159\u00edb\u011bh. To holka z\u00a0Havl\u00ed\u010dkova Brodu protnula u paty M\u00e1je sv\u016fj osud s\u00a0Finem, kter\u00fd poch\u00e1zel z\u00a0dalek\u00e9ho severu a\u017e za pol\u00e1rn\u00edm kruhem. Kdy\u017e se v\u00a0Praze odd\u00e1vali sv\u00e9 l\u00e1sce, snila o kr\u00e1sn\u00e9m a bohat\u00e9m sn\u011b\u017en\u00e9m Finsku, snila o \u00fahledn\u00fdch Helsink\u00e1ch a bytu za\u0159\u00edzen\u00e9m lehou\u010dk\u00fdm finsk\u00fdm n\u00e1bytkem, snila o \u0161ir\u00e9 modr\u00e9 obloze, kter\u00e1 j\u00ed symbolizovala svobodu, po kter\u00e9 tolik tou\u017eila.<\/p>\n<p>Kdy\u017e stavba skon\u010dila, jej\u00ed Fin ji vzal do sv\u00e9 zem\u011b zasl\u00edben\u00e9. Jeli dlouho evropsk\u00fdmi vlaky d\u00e1l a d\u00e1l na sever, a i kdy\u017e cesta za pol\u00e1rn\u00ed kruh byla nekone\u010dn\u00e1, holka sed\u011bla v\u00a0no\u010dn\u00edm kup\u00e9 se sv\u00fdm Finem obluzena l\u00e1skou, ani nedutala a nev\u0161imla si, \u017ee tam, kam jedou, slunce nezapad\u00e1 a \u017ee je st\u00e1le den.<\/p>\n<p>Kdy\u017e p\u0159ijeli, a\u010d byl sam\u00fd za\u010d\u00e1tek l\u00e9ta, byla j\u00ed zima. Obto\u010dila si t\u011blo svetrem a zamilovan\u011b sv\u00e9ho Fina n\u00e1sledovala. Svatba byla finsk\u00e1. Hodn\u011b se na n\u00ed pilo a\u017e do zbo\u0159en\u00ed v\u0161ech z\u00fa\u010dastn\u011bn\u00fdch mu\u017e\u016f. Do podzimu se man\u017eel\u00e9 h\u0159\u00e1li svou l\u00e1skou. Pak nastala zima. V\u00a0\u010cech\u00e1ch by to byla nejkrut\u011bj\u0161\u00ed zima v\u0161ech dob, ve Finsku za pol\u00e1rn\u00edm kruhem byli r\u00e1di za m\u00edrnou zimu, kdy\u017e bylo do m\u00ednus dvaceti stup\u0148\u016f, co\u017e se ale nest\u00e1valo \u010dasto.<\/p>\n<p>\u010c\u00edm v\u00edc se holka sv\u00e9mu Finovi p\u0159izp\u016fsobovala, t\u00edm v\u00edce jejich l\u00e1ska vyprch\u00e1vala. Fini m\u011bli sv\u00e9 neot\u0159esiteln\u00e9 z\u00e1sady. Kdy\u017e se p\u0159ibl\u00ed\u017eil ve\u010der, pro\u0165ala mraziv\u00fd vzduch slova tchyn\u011b: \u201eAnna sauna\u201c a Fin vzal svou \u010ce\u0161ku do sauny kus za jejich domem, kter\u00fd sd\u00edleli s\u00a0tchyn\u00ed. Holka zabalen\u00e1 v\u00a0hu\u0148at\u00e9 dece p\u0159e\u0161la v pantofl\u00edch p\u0159es dv\u016fr, v\u00a0saun\u011b se svl\u00e9kla do naha, Fin p\u0159ikl\u00e1dal do kam\u00ednek a p\u00e1ra se vzdouvala a sy\u010dela. Holka neodmlouvala. Nemohla. M\u011bla okolo krku obto\u010den cel\u00fd pol\u00e1rn\u00ed kruh. Pak se nam\u00e1\u010dela do ledov\u00e9 vody v\u00a0sudu a znovu a znovu se \u2013 tajn\u011b slz\u00edc &#8211; dusila v\u00a0p\u00e1\u0159e vyv\u00edjen\u00e9 jej\u00edm Finem 365 dn\u00ed v\u00a0roce. Po n\u011bkolika parn\u00edch k\u016fr\u00e1ch op\u011bt pro\u0165al vzduch tch\u00fdnin hlas, kdy\u017e volala Fina a Annu na ve\u010de\u0159i. Anna si ut\u0159ela slzy a zvedla se s Finem z\u00a0d\u0159ev\u011bn\u00e9 lavice, omotala si t\u011blo dekou a vydali se k\u00a0domu. Ve\u010de\u0159e u\u017e byla p\u0159ipravena.<\/p>\n<p>Na jednom tal\u00ed\u0159i vprost\u0159ed stolu bylo osam\u011ble polo\u017eeno jedno velk\u00e9 na t\u0159etiny pokr\u00e1jen\u00e9 raj\u010de k\u00a0ve\u010de\u0159i. Anna byla vyhubl\u00e1 na kost a ani nev\u011bd\u011bla, \u010d\u00edm to p\u0159esn\u011b je. Nedostatkem j\u00eddla, mrazem, zoufalstv\u00edm? Jednoho dne se rozhodla. Fin ani jeho matka nebyli doma. Tax\u00edk p\u0159ijel p\u0159esn\u011b. Odvezl ji na n\u00e1dra\u017e\u00ed. Mrzlo a\u017e pra\u0161t\u011blo. Kdy\u017e p\u0159ijela do Helsinek, zalila ji bezb\u0159eh\u00e1 bla\u017eenost. A jestli neum\u0159ela, \u017eije tam dodnes.<\/p>\n<p>Vyjedu na bly\u0161tiv\u00fdch jezd\u00edc\u00edch schodech do prvn\u00edho poschod\u00ed nov\u00e9ho obchodn\u00edho domu M\u00e1j. J\u00eddlo, kam se pod\u00edv\u00e1\u0161. Thajsk\u00e9, indick\u00e9, vietnamsk\u00e9, \u010desk\u00e9 a americk\u00e9, n\u011bjak\u00e9 Popeyes, fried Lousiana chicken a tak \u2026 V\u0161e je zaplaveno jasn\u00fdm sv\u011btlem z\u00a0bezpo\u010dtu k\u0159i\u0161\u0165\u00e1lov\u00fdch lustr\u016f. Vn\u00edm\u00e1m brut\u00e1ln\u00ed nepat\u0159i\u010dnost fast foodu a k\u0159i\u0161\u0165\u00e1lov\u00fdch sv\u011btel, kter\u00e9 \u2013 jak se zd\u00e1 \u2013 si zde troufaj\u00ed nahradit slunce. Je to absurdn\u011b omamuj\u00edc\u00ed. Jako kdy\u017e b\u016fh \u0159ekne budi\u017e sv\u011btlo.<\/p>\n<p>M\u00e1 prvn\u00ed n\u00e1v\u0161t\u011bva M\u00e1je v\u0161ak je\u0161t\u011b nekon\u010d\u00ed. Vyjedu do druh\u00e9ho patra. Uv\u00edt\u00e1 m\u011b jak\u00fdsi do fraku oble\u010den\u00fd lokaj a pokyne, abych \u0161la d\u00e1l. \u010cern\u00fd z\u00e1v\u011bs se za mnou zav\u0159e.<\/p>\n<p>Kolem &#8211; kam jen oko m\u00e9 pohl\u00e9dne &#8211; sam\u00e9 hrac\u00ed automaty a dal\u0161\u00ed takov\u00e9 ty absurdn\u00ed hra\u010di\u010dky z\u00a0\u0159\u00ed\u0161e, kterou vymysleli ji\u017e \u0159\u00edm\u0161t\u00ed c\u00edsa\u0159i k\u00a0odveden\u00ed plebsu od z\u00e1va\u017en\u00fdch v\u011bc\u00ed, aby se jim nikdo neplet do \u0159emesla, kdy\u017e za sen\u00e1tory jmenovali sv\u00e9 kon\u011b \u010di absolutn\u011b znud\u011bni a vypr\u00e1zdn\u011bni zapalovali v\u011b\u010dn\u00e9 m\u011bsto \u0158\u00edm, kter\u00e9 pak pozorovali ve vzmachu posledn\u00edho orgasmu, kter\u00e9ho byli schopni. Kdy\u017e za b\u00edl\u00e9ho dne vra\u017edili sv\u00e9 \u017eeny a d\u011bti a sebe navz\u00e1jem. Prost\u011b chl\u00e9b a hry. To se tady rozkl\u00e1d\u00e1 na plo\u0161e cel\u00e9ho p\u016fdorysu budovy. Nedohl\u00e9dnuteln\u011b. P\u0159i vstupu m\u011b pob\u00edzej\u00ed, abych si koupila \u017eetony. Jen z\u00edr\u00e1m. Za hrac\u00edmi automaty stoj\u00ed ml\u00e1de\u017e r\u016fzn\u00e9ho v\u011bku. Sly\u0161\u00edm \u0159inkot drobn\u00fdch minc\u00ed. Vypad\u00e1 to, \u017ee se to hlu\u010dn\u011b line z\u00a0tlampa\u010d\u016f. Asi to podb\u00edz\u00ed chu\u0165 hr\u00e1t. Re\u017eis\u00e9\u0159i toho \u010f\u00e1belsk\u00e9ho divadla dob\u0159e v\u011bd\u00ed, jak lidi\u010dky nal\u00e1kat.<\/p>\n<p>Mlad\u00e9 \u017eeny obj\u00edmaj\u00ed star\u00e9 bohat\u00e9 mu\u017ee. Na hrdlech maj\u00ed pov\u011b\u0161eny olb\u0159\u00edm\u00ed zlat\u00e9 n\u00e1hrdeln\u00edky. V\u00a0o\u010d\u00edch jim v\u0161ak plane touha po mu\u017e\u00edch mlad\u00fdch. \u017deny doufaj\u00ed, \u017ee ji sta\u0159\u00ed mu\u017ei neprohl\u00e9dnou. Ml\u00e1de\u017e se checht\u00e1. \u017deny se vinou. Prachy se sypou. N\u00e1hle se mi sev\u0159e hrdlo. Mus\u00edm zmizet nebo tu chc\u00edpnu. Dr\u017e\u00edm se za krk. V\u0161ude je p\u0159\u00edtm\u00ed, aby na sebe lidi nevid\u011bli. Aby nevid\u011bli ani sami sebe. To je ta re\u017eie. V\u0161echno m\u011b dus\u00ed. Rozhl\u00ed\u017e\u00edm se k\u00a0v\u00fdchodu. Nikde nen\u00ed. Schody za z\u00e1v\u011bsem, kter\u00fdmi jsem p\u0159ijela, vedou jen nahoru. Je konec. Odtud nen\u00ed cesty zp\u011bt. Z\u00e1v\u011bsy zata\u017eeny. Netop\u00fd\u0159\u00ed k\u0159\u00eddla. V\u00a0z\u00e1m\u011brn\u011b vytvo\u0159en\u00e9m \u0161eru hled\u00edm na sv\u00e9 zoufalstv\u00ed. Je konec.<\/p>\n<p>Pak mi svitne nad\u011bje t\u011bch, kte\u0159\u00ed odch\u00e1zej\u00ed. Poodhrnou z\u00e1v\u011bs na druh\u00e9 stran\u011b m\u00edstnosti. P\u0159ilep\u00edm se na n\u011b. Prozat\u00edm jsem zachr\u00e1n\u011bna, ale c\u00edt\u00edm, \u017ee \u017e\u00e1dn\u00e1 katarze, kdy\u017e za mnou z\u016fst\u00e1v\u00e1 tenhle sv\u011bt, se nekon\u00e1. A tak si alespo\u0148 \u0159\u00edk\u00e1m carpe diem, u\u017eij si ka\u017ed\u00fd den, ne\u017e boss nejvy\u0161\u0161\u00ed zat\u00e1hne \u010dernou oponu nav\u017edy.<\/p>\n<p><em>Romana K\u0159enkov\u00e1<\/em><br \/>\n<em>11.7.2024<\/em><\/p>\n","protected":false},"excerpt":{"rendered":"<p>Po n\u011bkolika letech kone\u010dn\u011b otev\u0159eli obchodn\u00ed d\u016fm M\u00e1j. N\u00e1zev ponechali z\u00a0doby, kdy byl postaven. N\u00e1zev,&#8230;<\/p>\n","protected":false},"author":2,"featured_media":3032,"comment_status":"closed","ping_status":"closed","sticky":false,"template":"","format":"standard","meta":[],"categories":[6],"tags":[1503,4874,7581,234],"_links":{"self":[{"href":"https:\/\/www.infokuryr.cz\/n\/wp-json\/wp\/v2\/posts\/57667"}],"collection":[{"href":"https:\/\/www.infokuryr.cz\/n\/wp-json\/wp\/v2\/posts"}],"about":[{"href":"https:\/\/www.infokuryr.cz\/n\/wp-json\/wp\/v2\/types\/post"}],"author":[{"embeddable":true,"href":"https:\/\/www.infokuryr.cz\/n\/wp-json\/wp\/v2\/users\/2"}],"replies":[{"embeddable":true,"href":"https:\/\/www.infokuryr.cz\/n\/wp-json\/wp\/v2\/comments?post=57667"}],"version-history":[{"count":1,"href":"https:\/\/www.infokuryr.cz\/n\/wp-json\/wp\/v2\/posts\/57667\/revisions"}],"predecessor-version":[{"id":57668,"href":"https:\/\/www.infokuryr.cz\/n\/wp-json\/wp\/v2\/posts\/57667\/revisions\/57668"}],"wp:featuredmedia":[{"embeddable":true,"href":"https:\/\/www.infokuryr.cz\/n\/wp-json\/wp\/v2\/media\/3032"}],"wp:attachment":[{"href":"https:\/\/www.infokuryr.cz\/n\/wp-json\/wp\/v2\/media?parent=57667"}],"wp:term":[{"taxonomy":"category","embeddable":true,"href":"https:\/\/www.infokuryr.cz\/n\/wp-json\/wp\/v2\/categories?post=57667"},{"taxonomy":"post_tag","embeddable":true,"href":"https:\/\/www.infokuryr.cz\/n\/wp-json\/wp\/v2\/tags?post=57667"}],"curies":[{"name":"wp","href":"https:\/\/api.w.org\/{rel}","templated":true}]}}