{"id":57665,"date":"2024-07-13T00:45:32","date_gmt":"2024-07-12T22:45:32","guid":{"rendered":"https:\/\/www.infokuryr.cz\/n\/?p=57665"},"modified":"2024-07-12T16:10:02","modified_gmt":"2024-07-12T14:10:02","slug":"zprava-migranti-na-polsko-beloruske-hranici-delaji-na-polske-vojaky-hrdelni-gesta","status":"publish","type":"post","link":"https:\/\/www.infokuryr.cz\/n\/2024\/07\/13\/zprava-migranti-na-polsko-beloruske-hranici-delaji-na-polske-vojaky-hrdelni-gesta\/","title":{"rendered":"Zpr\u00e1va: \u201eMigranti na polsko-b\u011blorusk\u00e9 hranici d\u011blaj\u00ed na polsk\u00e9 voj\u00e1ky hrdeln\u00ed gesta\u201c"},"content":{"rendered":"<div id=\"fb-root\"><\/div>\n<p><strong><span style=\"font-size: 14pt;\">Na polsko-b\u011blorusk\u00e9 hranici polsk\u00e9 slu\u017eby a m\u00edstn\u00ed obyvatel\u00e9 nad\u00e1le \u010del\u00ed vln\u00e1m neleg\u00e1ln\u00edch migrant\u016f z Bl\u00edzk\u00e9ho v\u00fdchodu a Afriky, uv\u00e1d\u00ed Micha\u0142 Bruszewski pro vojensk\u00e9 zpravodajstv\u00ed defence24.pl<\/span><\/strong><\/p>\n<p><span>Dvoumetrov\u00e9 o\u0161t\u011bpy pono\u0159en\u00e9 do v\u00fdkal\u016f zp\u016fsobily infekci, zni\u010den\u00ed bari\u00e9r pomoc\u00ed p\u00e1k, prak\u016f a vr\u017een\u00fdch sklenic. Pol\u0161t\u00ed voj\u00e1ci, p\u0159\u00edslu\u0161n\u00edci pohrani\u010dn\u00ed str\u00e1\u017ee, policist\u00e9 a obyvatel\u00e9 pohrani\u010dn\u00ed oblasti nad\u00e1le \u010del\u00ed nebezpe\u010dn\u00e9 praxi neleg\u00e1ln\u00edho p\u0159ekra\u010dov\u00e1n\u00ed polsko-b\u011blorusk\u00e9 hranice migranty z Bl\u00edzk\u00e9ho v\u00fdchodu a Afriky.<\/span><\/p>\n<p><span>Krize\u00a0<\/span><a class=\"ek-link\" href=\"https:\/\/rmx.news\/poland\/migrants-attack-polish-border-guard-on-border-with-belarus\/\"><span>na hranic\u00edch<\/span><\/a><span>\u00a0se datuje do druh\u00e9 poloviny roku 2021, p\u0159i\u010dem\u017e v srpnu bylo zaznamen\u00e1no p\u0159ibli\u017en\u011b 3 500 pokus\u016f o neleg\u00e1ln\u00ed p\u0159echod, v z\u00e1\u0159\u00ed se zdvojn\u00e1sobil a v \u0159\u00edjnu vzrostl na 17 500. Uk\u00e1zalo se, \u017ee prob\u00edh\u00e1 koordinovan\u00fd \u00fatok na polsk\u00e9 hranice, organizovan\u00fd Minskem a Moskvou.<\/span><\/p>\n<p><span>Operace, kterou\u00a0<\/span><span>b\u011blorusk\u00e1 KGB nazvala \u201eLock\u201c, zahrnuje stahov\u00e1n\u00ed migrant\u016f ze St\u0159edn\u00edho v\u00fdchodu a Afriky pod fale\u0161n\u00fdmi sliby snadn\u00e9ho vstupu do Evropsk\u00e9 unie, jen aby je donutili n\u00e1siln\u011b p\u0159ekro\u010dit hranici a prom\u011bnili je v p\u011b\u0161\u00e1ky hybridn\u00ed operace. kter\u00e1 p\u0159edch\u00e1zela rusk\u00e9 invazi na Ukrajinu.<\/span><\/p>\n<p><span>Zpo\u010d\u00e1tku neexistovala \u017e\u00e1dn\u00e1 fyzick\u00e1 bari\u00e9ra a p\u0159\u00edslu\u0161n\u00edci slu\u017eby zabezpe\u010dovali pohrani\u010dn\u00ed oblast nasazen\u00edm \u017eiletkov\u00e9ho dr\u00e1tu. V pr\u016fb\u011bhu let 2021 a 2022 \u010delili voj\u00e1ci drsn\u00fdm podm\u00ednk\u00e1m v\u010detn\u011b zimn\u00edho po\u010das\u00ed a bahna, kter\u00e9 jim komplikovalo hl\u00eddky, a to jak p\u011b\u0161ky, tak autem.<\/span><\/p>\n<p><span>Hranice byla od t\u00e9 doby\u00a0<\/span><a class=\"ek-link\" href=\"https:\/\/rmx.news\/poland\/heres-why-polands-border-barrier-is-a-lifesaver-for-polish-border-guards\/\"><span>opevn\u011bna bari\u00e9rou<\/span><\/a><span>\u00a0, p\u0159esto krize p\u0159etrv\u00e1v\u00e1. Leto\u0161n\u00ed rok za\u010dal tragickou zpr\u00e1vou z pohrani\u010d\u00ed: v pr\u016fb\u011bhu roku 2024 bylo dosud zran\u011bno 40 voj\u00e1k\u016f, zem\u0159el\u00a0<\/span><a class=\"ek-link\" href=\"https:\/\/rmx.news\/article\/poland-mother-of-soldier-murdered-by-migrant-calls-on-government-to-make-sure-no-such-deaths-happen-again\/\"><span>ser\u017eant Mateusz Sitek<\/span><\/a><span>\u00a0, kter\u00fd podlehl zran\u011bn\u00edm zp\u016fsoben\u00fdm provizorn\u00edm kop\u00edm.<\/span><\/p>\n<p><span>Ve sv\u011btle t\u011bchto p\u0159etrv\u00e1vaj\u00edc\u00edch v\u00fdzev nav\u0161t\u00edvila Defence24.pl hranici, aby informovala o situaci z prvn\u00ed ruky. Pobl\u00ed\u017e h\u0159bitova, kde jsou poh\u0159beni pol\u0161t\u00ed voj\u00e1ci z roku 1920, a majest\u00e1tn\u00ed \u0159eka Bug prot\u00edn\u00e1 hranici, m\u00edstn\u00ed n\u00e1lady sahaj\u00ed od smutku nad smrt\u00ed mlad\u00e9ho voj\u00e1ka a\u017e po frustraci z pokra\u010duj\u00edc\u00ed obrany proti akc\u00edm migrant\u016f.<\/span><\/p>\n<p><span>Pobl\u00ed\u017e jednoho z uprchlick\u00fdch center v Podlas\u00ed jsem hovo\u0159il s africk\u00fdmi migranty, se kter\u00fdmi jsem se setkal. I kdy\u017e je m\u016fj partner zdr\u017eenliv\u00fd, p\u0159izn\u00e1v\u00e1, \u017ee p\u0159ekro\u010dil hrani\u010dn\u00ed bari\u00e9ru. &#8222;Jsem ze S\u00fad\u00e1nu.&#8220; V Polsku jsem 10 dn\u00ed,\u201c odpov\u00edd\u00e1. Odm\u00edt\u00e1 zach\u00e1zet do podrobnost\u00ed o tom, co se stalo na b\u011blorusk\u00e9 stran\u011b. Na ot\u00e1zku, zda to bylo t\u011b\u017ek\u00e9, potvrdil, \u017ee ano.<\/span><\/p>\n<p><span>Ne\u017e migranti neleg\u00e1ln\u011b p\u0159ekro\u010d\u00ed hranice, \u010dasto se mezi sebou h\u00e1daj\u00ed. \u201eJe mezi nimi konflikt. Samostatn\u00e9 etnick\u00e9 skupiny se dr\u017e\u00ed sv\u00e9ho, bojuj\u00ed mezi sebou \u2013 Afri\u010dan\u00e9, Afgh\u00e1nci, Ir\u00e1\u010dan\u00e9. Dr\u017e\u00ed se pro sebe,\u201c sd\u00edl\u00ed rozhovor obyvatel Podlas\u00ed. V pohrani\u010dn\u00edch m\u011bstech lze narazit na skupiny imigrant\u016f. Mezi obyvateli vynikaj\u00ed \u017eeny v hid\u017e\u00e1bech a cel\u00e9 skupiny Afri\u010dan\u016f. \u201eNeust\u00e1le p\u0159ekra\u010duj\u00ed hranice. Jsou v les\u00edch. S\u00e1m jsem to nahl\u00e1sil,\u201c \u0159\u00edk\u00e1 mi jeden z obyvatel Hajn\u00f3wky.<\/span><\/p>\n<p><span>\u201eTr\u00e9nuj\u00ed je\u00a0<\/span><a class=\"ek-link\" href=\"https:\/\/rmx.news\/poland\/tensions-rise-as-thousands-more-attempt-illegal-crossing-from-belarus-to-poland\/\"><span>b\u011blorusk\u00e9 a rusk\u00e9 slu\u017eby<\/span><\/a><span>\u00a0. Konstruuj\u00ed dvoumetrov\u00e9 o\u0161t\u011bpy, na kter\u00e9 mo\u010d\u00ed nebo je pono\u0159uj\u00ed do v\u00fdkal\u016f, aby zp\u016fsobili infekci u t\u011bch, kter\u00e9 zran\u00ed. Pou\u017e\u00edvaj\u00ed praky a h\u00e1zej\u00ed sklenice napln\u011bn\u00e9 r\u016fzn\u00fdmi l\u00e1tkami. Pou\u017e\u00edvaj\u00ed p\u00e1\u010didla. D\u011blaj\u00ed hrdlo\u0159ezn\u00e1 gesta polsk\u00fdm voj\u00e1k\u016fm, aby dali najevo, \u017ee je zabij\u00ed,\u201c \u0159\u00edk\u00e1 mi jeden z obyvatel Podlas\u00ed.<\/span><\/p>\n<p><span>Mezit\u00edm zaveden\u00ed n\u00e1razn\u00edkov\u00e9 z\u00f3ny podle statistik pohrani\u010dn\u00ed str\u00e1\u017ee \u00fadajn\u011b sn\u00ed\u017eilo neleg\u00e1ln\u00ed p\u0159ekra\u010dov\u00e1n\u00ed hranic o v\u00edce ne\u017e polovinu.<\/span><\/p>\n<p><span>Vzhledem k tomu, \u017ee Polsko pokra\u010duje v posilov\u00e1n\u00ed bezpe\u010dnosti hranic, ned\u00e1vn\u00e1 \u00famrt\u00ed a zadr\u017een\u00ed zd\u016fraz\u0148uj\u00ed nal\u00e9havost zv\u00fd\u0161en\u00ed bezpe\u010dnosti pro ty, kte\u0159\u00ed slou\u017e\u00ed na hranic\u00edch. V\u00fdcvikov\u00e9 programy pro p\u0159\u00edslu\u0161n\u00edky pohrani\u010dn\u00ed str\u00e1\u017ee a voj\u00e1ky jsou zav\u00e1d\u011bny po cel\u00e9 zemi, aby je l\u00e9pe p\u0159ipravili na v\u00fdzvy, kter\u00fdm \u010del\u00ed v p\u0159edn\u00edch lini\u00edch.<\/span><\/p>\n<p><img decoding=\"async\" loading=\"lazy\" class=\"alignnone size-full wp-image-1185\" src=\"http:\/\/www.infokuryr.cz\/n\/wp-content\/uploads\/2021\/04\/kuryr-podpis.png\" alt=\"\" width=\"84\" height=\"24\" \/><\/p>\n<p>&nbsp;<\/p>\n","protected":false},"excerpt":{"rendered":"<p>Na polsko-b\u011blorusk\u00e9 hranici polsk\u00e9 slu\u017eby a m\u00edstn\u00ed obyvatel\u00e9 nad\u00e1le \u010del\u00ed vln\u00e1m neleg\u00e1ln\u00edch migrant\u016f z Bl\u00edzk\u00e9ho&#8230;<\/p>\n","protected":false},"author":2,"featured_media":41160,"comment_status":"closed","ping_status":"closed","sticky":false,"template":"","format":"standard","meta":[],"categories":[7],"tags":[804,989,31,2064],"_links":{"self":[{"href":"https:\/\/www.infokuryr.cz\/n\/wp-json\/wp\/v2\/posts\/57665"}],"collection":[{"href":"https:\/\/www.infokuryr.cz\/n\/wp-json\/wp\/v2\/posts"}],"about":[{"href":"https:\/\/www.infokuryr.cz\/n\/wp-json\/wp\/v2\/types\/post"}],"author":[{"embeddable":true,"href":"https:\/\/www.infokuryr.cz\/n\/wp-json\/wp\/v2\/users\/2"}],"replies":[{"embeddable":true,"href":"https:\/\/www.infokuryr.cz\/n\/wp-json\/wp\/v2\/comments?post=57665"}],"version-history":[{"count":1,"href":"https:\/\/www.infokuryr.cz\/n\/wp-json\/wp\/v2\/posts\/57665\/revisions"}],"predecessor-version":[{"id":57666,"href":"https:\/\/www.infokuryr.cz\/n\/wp-json\/wp\/v2\/posts\/57665\/revisions\/57666"}],"wp:featuredmedia":[{"embeddable":true,"href":"https:\/\/www.infokuryr.cz\/n\/wp-json\/wp\/v2\/media\/41160"}],"wp:attachment":[{"href":"https:\/\/www.infokuryr.cz\/n\/wp-json\/wp\/v2\/media?parent=57665"}],"wp:term":[{"taxonomy":"category","embeddable":true,"href":"https:\/\/www.infokuryr.cz\/n\/wp-json\/wp\/v2\/categories?post=57665"},{"taxonomy":"post_tag","embeddable":true,"href":"https:\/\/www.infokuryr.cz\/n\/wp-json\/wp\/v2\/tags?post=57665"}],"curies":[{"name":"wp","href":"https:\/\/api.w.org\/{rel}","templated":true}]}}