{"id":57664,"date":"2024-07-13T00:44:45","date_gmt":"2024-07-12T22:44:45","guid":{"rendered":"https:\/\/www.infokuryr.cz\/n\/?p=57664"},"modified":"2024-07-12T16:07:02","modified_gmt":"2024-07-12T14:07:02","slug":"4-z-5-nemcu-jsou-nespokojeni-s-vladou-odhaluje-usvedcujici-pruzkum","status":"publish","type":"post","link":"https:\/\/www.infokuryr.cz\/n\/2024\/07\/13\/4-z-5-nemcu-jsou-nespokojeni-s-vladou-odhaluje-usvedcujici-pruzkum\/","title":{"rendered":"4 z 5 N\u011bmc\u016f jsou nespokojeni s vl\u00e1dou, odhaluje usv\u011bd\u010duj\u00edc\u00ed pr\u016fzkum"},"content":{"rendered":"<div id=\"fb-root\"><\/div>\n<h2 class=\"s-tagline fw-tagline\"><span>P\u0159ibli\u017en\u011b 81 procent respondent\u016f uvedlo, \u017ee jsou nespokojeni se sou\u010dasnou liber\u00e1ln\u011b-levicovou vl\u00e1dou, zat\u00edmco obliba kancl\u00e9\u0159e Olafa Scholze je pouze 21 procent<\/span><\/h2>\n<p><span>N\u011bme\u010dt\u00ed voli\u010di jsou\u00a0s prac\u00ed vl\u00e1dy\u00a0<\/span><a class=\"ek-link\" href=\"https:\/\/mandiner.hu\/kulfold\/2024\/07\/lesujto-velemenyt-mondtak-a-nemetek-a-kormanyukrol\"><span>krajn\u011b nespokojeni<\/span><\/a><\/p>\n<p><span>, vypl\u00fdv\u00e1 z \u010dervencov\u00e9ho pr\u016fzkumu ARD-DeutschlandTREND. Nejv\u00edce nespokojeni s vl\u00e1dou jsou voli\u010di pravicov\u00e9 AfD, p\u0159esn\u011b 0 procent uvedlo, \u017ee je spokojeno s prac\u00ed vl\u00e1dy, n\u00e1sleduj\u00ed voli\u010di levicov\u00e9 strany BSW s pouh\u00fdmi 3 procenty spokojenosti.<\/span><\/p>\n<p><span>Nejspokojen\u011bj\u0161\u00ed jsou soci\u00e1ln\u00ed demokrat\u00e9 a zelen\u00ed, ale i ti jsou v t\u00e9to ot\u00e1zce extr\u00e9mn\u011b rozd\u011bleni, pouze polovina p\u0159\u00edznivc\u016f obou stran uvedla, \u017ee jsou spokojeni se sou\u010dasn\u00fdm sm\u011brem, kter\u00fdm se vl\u00e1da v zemi ub\u00edr\u00e1.<\/span><\/p>\n<p><span>\u017d\u00e1dn\u00fd n\u011bmeck\u00fd voli\u010d ne\u0159ekl, \u017ee je \u201ezcela spokojen\u201c se svou vl\u00e1dou.<\/span><\/p>\n<p><span>Celkov\u00e1 nespokojenost s vl\u00e1dn\u00ed politikou vzrostla na 81 procent, p\u0159i\u010dem\u017e 38 procent uvedlo, \u017ee \u201ev\u016fbec nejsou spokojeni\u201c.<\/span><\/p>\n<p><span>V zemi v sou\u010dasnosti vl\u00e1dne takzvan\u00e1 semaforov\u00e1 koalice soci\u00e1ln\u00edch demokrat\u016f (SPD), svobodn\u00fdch demokrat\u016f (FDP) a zelen\u00fdch kancl\u00e9\u0159e Olafa Scholze.<\/span><\/p>\n<p><span>Zaj\u00edmav\u00fd obr\u00e1zek vykresluj\u00ed i \u200b\u200bindividu\u00e1ln\u00ed v\u00fdsledky politik\u016f. N\u011bmci jsou nejv\u00edce spokojeni s ministrem obrany Borisem Pistoriusem (53 procent), zat\u00edmco pouze 21 procent je spokojeno s kancl\u00e9\u0159em Olafem Scholzem.<\/span><\/p>\n<p><span>Zaj\u00edmav\u00e9 je, \u017ee Sarah Wagenknechtov\u00e1, kter\u00e1 p\u0159ed necel\u00fdm rokem zalo\u017eila levicovou stranu BSW, je u\u017e dnes popul\u00e1rn\u011bj\u0161\u00ed ne\u017e kancl\u00e9\u0159ka s 23 procenty N\u011bmc\u016f spokojen\u00fdch s hv\u011bzdou n\u011bmeck\u00e9 levice. Druh\u00e1 protiestablishmentov\u00e1 strana, p\u0159edsedkyn\u011b pravicov\u00e9 AfD Alice Weidelov\u00e1, je s n\u00ed spokojena 20 procent N\u011bmc\u016f, hned za Scholzem.<\/span><\/p>\n<p><img decoding=\"async\" loading=\"lazy\" class=\"alignnone size-full wp-image-1185\" src=\"http:\/\/www.infokuryr.cz\/n\/wp-content\/uploads\/2021\/04\/kuryr-podpis.png\" alt=\"\" width=\"84\" height=\"24\" \/><\/p>\n<p>&nbsp;<\/p>\n","protected":false},"excerpt":{"rendered":"<p>P\u0159ibli\u017en\u011b 81 procent respondent\u016f uvedlo, \u017ee jsou nespokojeni se sou\u010dasnou liber\u00e1ln\u011b-levicovou vl\u00e1dou, zat\u00edmco obliba kancl\u00e9\u0159e&#8230;<\/p>\n","protected":false},"author":2,"featured_media":9965,"comment_status":"closed","ping_status":"closed","sticky":false,"template":"","format":"standard","meta":[],"categories":[7],"tags":[429,84,5446,620,99],"_links":{"self":[{"href":"https:\/\/www.infokuryr.cz\/n\/wp-json\/wp\/v2\/posts\/57664"}],"collection":[{"href":"https:\/\/www.infokuryr.cz\/n\/wp-json\/wp\/v2\/posts"}],"about":[{"href":"https:\/\/www.infokuryr.cz\/n\/wp-json\/wp\/v2\/types\/post"}],"author":[{"embeddable":true,"href":"https:\/\/www.infokuryr.cz\/n\/wp-json\/wp\/v2\/users\/2"}],"replies":[{"embeddable":true,"href":"https:\/\/www.infokuryr.cz\/n\/wp-json\/wp\/v2\/comments?post=57664"}],"version-history":[{"count":0,"href":"https:\/\/www.infokuryr.cz\/n\/wp-json\/wp\/v2\/posts\/57664\/revisions"}],"wp:featuredmedia":[{"embeddable":true,"href":"https:\/\/www.infokuryr.cz\/n\/wp-json\/wp\/v2\/media\/9965"}],"wp:attachment":[{"href":"https:\/\/www.infokuryr.cz\/n\/wp-json\/wp\/v2\/media?parent=57664"}],"wp:term":[{"taxonomy":"category","embeddable":true,"href":"https:\/\/www.infokuryr.cz\/n\/wp-json\/wp\/v2\/categories?post=57664"},{"taxonomy":"post_tag","embeddable":true,"href":"https:\/\/www.infokuryr.cz\/n\/wp-json\/wp\/v2\/tags?post=57664"}],"curies":[{"name":"wp","href":"https:\/\/api.w.org\/{rel}","templated":true}]}}