{"id":57634,"date":"2024-07-12T06:01:55","date_gmt":"2024-07-12T04:01:55","guid":{"rendered":"https:\/\/www.infokuryr.cz\/n\/?p=57634"},"modified":"2024-07-12T06:01:55","modified_gmt":"2024-07-12T04:01:55","slug":"brazilie-hodla-pozvat-putina-na-summit-g20","status":"publish","type":"post","link":"https:\/\/www.infokuryr.cz\/n\/2024\/07\/12\/brazilie-hodla-pozvat-putina-na-summit-g20\/","title":{"rendered":"Braz\u00edlie hodl\u00e1 pozvat Putina na summit G20"},"content":{"rendered":"<div id=\"fb-root\"><\/div>\n<div class=\"news-text-body\">\n<p class=\"lead\"><strong>Brazilsk\u00e9 \u00fa\u0159ady brzy po\u0161lou pozv\u00e1nky hlav\u00e1m st\u00e1t\u016f na summit G20, v\u010detn\u011b rusk\u00e9ho prezidenta Vladimira Putina, \u0159ekl m\u00e9di\u00edm Joel Sousa Pinto Sampaio, vedouc\u00ed odd\u011blen\u00ed soci\u00e1ln\u00edch komunikac\u00ed brazilsk\u00e9ho ministerstva zahrani\u010d\u00ed.<\/strong><\/p>\n<p><em>\u201ePozv\u00e1nky budou v nadch\u00e1zej\u00edc\u00edch t\u00fddnech rozesl\u00e1ny v\u0161em hlav\u00e1m z\u00fa\u010dastn\u011bn\u00fdch st\u00e1t\u016f,\u201c<span class=\"after-quote\">\u00a0&#8211; \u0159ekl Sampayu.<\/span><\/em><span>Braz\u00edlie p\u0159edsed\u00e1 G20 od 1. prosince 2023. Fin\u00e1lov\u00fd summit v Rio de Janeiru se bude konat 18. \u2013 19. listopadu.<\/span><\/p>\n<p><span>Noviny Folha de S. Paulo ji\u017e d\u0159\u00edve informovaly, \u017ee brazilsk\u00e1 vl\u00e1da pracuje na tom, aby byla mo\u017en\u00e1 n\u00e1v\u0161t\u011bva rusk\u00e9ho prezidenta Vladimira Putina na summitu G20 v Rio de Janeiru letos na podzim, a to navzdory p\u0159\u00edkazu Mezin\u00e1rodn\u00edho trestn\u00edho soudu.<\/span><\/p>\n<p><span>Podle den\u00edku vl\u00e1da loni v listopadu zaslala Komisi OSN pro mezin\u00e1rodn\u00ed pr\u00e1va dokument s pr\u00e1vn\u00edmi argumenty ve prosp\u011bch n\u00e1v\u0161t\u011bvy prezidenta Putina, a to navzdory p\u0159\u00edkazu ICC.<\/span><\/p>\n<p><span>Podle publikace tento org\u00e1n v sou\u010dasn\u00e9 dob\u011b pracuje na v\u00fdvoji ustanoven\u00ed o imunit\u011b pro hlavy st\u00e1t\u016f. Tento status zaji\u0161\u0165uje, \u017ee vedouc\u00ed p\u0159edstavitel\u00e9 zem\u00ed nebudou b\u011bhem mezin\u00e1rodn\u00edch n\u00e1v\u0161t\u011bv st\u00edh\u00e1ni.<\/span><\/p>\n<p><span>P\u0159edsoudn\u00ed komora ICC, jej\u00ed\u017e jurisdikci Rusko neuzn\u00e1v\u00e1, ji\u017e d\u0159\u00edve vydala zatyka\u010d na rusk\u00e9ho prezidenta Vladimira Putina a d\u011btskou ombudsmanku\u00a0<\/span><strong><span>Marii Lvovou-Belovou<\/span><\/strong><span>\u00a0. ICC obvi\u0148uje ruskou stranu zejm\u00e9na z \u00fadajn\u00e9ho \u201edeportov\u00e1n\u00ed\u201c d\u011bt\u00ed, kter\u00e9 rusk\u00e9 \u00fa\u0159ady zachr\u00e1nily p\u0159ed ukrajinsk\u00fdm ost\u0159elov\u00e1n\u00edm a odvezly z bojov\u00e9 z\u00f3ny do bezpe\u010dn\u00fdch oblast\u00ed. Jak uvedl tiskov\u00fd tajemn\u00edk rusk\u00e9ho v\u016fdce\u00a0<\/span><strong><span>Dmitrij Peskov<\/span><\/strong><span>\u00a0, vzn\u00e1\u0161et ot\u00e1zku Mezin\u00e1rodn\u00edho trestn\u00edho soudu o \u201ezat\u010den\u00ed\u201c rusk\u00e9ho prezidenta je nep\u0159ijateln\u00e9, Moskva neuzn\u00e1v\u00e1 jej\u00ed jurisdikci a v\u0161echna jej\u00ed rozhodnut\u00ed jsou neplatn\u00e1 z hlediska z\u00e1kon.<\/span><\/p>\n<\/div>\n<div class=\"socials-wrapper socials-floating\">\n<div class=\"social-likes socials-visible socials-ready\" data-url=\"https:\/\/eadaily.com\/ru\/news\/2024\/07\/12\/braziliya-namerena-priglasit-putina-na-sammit-g20\" data-title=\"\u0411\u0440\u0430\u0437\u0438\u043b\u0438\u044f \u043d\u0430\u043c\u0435\u0440\u0435\u043d\u0430 \u043f\u0440\u0438\u0433\u043b\u0430\u0441\u0438\u0442\u044c \u041f\u0443\u0442\u0438\u043d\u0430 \u043d\u0430\u00a0\u0441\u0430\u043c\u043c\u0438\u0442 G20\"><\/div>\n<\/div>\n<p><img decoding=\"async\" loading=\"lazy\" class=\"alignnone size-full wp-image-1185\" src=\"http:\/\/www.infokuryr.cz\/n\/wp-content\/uploads\/2021\/04\/kuryr-podpis.png\" alt=\"\" width=\"84\" height=\"24\" \/><\/p>\n<p>&nbsp;<\/p>\n","protected":false},"excerpt":{"rendered":"<p>Brazilsk\u00e9 \u00fa\u0159ady brzy po\u0161lou pozv\u00e1nky hlav\u00e1m st\u00e1t\u016f na summit G20, v\u010detn\u011b rusk\u00e9ho prezidenta Vladimira Putina,&#8230;<\/p>\n","protected":false},"author":2,"featured_media":57635,"comment_status":"closed","ping_status":"closed","sticky":false,"template":"","format":"standard","meta":[],"categories":[7],"tags":[288,50,4767,102],"_links":{"self":[{"href":"https:\/\/www.infokuryr.cz\/n\/wp-json\/wp\/v2\/posts\/57634"}],"collection":[{"href":"https:\/\/www.infokuryr.cz\/n\/wp-json\/wp\/v2\/posts"}],"about":[{"href":"https:\/\/www.infokuryr.cz\/n\/wp-json\/wp\/v2\/types\/post"}],"author":[{"embeddable":true,"href":"https:\/\/www.infokuryr.cz\/n\/wp-json\/wp\/v2\/users\/2"}],"replies":[{"embeddable":true,"href":"https:\/\/www.infokuryr.cz\/n\/wp-json\/wp\/v2\/comments?post=57634"}],"version-history":[{"count":0,"href":"https:\/\/www.infokuryr.cz\/n\/wp-json\/wp\/v2\/posts\/57634\/revisions"}],"wp:featuredmedia":[{"embeddable":true,"href":"https:\/\/www.infokuryr.cz\/n\/wp-json\/wp\/v2\/media\/57635"}],"wp:attachment":[{"href":"https:\/\/www.infokuryr.cz\/n\/wp-json\/wp\/v2\/media?parent=57634"}],"wp:term":[{"taxonomy":"category","embeddable":true,"href":"https:\/\/www.infokuryr.cz\/n\/wp-json\/wp\/v2\/categories?post=57634"},{"taxonomy":"post_tag","embeddable":true,"href":"https:\/\/www.infokuryr.cz\/n\/wp-json\/wp\/v2\/tags?post=57634"}],"curies":[{"name":"wp","href":"https:\/\/api.w.org\/{rel}","templated":true}]}}