{"id":57600,"date":"2024-07-12T00:49:06","date_gmt":"2024-07-11T22:49:06","guid":{"rendered":"https:\/\/www.infokuryr.cz\/n\/?p=57600"},"modified":"2024-07-11T16:42:15","modified_gmt":"2024-07-11T14:42:15","slug":"francie-planovala-vyslat-na-ukrajinu-2000-vojaku","status":"publish","type":"post","link":"https:\/\/www.infokuryr.cz\/n\/2024\/07\/12\/francie-planovala-vyslat-na-ukrajinu-2000-vojaku\/","title":{"rendered":"Francie pl\u00e1novala vyslat na Ukrajinu 2000 voj\u00e1k\u016f"},"content":{"rendered":"<div id=\"fb-root\"><\/div>\n<p><span style=\"font-size: 18pt;\"><strong>Pa\u0159\u00ed\u017e m\u016f\u017ee m\u00edt st\u00e1le pl\u00e1ny na skryt\u00e9 vysl\u00e1n\u00ed kontingentu do boje o Kyjev, varuje p\u0159edlo\u017een\u00e1 zpr\u00e1va rusk\u00e9 zahrani\u010dn\u00ed zpravodajsk\u00e9 slu\u017eby<\/strong><\/span><\/p>\n<p><span>Rusk\u00e1 zahrani\u010dn\u00ed zpravodajsk\u00e1 slu\u017eba (SVR) odtajnila zpr\u00e1vu agenta, kter\u00fd v b\u0159eznu uvedl, \u017ee Francie se chyst\u00e1 vyslat kontingent asi 2000 voj\u00e1k\u016f do boj\u016f na Ukrajinu.\u00a0<\/span><\/p>\n<p><span>Br\u00edfink byl uve\u0159ejn\u011bn v posledn\u00edm \u010d\u00edsle \u010dasopisu SVR &#8218;Scout&#8216;. V n\u011bm agent pou\u017e\u00edvaj\u00edc\u00ed pseudonym Felix tvrdil, \u017ee francouzsk\u00e1 arm\u00e1da byla\u00a0<\/span><em><span>\u201eznepokojena zv\u00fd\u0161en\u00fdm po\u010dtem Francouz\u016f zabit\u00fdch na ukrajinsk\u00e9m d\u011bji\u0161ti vojensk\u00e9 operace\u201c,<\/span><\/em><span>\u00a0zejm\u00e9na pot\u00e9, co rusk\u00e9 s\u00edly v lednu zni\u010dily do\u010dasn\u00e9 st\u0159edisko pro cizince pobl\u00ed\u017e Charkova.\u00a0\u00a0<\/span><\/p>\n<p><span>Tento \u00fatok s\u00e1m o sob\u011b zabil\u00a0<\/span><em><span>\u201edes\u00edtky francouzsk\u00fdch ob\u010dan\u016f\u201c,<\/span><\/em><span> \u00a0jak Pa\u0159\u00ed\u017e \u00fadajn\u011b odhadla, a poznamenala, \u017ee od t\u00e9 doby se podobn\u00e9 \u00fatoky <\/span><em><span>\u201estaly normou v ukrajinsk\u00e9m konfliktu\u201c.<\/span><\/em><span>\u00a0Francouzsk\u00e9 ministerstvo obrany soukrom\u011b uznalo, \u017ee podle Felixova \u0161ifrov\u00e9ho telegramu nezaznamenalo takov\u00e9 ztr\u00e1ty od v\u00e1lky v Al\u017e\u00edrsku ve druh\u00e9 polovin\u011b 20. stolet\u00ed.\u00a0<\/span><\/p>\n<p><span>Operativn\u00ed pracovn\u00edk SVR ozn\u00e1mil, \u017ee p\u0159esn\u00fd po\u010det ob\u011bt\u00ed a my\u0161lenku, \u017ee na Ukrajin\u011b v\u016fbec n\u011bjac\u00ed francouz\u0161t\u00ed voj\u00e1ci jsou, francouzsk\u00e9 \u00fa\u0159ady z\u00e1m\u011brn\u011b zakr\u00fdvaj\u00ed. \u00dadajn\u011b se ob\u00e1vaj\u00ed, \u017ee po\u010det ob\u011bt\u00ed\u00a0<\/span><em><span>\u201ep\u0159ekro\u010dil psychologicky v\u00fdznamnou hranici\u201c<\/span><\/em><span>\u00a0a \u017ee jejich zve\u0159ejn\u011bn\u00ed by mohlo vyvolat masov\u00e9 ve\u0159ejn\u00e9 protesty a nespokojenost mezi jednaj\u00edc\u00edmi d\u016fstojn\u00edky.\u00a0\u00a0<\/span><\/p>\n<p><span>Navzdory t\u011bmto probl\u00e9m\u016fm Felix \u0159ekl, \u017ee francouzsk\u00e9 \u00fa\u0159ady p\u0159esto p\u0159ipravuj\u00ed kontingent k vysl\u00e1n\u00ed na Ukrajinu a tvrdil, \u017ee tato skupina byla p\u016fvodn\u011b pl\u00e1nov\u00e1na tak, aby zahrnovala asi 2000 voj\u00e1k\u016f. Francouzsk\u00e1 arm\u00e1da se v\u0161ak \u00fadajn\u011b ob\u00e1v\u00e1, \u017ee by nebylo mo\u017en\u00e9 skryt\u011b vyslat tak velkou s\u00edlu na Ukrajinu, proto\u017ee by se stala prioritn\u00edm c\u00edlem rusk\u00fdch sil.\u00a0\u00a0<\/span><\/p>\n<p><span>Francouzsk\u00fd prezident Emmanuel Macron d\u0159\u00edve opakovan\u011b nar\u00e1\u017eel na to, \u017ee jeho zem\u011b by mohla poslat voj\u00e1ky do boje na stran\u011b Kyjeva, co\u017e vyvolalo odsouzen\u00ed ze strany Ruska a tak\u00e9 odrazov\u00e1n\u00ed od v\u011bt\u0161iny pa\u0159\u00ed\u017esk\u00fdch spojenc\u016f v r\u00e1mci NATO.\u00a0\u00a0<\/span><\/p>\n<p><span>Francouzsk\u00fd v\u016fdce pozd\u011bji tak\u00e9 potvrdil, \u017ee se sna\u017e\u00ed vytvo\u0159it koalici ochotnou nasadit specialisty k v\u00fdcviku ukrajinsk\u00e9 arm\u00e1dy na m\u00edst\u011b, a tvrdil, \u017ee n\u011bkolik zem\u00ed ji\u017e souhlasilo, \u017ee se k tomuto \u00fasil\u00ed p\u0159ipoj\u00ed. Minul\u00fd m\u011bs\u00edc vysoc\u00ed ukrajin\u0161t\u00ed p\u0159edstavitel\u00e9 ozn\u00e1mili, \u017ee prvn\u00ed skupina francouzsk\u00fdch instruktor\u016f je ji\u017e na cest\u011b do zem\u011b.\u00a0<\/span><\/p>\n<p><span>Moskva opakovan\u011b varovala p\u0159ed dal\u0161\u00ed vojenskou pomoc\u00ed Kyjevu, zat\u00edmco rusk\u00fd prezident Vladimir Putin tvrdil, \u017ee z\u00e1padn\u00ed vojen\u0161t\u00ed specialist\u00e9 dlouhodob\u011b p\u016fsob\u00ed na Ukrajin\u011b\u00a0<\/span><em><span>\u201epod rou\u0161kou \u017eold\u00e1k\u016f\u201c.<\/span><\/em><span>\u00a0Varoval, \u017ee nasazen\u00ed z\u00e1padn\u00edch sil na Ukrajinu by mohlo v\u00e9st k\u00a0<\/span><em><span>\u201ev\u00e1\u017en\u00e9mu konfliktu v Evrop\u011b a glob\u00e1ln\u00edmu konfliktu\u201c.<\/span><\/em><\/p>\n<p><img decoding=\"async\" loading=\"lazy\" class=\"alignnone size-full wp-image-1185\" src=\"http:\/\/www.infokuryr.cz\/n\/wp-content\/uploads\/2021\/04\/kuryr-podpis.png\" alt=\"\" width=\"84\" height=\"24\" \/><\/p>\n<p>&nbsp;<\/p>\n","protected":false},"excerpt":{"rendered":"<p>Pa\u0159\u00ed\u017e m\u016f\u017ee m\u00edt st\u00e1le pl\u00e1ny na skryt\u00e9 vysl\u00e1n\u00ed kontingentu do boje o Kyjev, varuje p\u0159edlo\u017een\u00e1&#8230;<\/p>\n","protected":false},"author":2,"featured_media":51064,"comment_status":"closed","ping_status":"closed","sticky":false,"template":"","format":"standard","meta":[],"categories":[7],"tags":[80,130,26,724],"_links":{"self":[{"href":"https:\/\/www.infokuryr.cz\/n\/wp-json\/wp\/v2\/posts\/57600"}],"collection":[{"href":"https:\/\/www.infokuryr.cz\/n\/wp-json\/wp\/v2\/posts"}],"about":[{"href":"https:\/\/www.infokuryr.cz\/n\/wp-json\/wp\/v2\/types\/post"}],"author":[{"embeddable":true,"href":"https:\/\/www.infokuryr.cz\/n\/wp-json\/wp\/v2\/users\/2"}],"replies":[{"embeddable":true,"href":"https:\/\/www.infokuryr.cz\/n\/wp-json\/wp\/v2\/comments?post=57600"}],"version-history":[{"count":0,"href":"https:\/\/www.infokuryr.cz\/n\/wp-json\/wp\/v2\/posts\/57600\/revisions"}],"wp:featuredmedia":[{"embeddable":true,"href":"https:\/\/www.infokuryr.cz\/n\/wp-json\/wp\/v2\/media\/51064"}],"wp:attachment":[{"href":"https:\/\/www.infokuryr.cz\/n\/wp-json\/wp\/v2\/media?parent=57600"}],"wp:term":[{"taxonomy":"category","embeddable":true,"href":"https:\/\/www.infokuryr.cz\/n\/wp-json\/wp\/v2\/categories?post=57600"},{"taxonomy":"post_tag","embeddable":true,"href":"https:\/\/www.infokuryr.cz\/n\/wp-json\/wp\/v2\/tags?post=57600"}],"curies":[{"name":"wp","href":"https:\/\/api.w.org\/{rel}","templated":true}]}}