{"id":5760,"date":"2021-10-29T06:50:08","date_gmt":"2021-10-29T04:50:08","guid":{"rendered":"http:\/\/www.infokuryr.cz\/n\/?p=5760"},"modified":"2021-10-29T06:50:08","modified_gmt":"2021-10-29T04:50:08","slug":"lukasenko-dal-nemeckym-politikum-svobodu-mluvit-o-imigrantech-co-si-mysli","status":"publish","type":"post","link":"https:\/\/www.infokuryr.cz\/n\/2021\/10\/29\/lukasenko-dal-nemeckym-politikum-svobodu-mluvit-o-imigrantech-co-si-mysli\/","title":{"rendered":"Luka\u0161enko dal n\u011bmeck\u00fdm politik\u016fm svobodu mluvit o imigrantech co si mysl\u00ed"},"content":{"rendered":"<div id=\"fb-root\"><\/div>\n<p>Kdo sledujete n\u011bmeck\u00e1 m\u00e9dia nebo jste p\u0159\u00edmo v N\u011bmecku byli, dob\u0159e v\u00edte, jak\u00e9 doposud imigranti, pardon, uprchl\u00edci, byli tabu, a \u017ee i \u0159adov\u00ed N\u011bmci si na ve\u0159ejnosti d\u00e1vali pozor na pusu. To se zm\u011bnilo s imigranty p\u0159ich\u00e1zej\u00edc\u00edmi z B\u011bloruska. Imigranti jsou to sice stejn\u00ed, ale nyn\u00ed po Erdoganovi, jim uprostra\u0148uje cestu do Evropy b\u011blorusk\u00fd prezident Luka\u0161enko.<\/p>\n<p>A to z\u00e1sadn\u011b m\u011bn\u00ed hru s uprchl\u00edky v N\u011bmecku. Jsou &#8222;hybridn\u00ed zbra\u0148&#8220; Luka\u0161enka, pro n\u011bkter\u00e9 zan\u00edcen\u00e9 politiky zbran\u00ed i Putina, a tak tit\u00ed\u017e uprchl\u00edci pokud p\u0159ich\u00e1zej\u00ed z B\u011bloruska jsou problemati\u010dt\u00ed imigranti, kter\u00fdm je t\u0159eba \u010delit.<\/p>\n<p>Luka\u0161enko tak dal nyn\u00ed n\u011bmeck\u00fdm politik\u016fm svobodu a platformu &#8222;leg\u00e1ln\u011b&#8220; \u0159\u00edkat o imigrantech, co si mysl\u00ed u\u017e d\u00e1vno.<\/p>\n<p><a href=\"https:\/\/www.faz.net\/aktuell\/politik\/ausland\/michael-stuebgen-moskau-steckt-hinter-fluechtlingswelle-aus-belarus-17605516.html\">ZDROJ<\/a><\/p>\n<p>&nbsp;<\/p>\n","protected":false},"excerpt":{"rendered":"<p>Kdo sledujete n\u011bmeck\u00e1 m\u00e9dia nebo jste p\u0159\u00edmo v N\u011bmecku byli, dob\u0159e v\u00edte, jak\u00e9 doposud imigranti,&#8230;<\/p>\n","protected":false},"author":2,"featured_media":3736,"comment_status":"closed","ping_status":"closed","sticky":false,"template":"","format":"standard","meta":[],"categories":[7],"tags":[119,149,84,73],"_links":{"self":[{"href":"https:\/\/www.infokuryr.cz\/n\/wp-json\/wp\/v2\/posts\/5760"}],"collection":[{"href":"https:\/\/www.infokuryr.cz\/n\/wp-json\/wp\/v2\/posts"}],"about":[{"href":"https:\/\/www.infokuryr.cz\/n\/wp-json\/wp\/v2\/types\/post"}],"author":[{"embeddable":true,"href":"https:\/\/www.infokuryr.cz\/n\/wp-json\/wp\/v2\/users\/2"}],"replies":[{"embeddable":true,"href":"https:\/\/www.infokuryr.cz\/n\/wp-json\/wp\/v2\/comments?post=5760"}],"version-history":[{"count":0,"href":"https:\/\/www.infokuryr.cz\/n\/wp-json\/wp\/v2\/posts\/5760\/revisions"}],"wp:featuredmedia":[{"embeddable":true,"href":"https:\/\/www.infokuryr.cz\/n\/wp-json\/wp\/v2\/media\/3736"}],"wp:attachment":[{"href":"https:\/\/www.infokuryr.cz\/n\/wp-json\/wp\/v2\/media?parent=5760"}],"wp:term":[{"taxonomy":"category","embeddable":true,"href":"https:\/\/www.infokuryr.cz\/n\/wp-json\/wp\/v2\/categories?post=5760"},{"taxonomy":"post_tag","embeddable":true,"href":"https:\/\/www.infokuryr.cz\/n\/wp-json\/wp\/v2\/tags?post=5760"}],"curies":[{"name":"wp","href":"https:\/\/api.w.org\/{rel}","templated":true}]}}