{"id":57599,"date":"2024-07-12T00:48:14","date_gmt":"2024-07-11T22:48:14","guid":{"rendered":"https:\/\/www.infokuryr.cz\/n\/?p=57599"},"modified":"2024-07-11T16:35:32","modified_gmt":"2024-07-11T14:35:32","slug":"izrael-zamerne-znicil-vsechny-nemocnice-v-gaze-se-souhlasem-a-podporou-usa","status":"publish","type":"post","link":"https:\/\/www.infokuryr.cz\/n\/2024\/07\/12\/izrael-zamerne-znicil-vsechny-nemocnice-v-gaze-se-souhlasem-a-podporou-usa\/","title":{"rendered":"Izrael z\u00e1m\u011brn\u011b zni\u010dil v\u0161echny nemocnice v Gaze se souhlasem a podporou USA"},"content":{"rendered":"<div id=\"fb-root\"><\/div>\n<p><span style=\"font-size: 18pt;\"><strong>V enkl\u00e1v\u011b nez\u016fstalo jedin\u00e9 funk\u010dn\u00ed zdravotnick\u00e9 za\u0159\u00edzen\u00ed, zat\u00edmco p\u0159\u00edm\u00fd a nep\u0159\u00edm\u00fd po\u010det mrtv\u00fdch by se mohl bl\u00ed\u017eit 200 000<\/strong><\/span><\/p>\n<p><span>Zat\u00edmco se vl\u00e1da Spojen\u00fdch st\u00e1t\u016f pokou\u0161\u00ed pou\u010dit sv\u011bt o sv\u00e9m \u00fadajn\u00e9m\u00a0<\/span><em><span>\u201e\u0159\u00e1du zalo\u017een\u00e9m na pravidlech\u201c,<\/span><\/em><span>\u00a0pom\u00e1h\u00e1, vyzbrojuje a poskytuje diplomatick\u00e9 kryt\u00ed bezprecedentn\u00edmu \u00fatoku Izraele na ji\u017e zhroucen\u00fd zdravotn\u00ed syst\u00e9m v Gaze. Ve skute\u010dnosti izraelsk\u00e9 \u00fatoky, od\u016fvodn\u011bn\u00e9 v n\u011bkter\u00fdch p\u0159\u00edpadech Washingtonem, vedly k tomu, \u017ee \u00fazem\u00ed z\u016fstalo bez jedin\u00e9 funk\u010dn\u00ed nemocnice.<\/span><\/p>\n<p><span>Jen dva m\u011bs\u00edce po v\u00e1lce v Gaze nez\u016fstala na severu \u00fazem\u00ed \u017e\u00e1dn\u00e1 funk\u010dn\u00ed\u00a0<\/span><a href=\"https:\/\/abcnews.go.com\/International\/functional-hospitals-northern-gaza-9-left-south\/story?id=105867484\" target=\"_blank\" rel=\"noopener noreferrer\"><span>nemocnice<\/span><\/a><span>\u00a0. O m\u011bs\u00edc pozd\u011bji bylo v ji\u017en\u00ed Gaze\u00a0<\/span><a href=\"https:\/\/www.who.int\/news\/item\/24-01-2024-who-and-partners-bring-fuel-to-al-shifa--as-remaining-hospitals-in-gaza-face-growing-threats#:~:text=In%20southern%20Gaza%2C%20which%20used,minimally%20functional%20and%20now%20inaccessible.\" target=\"_blank\" rel=\"noopener noreferrer\"><span>pouze sedm z 12 nemocnic<\/span><\/a><span>\u00a0, kter\u00e9 z\u016fstaly \u010d\u00e1ste\u010dn\u011b funk\u010dn\u00ed. Dnes v cel\u00e9 Gaze nen\u00ed jedin\u00e1 funguj\u00edc\u00ed nemocnice a n\u011bkte\u0159\u00ed zdravotn\u00edci se st\u00e1le sna\u017e\u00ed vyu\u017e\u00edvat za\u0159\u00edzen\u00ed, kter\u00e1 nebyla zni\u010dena bombardov\u00e1n\u00edm, jako \u00fakryt, kde by l\u00e9\u010dili pacienty s omezen\u00fdmi z\u00e1sobami, \u010dasto bezv\u00fdsledn\u011b.<\/span><\/p>\n<p><span>Po pouh\u00fdch p\u011bti m\u011bs\u00edc\u00edch nyn\u00ed dev\u011bt m\u011bs\u00edc\u016f trvaj\u00edc\u00ed v\u00e1lky\u00a0bylo na okupovan\u00fdch palestinsk\u00fdch \u00fazem\u00edch zaznamen\u00e1no\u00a0\u00a0<\/span><a href=\"https:\/\/reliefweb.int\/report\/occupied-palestinian-territory\/disturbing-trend-over-1000-attacks-health-care-opt-07-october-2023\" target=\"_blank\" rel=\"noopener noreferrer\"><span>v\u00edce ne\u017e 1 013 izraelsk\u00fdch \u00fatok\u016f na zdravotnick\u00e1 za\u0159\u00edzen\u00ed, co\u017e p\u0159ekonalo rekordy OSN.<\/span><\/a><\/p>\n<p><span>\u00a0Izrael od za\u010d\u00e1tku v\u00e1lky\u00a0zabil v Gaze\u00a0<\/span><a href=\"https:\/\/reliefweb.int\/report\/occupied-palestinian-territory\/500-healthcare-workers-killed-during-israels-military-assault-gaza#:~:text=This%20equates%20to%20an%20average,in%202021%20and%202022%20combined.\" target=\"_blank\" rel=\"noopener noreferrer\"><span>v\u00edce ne\u017e 500 palestinsk\u00fdch zdravotn\u00edk\u016f<\/span><\/a><span>\u00a0. Abychom to uvedli na pravou m\u00edru,\u00a0<\/span><a href=\"https:\/\/phr.org\/our-work\/resources\/medical-personnel-are-targeted-in-syria\/\" target=\"_blank\" rel=\"noopener noreferrer\"><span>mezi lety 2011 a 2024<\/span><\/a><span>\u00a0bylo b\u011bhem syrsk\u00e9 v\u00e1lky \u00fadajn\u011b zabito celkem 949 l\u00e9ka\u0159sk\u00fdch profesion\u00e1l\u016f, p\u0159i\u010dem\u017e nejhor\u0161\u00ed rok v historii zaznamenal smrt t\u00e9m\u011b\u0159 200, podle Physicians for Human Rights. To znamen\u00e1, \u017ee zdravotni\u010dt\u00ed pracovn\u00edci jsou v Gaze zab\u00edjeni rychlost\u00ed p\u0159ibli\u017en\u011b dev\u011btkr\u00e1t vy\u0161\u0161\u00ed, ne\u017e je ro\u010dn\u00ed pr\u016fm\u011br b\u011bhem v\u00e1lky v S\u00fdrii. Podle OSN\u00a0<\/span><em><span>bylo \u201ev Gaze od \u0159\u00edjna zabito v\u00edce zdravotnick\u00fdch pracovn\u00edk\u016f, ne\u017e bylo hl\u00e1\u0161eno zabit\u00ed ve v\u0161ech glob\u00e1ln\u00edch konfliktech v letech 2021 a 2022 dohromady\u201c.<\/span><\/em><\/p>\n<p><span>U t\u011bch l\u00e9ka\u0159sk\u00fdch profesion\u00e1l\u016f, kte\u0159\u00ed z\u016fst\u00e1vaj\u00ed, L\u00e9ka\u0159i bez hranic ohl\u00e1sili\u00a0<\/span><a href=\"https:\/\/www.doctorswithoutborders.ca\/enduring-the-unthinkable-gazas-healthcare-workers-grapple-with-the-mental-health-impact-of-an-unyielding-war\/\" target=\"_blank\" rel=\"noopener noreferrer\"><span>velkou krizi du\u0161evn\u00edho zdrav\u00ed<\/span><\/a><span>\u00a0, p\u0159i\u010dem\u017e n\u011bkte\u0159\u00ed l\u00e9ka\u0159i byli nuceni volit mezi l\u00e9\u010dbou sv\u00fdch rodinn\u00fdch p\u0159\u00edslu\u0161n\u00edk\u016f a ostatn\u00edch pacient\u016f. V jednom d\u011bsiv\u00e9m p\u0159\u00edpad\u011b byl palestinsk\u00fd l\u00e9ka\u0159 Hani Bseiso\u00a0<\/span><a href=\"https:\/\/www.reuters.com\/world\/middle-east\/gaza-doctor-amputates-nieces-leg-home-without-anaesthesia-2024-01-19\/#:~:text=GAZA%2C%20Jan%2019%20(Reuters),risk%20her%20bleeding%20to%20death.\" target=\"_blank\" rel=\"noopener noreferrer\"><span>donucen<\/span><\/a><span>\u00a0\u00a0amputovat spodn\u00ed \u010d\u00e1st nohy sv\u00e9 dosp\u00edvaj\u00edc\u00ed dce\u0159i na kuchy\u0148sk\u00e9m stole bez anestetika as pou\u017eit\u00edm o n\u011bco v\u00edce ne\u017e n\u016f\u017eek a g\u00e1zy. Jako z\u00e1zrakem p\u0159e\u017eila. Dal\u0161\u00ed palestinsk\u00fd l\u00e9ka\u0159 takov\u00e9 \u0161t\u011bst\u00ed nem\u011bl, proto\u017ee byl nucen\u00a0<\/span><a href=\"https:\/\/www.youtube.com\/watch?v=cRJJZUFauts\" target=\"_blank\" rel=\"noopener noreferrer\"><span>sledovat, jak<\/span><\/a><span>\u00a0\u00a0jeho syn pomalu um\u00edr\u00e1, zat\u00edmco mu amputoval nohu bez anestetika.<\/span><\/p>\n<p><span>Snad nejv\u00edce znepokojuj\u00edc\u00ed skute\u010dnost\u00ed v\u0161ak je, \u017ee nemocnice byly otev\u0159en\u011b prohl\u00e1\u0161eny za prim\u00e1rn\u00ed c\u00edl pozemn\u00ed ofenzivy izraelsk\u00e9 arm\u00e1dy. V listopadu Izrael\u00a0<\/span><a href=\"https:\/\/www.washingtonpost.com\/world\/2023\/11\/15\/israel-gaza-al-shifa-hospital-raid-case\/\" target=\"_blank\" rel=\"noopener noreferrer\"><span>postavil p\u0159\u00edpad invaze do nemocnice Al-Shifa ve m\u011bst\u011b Gaza<\/span><\/a><span>\u00a0, nejv\u011bt\u0161\u00edho l\u00e9ka\u0159sk\u00e9ho komplexu v oble\u017een\u00e9 pob\u0159e\u017en\u00ed enkl\u00e1v\u011b. Izraelsk\u00e1 arm\u00e1da zve\u0159ejnila CGI video zachycuj\u00edc\u00ed v\u00edcevrstv\u00fd tunelov\u00fd syst\u00e9m pod l\u00e9ka\u0159sk\u00fdm komplexem Al-Shifa a tvrdila, \u017ee to bylo hlavn\u00ed velitelstv\u00ed Hamasu. Americk\u00e1 vl\u00e1da pot\u00e9 podpo\u0159ila izraelsk\u00e1\u00a0<\/span><a href=\"https:\/\/www.bbc.com\/news\/world-middle-east-67414091\" target=\"_blank\" rel=\"noopener noreferrer\"><span>tvrzen\u00ed<\/span><\/a><span>\u00a0\u00a0, \u017ee nemocnice byla vyu\u017e\u00edv\u00e1na jako velitelstv\u00ed, proto\u017ee na civilisty na n\u00e1dvo\u0159\u00ed komplexu opakovan\u011b pr\u0161ely n\u00e1lety.<\/span><\/p>\n<p><span>Pot\u00e9, co izraelsk\u00e1 arm\u00e1da n\u00e1siln\u011b vtrhla do nemocnice a zabila p\u0159itom des\u00edtky civilist\u016f, anal\u00fdza zve\u0159ejn\u011bn\u00e1 Washington Post nena\u0161la\u00a0<\/span><em><span>\u201e\u00a0<\/span><a href=\"https:\/\/www.rollingstone.com\/politics\/politics-news\/israeli-hamas-command-center-al-shifa-hospital-falls-report-1234934784\/\" target=\"_blank\" rel=\"noopener noreferrer\"><span>\u017e\u00e1dn\u00fd bezprost\u0159edn\u00ed d\u016fkaz<\/span><\/a><span>\u00a0\u201c<\/span><\/em><span>\u00a0, \u017ee pod nemocnic\u00ed Hamas pou\u017e\u00edval tunelov\u00fd komplex. Navzdory tomu, \u017ee americko-izraelsk\u00e1 tvrzen\u00ed byla vyvr\u00e1cena, Washington se ani neomluvil, kdy\u017e se Izrael p\u0159\u00ed\u0161t\u00ed m\u011bs\u00edc p\u0159esunul k invazi do m\u011bsta Khan Younis s tvrzen\u00edm, \u017ee je to\u00a0<\/span><em><span>\u201e\u00a0<\/span><a href=\"https:\/\/www.jpost.com\/israel-news\/article-773923\" target=\"_blank\" rel=\"noopener noreferrer\"><span>skute\u010dn\u00e9 s\u00eddlo Hamasu.<\/span><\/a><span>\u00a0J\u00e1drem<\/span><\/em><span>\u00a0izraelsk\u00e9 invaze Khan Younis byl c\u00edl p\u0159evzet\u00ed druh\u00e9ho nejv\u011bt\u0161\u00edho l\u00e9ka\u0159sk\u00e9ho komplexu v Gaze, nemocnice Nasser.<\/span><\/p>\n<p><span>Izrael pot\u00e9 n\u011bkolikr\u00e1t znovu napadl jak nemocnici Nasser, tak nemocnici Al-Shifa, co\u017e by nakonec vy\u0159adilo z provozu a nechalo za sebou masov\u00e9 hroby obsahuj\u00edc\u00ed v\u00edce ne\u017e 300 hrub\u011b poh\u0159ben\u00fdch t\u011bl na obou m\u00edstech. Celkov\u00fd po\u010det mrtv\u00fdch, zran\u011bn\u00fdch a poh\u0159e\u0161ovan\u00fdch po posledn\u00ed reinvazi do nemocnice Al-Shifa byl hl\u00e1\u0161en\u00a0<\/span><a href=\"https:\/\/reliefweb.int\/report\/occupied-palestinian-territory\/al-shifa-medical-complex-witnesses-one-largest-massacres-palestinian-history-enar\" target=\"_blank\" rel=\"noopener noreferrer\"><span>p\u0159es 1500<\/span><\/a><span>\u00a0,\u00a0<\/span><a href=\"https:\/\/www.nna-leb.gov.lb\/ar\/regional\/686449\/%D8%A7%D9%86%D8%AA%D8%B4%D8%A7%D9%84-%D8%AC%D8%AB%D8%A7%D9%85%D9%8A%D9%86-409-%D8%B4%D9%87%D8%AF%D8%A7%D8%A1-%D9%85%D9%86-%D8%A7%D9%84%D8%B4%D9%81%D8%A7%D8%A1-%D9%88%D8%AE%D8%A7%D9%86-%D9%8A%D9%88%D9%86%D8%B3\" target=\"_blank\" rel=\"noopener noreferrer\"><span>z nich\u017e asi 409 bylo zabito<\/span><\/a><span>\u00a0. Celkem bylo v\u0161ech 36 nemocnic v Gaze bu\u010f zcela nebo \u010d\u00e1ste\u010dn\u011b zni\u010deno p\u0159i bombov\u00fdch \u00fatoc\u00edch, nebo nejsou schopny fungovat jako b\u011b\u017en\u00e9 nemocnice kv\u016fli nedostatku paliva, z\u00e1sob, hygieny a po\u0161kozen\u00ed vybaven\u00ed nebo za\u0159\u00edzen\u00ed.\u00a0<\/span><\/p>\n<p><span>Je\u0161t\u011b v lednu Organizace spojen\u00fdch n\u00e1rod\u016f prohl\u00e1sila,\u00a0<\/span><a href=\"https:\/\/news.un.org\/en\/story\/2024\/01\/1145632\" target=\"_blank\" rel=\"noopener noreferrer\"><span>\u017ee<\/span><\/a><span>\u00a0zdravotn\u00ed syst\u00e9m v Gaze se hrout\u00ed. U\u017e jsme d\u00e1vno za t\u00edmto bodem. V kv\u011btnu L\u00e9ka\u0159i bez hranic ozn\u00e1mili, \u017ee zdravotnick\u00fd syst\u00e9m v Gaze byl\u00a0<\/span><em><span>\u201e\u00a0<\/span><a href=\"https:\/\/www.doctorswithoutborders.ca\/strikes-raids-and-incursions-seven-months-of-relentless-attacks-on-healthcare-in-palestine\/#:~:text=%C2%A9%20Mohammed%20Baba-,Strikes%2C%20raids%20and%20incursions%3A%20Seven%20months%20of%20relentless,attacks%20on%20healthcare%20in%20Palestine&amp;text=In%20the%20last%20seven%20months,health%20workers%20have%20been%20killed.\" target=\"_blank\" rel=\"noopener noreferrer\"><span>systematicky demontov\u00e1n<\/span><\/a><span>\u00a0\u201c<\/span><\/em><span>\u00a0Izraelem. \u010dervence experti OSN prohl\u00e1sili, \u017ee\u00a0<\/span><a href=\"https:\/\/www.ohchr.org\/en\/press-releases\/2024\/07\/un-experts-declare-famine-has-spread-throughout-gaza-strip\" target=\"_blank\" rel=\"noopener noreferrer\"><span>se v p\u00e1smu Gazy roz\u0161\u00ed\u0159il hladomor<\/span><\/a><span>\u00a0, a tvrdili, \u017ee\u00a0<\/span><em><span>\u201e\u00famysln\u00e1 a c\u00edlen\u00e1 izraelsk\u00e1 kampa\u0148 zam\u011b\u0159en\u00e1 na hladov\u011bn\u00ed proti palestinsk\u00e9mu lidu je formou genocidn\u00edho n\u00e1sil\u00ed a vy\u00fastila v hladomor v cel\u00e9 Gaze\u201c.<\/span><\/em><\/p>\n<p><span>Experti to tak\u00e9 p\u0159ipisovali kolapsu zdravotnick\u00e9ho syst\u00e9mu a uvedli, \u017ee \u00famrt\u00ed d\u011bt\u00ed\u00a0<\/span><em><span>\u201ena podv\u00fd\u017eivu a dehydrataci ukazuje, \u017ee zdravotn\u00ed a soci\u00e1ln\u00ed struktury byly napadeny a jsou kriticky oslabeny\u201c.<\/span><\/em><\/p>\n<p><span>Je\u0161t\u011b znepokojiv\u011bj\u0161\u00ed byla ned\u00e1vn\u00e1 studie proveden\u00e1 pro l\u00e9ka\u0159sk\u00fd \u010dasopis Lancet, kter\u00e1 dosp\u011bla k z\u00e1v\u011bru, \u017ee skute\u010dn\u00fd po\u010det ob\u011bt\u00ed v Gaze, v\u010detn\u011b nep\u0159\u00edm\u00fdch \u00famrt\u00ed, by mohl b\u00fdt pravd\u011bpodobn\u011b\u00a0<\/span><a href=\"https:\/\/www.aljazeera.com\/news\/2024\/7\/8\/gaza-toll-could-exceed-186000-lancet-study-says\" target=\"_blank\" rel=\"noopener noreferrer\"><span>kolem 186 000<\/span><\/a><span>\u00a0. Pokud je tento konzervativn\u00ed odhad pravdiv\u00fd, znamenalo by to, \u017ee izraelsk\u00e1 v\u00e1lka na oble\u017een\u00e9m \u00fazem\u00ed vyhladila asi 8 % ve\u0161ker\u00e9ho civiln\u00edho obyvatelstva.\u00a0<\/span><\/p>\n<p><span>Po\u010det ob\u011bt\u00ed ministerstva zdravotnictv\u00ed v Gaze je v sou\u010dasn\u00e9 dob\u011b zhruba 38 300, p\u0159i\u010dem\u017e kolem 88 300 je hl\u00e1\u0161eno zran\u011bn\u00fdch a v\u00edce ne\u017e 10 000 se poh\u0159e\u0161uje pod troskami. Nyn\u00ed, kdy\u017e se zdravotn\u00ed sektor zhroutil, v\u00e1\u017en\u011b to omezilo schopnost zdravotn\u00edk\u016f v Gaze vypo\u010d\u00edtat po\u010det \u00famrt\u00ed ka\u017ed\u00fd den, proto\u017ee neexistuj\u00ed \u017e\u00e1dn\u00e9 zp\u016fsoby, jak z\u00edskat ostatky mnoha lid\u00ed, kte\u0159\u00ed jsou \u010dasto nalezeni roztrou\u0161eni po ulic\u00edch.\u00a0<\/span><\/p>\n<p><span>Skute\u010dn\u00fd po\u010det zran\u011bn\u00ed je je\u0161t\u011b obt\u00ed\u017en\u011bj\u0161\u00ed zjistit, proto\u017ee v\u011bt\u0161ina lid\u00ed nem\u00e1 p\u0159\u00edstup k \u0159\u00e1dn\u00e9 l\u00e9\u010db\u011b a neobt\u011b\u017euje se registrovat sv\u00e1 zran\u011bn\u00ed u zdravotnick\u00fdch pracovn\u00edk\u016f, kte\u0159\u00ed jsou ji\u017e zat\u00ed\u017eeni nep\u0159edstaviteln\u00fdm po\u010dtem v\u00e1\u017en\u00fdch a kritick\u00fdch p\u0159\u00edpad\u016f. Krom\u011b toho se roz\u0161\u00ed\u0159ilo\u00a0<\/span><a href=\"https:\/\/truthout.org\/articles\/there-are-1-million-cases-of-infectious-disease-in-gaza-health-ministry-says\/\" target=\"_blank\" rel=\"noopener noreferrer\"><span>v\u00edce ne\u017e 1 milion p\u0159\u00edpad\u016f infek\u010dn\u00edch nemoc\u00ed<\/span><\/a><span>\u00a0, kter\u00e9 postihly zhruba polovinu obyvatel cel\u00e9ho \u00fazem\u00ed. Kv\u016fli demont\u00e1\u017ei zdravotn\u00edch a hygienick\u00fdch syst\u00e9m\u016f v Gaze jsou nyn\u00ed i z\u00e1kladn\u00ed nemoci potenci\u00e1ln\u011b smrteln\u00e9. S\u00a0<\/span><a href=\"https:\/\/apnews.com\/article\/israel-hamas-war-gaza-dirt-sanitation-sewage-garbage-d96fbbbc37e7a73acfd0aa47978394c7\" target=\"_blank\" rel=\"noopener noreferrer\"><span>500 000 p\u0159\u00edpady pr\u016fjmu<\/span><\/a><span>\u00a0a n\u00e1vratem nemoc\u00ed, kter\u00e9 nebyly v posledn\u00ed dob\u011b v enkl\u00e1v\u011b pozorov\u00e1ny, OSN varovala, \u017ee 1,1 milionu d\u011bt\u00ed m\u016f\u017ee b\u00fdt ohro\u017eeno smrt\u00ed v d\u016fsledku \u0161\u00ed\u0159en\u00ed nemoc\u00ed.\u00a0<\/span><\/p>\n<p><span>Bezprecedentn\u00ed je podcen\u011bn\u00ed a vysv\u011btlov\u00e1n\u00ed toho, co se d\u011bje lidem v Gaze kv\u016fli systematick\u00e9mu zam\u011b\u0159ov\u00e1n\u00ed Izraele na nemocnice a zdravotnick\u00e9 pracovn\u00edky, odporuje angli\u010dtin\u011b. P\u0159esto americk\u00e1 vl\u00e1da nad\u00e1le dod\u00e1v\u00e1 Izraeli v\u0161echny zbran\u011b, o kter\u00e9 usiluje, a chr\u00e1n\u00ed jeho akce p\u0159ed \u0161okovan\u00fdm mezin\u00e1rodn\u00edm spole\u010denstv\u00edm. Washington zn\u00e1 v\u0161echny podrobnosti uveden\u00e9 v\u00fd\u0161e a dal\u0161\u00ed, ale nad\u00e1le pom\u00e1h\u00e1 a podporuje hororov\u00fd p\u0159\u00edb\u011bh, kter\u00fd se odehr\u00e1v\u00e1 v p\u00e1smu Gazy.<\/span><\/p>\n<p><em><strong>Autor: Robert Inlakesh<\/strong> je politick\u00fd analytik, novin\u00e1\u0159 a dokumentarista, kter\u00fd v sou\u010dasnosti p\u016fsob\u00ed v Lond\u00fdn\u011b ve Velk\u00e9 Brit\u00e1nii. Pod\u00e1val zpr\u00e1vy z palestinsk\u00fdch \u00fazem\u00ed a \u017eil na nich a v sou\u010dasn\u00e9 dob\u011b spolupracuje s Quds News. \u0158editel filmu \u201eKr\u00e1de\u017e stolet\u00ed: Trumpova palestinsko-izraelsk\u00e1 katastrofa\u201c<\/em><\/p>\n<div class=\"Blog-author__cover\"><a href=\"https:\/\/swentr.site\/op-ed\/authors\/robert-inlakesh\/\"><img decoding=\"async\" loading=\"lazy\" class=\"\" src=\"https:\/\/mf.b37mrtl.ru\/files\/2021.03\/original\/6053a5cb85f5400d5c71d75b.jpg\" alt=\"Robert Inlakesh\" width=\"148\" height=\"198\" \/><\/a><\/div>\n<div class=\"Blog-author__text\">\n<p>&nbsp;<\/p>\n<\/div>\n","protected":false},"excerpt":{"rendered":"<p>V enkl\u00e1v\u011b nez\u016fstalo jedin\u00e9 funk\u010dn\u00ed zdravotnick\u00e9 za\u0159\u00edzen\u00ed, zat\u00edmco p\u0159\u00edm\u00fd a nep\u0159\u00edm\u00fd po\u010det mrtv\u00fdch by se&#8230;<\/p>\n","protected":false},"author":2,"featured_media":52270,"comment_status":"closed","ping_status":"closed","sticky":false,"template":"","format":"standard","meta":[],"categories":[7],"tags":[348,178,107,1083,37],"_links":{"self":[{"href":"https:\/\/www.infokuryr.cz\/n\/wp-json\/wp\/v2\/posts\/57599"}],"collection":[{"href":"https:\/\/www.infokuryr.cz\/n\/wp-json\/wp\/v2\/posts"}],"about":[{"href":"https:\/\/www.infokuryr.cz\/n\/wp-json\/wp\/v2\/types\/post"}],"author":[{"embeddable":true,"href":"https:\/\/www.infokuryr.cz\/n\/wp-json\/wp\/v2\/users\/2"}],"replies":[{"embeddable":true,"href":"https:\/\/www.infokuryr.cz\/n\/wp-json\/wp\/v2\/comments?post=57599"}],"version-history":[{"count":0,"href":"https:\/\/www.infokuryr.cz\/n\/wp-json\/wp\/v2\/posts\/57599\/revisions"}],"wp:featuredmedia":[{"embeddable":true,"href":"https:\/\/www.infokuryr.cz\/n\/wp-json\/wp\/v2\/media\/52270"}],"wp:attachment":[{"href":"https:\/\/www.infokuryr.cz\/n\/wp-json\/wp\/v2\/media?parent=57599"}],"wp:term":[{"taxonomy":"category","embeddable":true,"href":"https:\/\/www.infokuryr.cz\/n\/wp-json\/wp\/v2\/categories?post=57599"},{"taxonomy":"post_tag","embeddable":true,"href":"https:\/\/www.infokuryr.cz\/n\/wp-json\/wp\/v2\/tags?post=57599"}],"curies":[{"name":"wp","href":"https:\/\/api.w.org\/{rel}","templated":true}]}}