{"id":57594,"date":"2024-07-12T00:45:02","date_gmt":"2024-07-11T22:45:02","guid":{"rendered":"https:\/\/www.infokuryr.cz\/n\/?p=57594"},"modified":"2024-07-11T16:26:38","modified_gmt":"2024-07-11T14:26:38","slug":"izrael-oznamil-utok-na-mista-syrske-armady-na-golanech","status":"publish","type":"post","link":"https:\/\/www.infokuryr.cz\/n\/2024\/07\/12\/izrael-oznamil-utok-na-mista-syrske-armady-na-golanech\/","title":{"rendered":"Izrael ozn\u00e1mil \u00fatok na m\u00edsta syrsk\u00e9 arm\u00e1dy na Golanech"},"content":{"rendered":"<div id=\"fb-root\"><\/div>\n<p><strong><span>Izraelsk\u00e9 obrann\u00e9 s\u00edly (IDF) 10. \u010dervence ozn\u00e1mily, \u017ee jejich tanky a d\u011blost\u0159electvo ost\u0159elovaly m\u00edsta Syrsk\u00e9 arabsk\u00e9 arm\u00e1dy (SAA) v jihosyrsk\u00e9m guvernor\u00e1tu al-Qunitra, kter\u00e1 poru\u0161ila dohodu o sta\u017een\u00ed.<\/span><\/strong><\/p>\n<p><span>M\u00edsta vybudovan\u00e1 na syrsk\u00fdch Golansk\u00fdch v\u00fd\u0161in\u00e1ch p\u0159edstavuj\u00ed poru\u0161en\u00ed Dohody o sta\u017een\u00ed podepsan\u00e9 v roce 1974 mezi Izraelem a S\u00fdri\u00ed, kter\u00e1 uzav\u0159ela v\u00e1lku z roku 1973, uvedla IDF v prohl\u00e1\u0161en\u00ed.<\/span><\/p>\n<p><em>&#8222;IDF pova\u017euje syrskou arm\u00e1du za odpov\u011bdnou za v\u0161e, co se d\u011bje na jej\u00edm \u00fazem\u00ed, a nedovol\u00ed pokus\u016fm o poru\u0161en\u00ed dohody o sta\u017een\u00ed,&#8220; dodal.<\/em><\/p>\n<p><span>Doty\u010dn\u00e1 dohoda br\u00e1n\u00ed SAA p\u016fsobit v n\u00e1razn\u00edkov\u00e9 z\u00f3n\u011b na syrsk\u00e9 stran\u011b fronty pod dohledem OSN.<\/span><\/p>\n<p><span>Syrsk\u00e1 observato\u0159 pro lidsk\u00e1 pr\u00e1va a dal\u0161\u00ed zpravodajsk\u00e9 zdroje potvrdily, \u017ee IDF ost\u0159elovaly kl\u00ed\u010dov\u00e9 m\u00edsto SAA zn\u00e1m\u00e9 jako Diriyah Regiments na ji\u017en\u00edm venkov\u011b al-Qunitra, p\u0159\u00edmo na front\u011b s Izraelem okupovanou \u010d\u00e1st\u00ed Golan. \u017d\u00e1dn\u00e9 ob\u011bti v\u0161ak hl\u00e1\u0161eny nebyly.<\/span><\/p>\n<p><span>Podle lond\u00fdnsk\u00e9 monitorovac\u00ed skupiny IDF po ost\u0159elov\u00e1n\u00ed shodila nad al-Qunitrou let\u00e1ky, kter\u00e9 varovaly SAA p\u0159ed budov\u00e1n\u00edm jak\u00fdchkoli m\u00edst v n\u00e1razn\u00edkov\u00e9 z\u00f3n\u011b.<\/span><\/p>\n<p><span>Nap\u011bt\u00ed mezi Izraelem a S\u00fdri\u00ed vzrostlo po vypuknut\u00ed v\u00e1lky v palestinsk\u00e9 enkl\u00e1v\u011b P\u00e1sma Gazy loni v \u0159\u00edjnu, kter\u00e1 vedla ke st\u0159et\u016fm mezi IDF a S\u00fdri\u00ed podporovan\u00fdm Hizball\u00e1hem v nihboruj\u00edc\u00edm Libanonu.<\/span><\/p>\n<p><span>IDF v posledn\u00edch dnech zintenzivnily \u00fadery na v\u00e1lkou zni\u010denou zemi. B\u00fdval\u00fd bodyguard gener\u00e1ln\u00edho tajemn\u00edka Hizball\u00e1hu byl zabit p\u0159i \u00faderu, jeho\u017e c\u00edlem bylo jeho vozidlo na mezin\u00e1rodn\u00ed d\u00e1lnici pobl\u00ed\u017e hlavn\u00edho m\u011bsta Dama\u0161ku. Skupina odpov\u011bd\u011bla vyp\u00e1len\u00edm des\u00edtek raket z Libanonu na Golany, p\u0159i\u010dem\u017e zabila dva izraelsk\u00e9 civilisty.<\/span><\/p>\n<p><span>Rusk\u00e9 s\u00edly v S\u00fdrii z\u0159\u00eddily \u0159adu pozorovac\u00edch stanovi\u0161\u0165 pod\u00e9l golansk\u00e9 fronty, aby odradily Izrael po za\u010d\u00e1tku v\u00e1lky v Gaze.<\/span><\/p>\n<p><span>P\u0159esto by IDF mohla d\u00e1le eskalovat proti S\u00fdrii, mo\u017en\u00e1 invaz\u00ed do \u010d\u00e1st\u00ed al-Quneitra jako alternativou k n\u00e1kladn\u00e9 operaci proti Hizball\u00e1hu. Izrael by mohl pou\u017e\u00edt dohodu z roku 1974 k ospravedln\u011bn\u00ed takov\u00e9 invaze, kterou uv\u00edtaj\u00ed jeho hlavn\u00ed spojenci, Spojen\u00e9 st\u00e1ty. Ji\u017e v\u00edce ne\u017e deset let se Washington pokou\u0161\u00ed svrhnout vl\u00e1du Dama\u0161ku.<\/span><\/p>\n<p><img decoding=\"async\" loading=\"lazy\" class=\"alignnone size-full wp-image-1185\" src=\"http:\/\/www.infokuryr.cz\/n\/wp-content\/uploads\/2021\/04\/kuryr-podpis.png\" alt=\"\" width=\"84\" height=\"24\" \/><\/p>\n<p>&nbsp;<\/p>\n","protected":false},"excerpt":{"rendered":"<p>Izraelsk\u00e9 obrann\u00e9 s\u00edly (IDF) 10. \u010dervence ozn\u00e1mily, \u017ee jejich tanky a d\u011blost\u0159electvo ost\u0159elovaly m\u00edsta Syrsk\u00e9&#8230;<\/p>\n","protected":false},"author":2,"featured_media":57595,"comment_status":"closed","ping_status":"closed","sticky":false,"template":"","format":"standard","meta":[],"categories":[7],"tags":[6374,6772,107,147,723],"_links":{"self":[{"href":"https:\/\/www.infokuryr.cz\/n\/wp-json\/wp\/v2\/posts\/57594"}],"collection":[{"href":"https:\/\/www.infokuryr.cz\/n\/wp-json\/wp\/v2\/posts"}],"about":[{"href":"https:\/\/www.infokuryr.cz\/n\/wp-json\/wp\/v2\/types\/post"}],"author":[{"embeddable":true,"href":"https:\/\/www.infokuryr.cz\/n\/wp-json\/wp\/v2\/users\/2"}],"replies":[{"embeddable":true,"href":"https:\/\/www.infokuryr.cz\/n\/wp-json\/wp\/v2\/comments?post=57594"}],"version-history":[{"count":0,"href":"https:\/\/www.infokuryr.cz\/n\/wp-json\/wp\/v2\/posts\/57594\/revisions"}],"wp:featuredmedia":[{"embeddable":true,"href":"https:\/\/www.infokuryr.cz\/n\/wp-json\/wp\/v2\/media\/57595"}],"wp:attachment":[{"href":"https:\/\/www.infokuryr.cz\/n\/wp-json\/wp\/v2\/media?parent=57594"}],"wp:term":[{"taxonomy":"category","embeddable":true,"href":"https:\/\/www.infokuryr.cz\/n\/wp-json\/wp\/v2\/categories?post=57594"},{"taxonomy":"post_tag","embeddable":true,"href":"https:\/\/www.infokuryr.cz\/n\/wp-json\/wp\/v2\/tags?post=57594"}],"curies":[{"name":"wp","href":"https:\/\/api.w.org\/{rel}","templated":true}]}}