{"id":57578,"date":"2024-07-12T00:36:57","date_gmt":"2024-07-11T22:36:57","guid":{"rendered":"https:\/\/www.infokuryr.cz\/n\/?p=57578"},"modified":"2024-07-11T15:35:05","modified_gmt":"2024-07-11T13:35:05","slug":"novinar-vystupuje-v-osn-po-navsteve-ukrajiny-a-prekvapuje-pravdami","status":"publish","type":"post","link":"https:\/\/www.infokuryr.cz\/n\/2024\/07\/12\/novinar-vystupuje-v-osn-po-navsteve-ukrajiny-a-prekvapuje-pravdami\/","title":{"rendered":"Novin\u00e1\u0159 vystupuje v OSN po n\u00e1v\u0161t\u011bv\u011b Ukrajiny a p\u0159ekvapuje pravdami"},"content":{"rendered":"<div id=\"fb-root\"><\/div>\n<p><span>Minul\u00fd t\u00fdden pr\u00e1vn\u00edk Daniel Kovalik, politick\u00fd koment\u00e1tor a novin\u00e1\u0159 Jackson Hinkle a investigativn\u00ed novin\u00e1\u0159 Christopher Helali p\u0159ednesli\u00a0<\/span><a href=\"https:\/\/webtv.un.org\/en\/asset\/k16\/k163tkr87w\" target=\"_blank\" rel=\"noreferrer noopener\" data-type=\"link\" data-id=\"https:\/\/webtv.un.org\/en\/asset\/k16\/k163tkr87w\"><span>v OSN projev<\/span><\/a><span>\u00a0po ned\u00e1vn\u00e9 n\u00e1v\u0161t\u011bv\u011b Donbasu a Moskvy .<\/span><\/p>\n<p><span>To, co Hinkle vid\u011bl b\u011bhem sv\u00e9 sedmidenn\u00ed n\u00e1v\u0161t\u011bvy, bylo \u201ev ostr\u00e9m kontrastu se l\u017eemi \u0161\u00ed\u0159en\u00fdmi mainstreamov\u00fdmi m\u00e9dii a z\u00e1padn\u00ed politickou elitou\u201c.<\/span><\/p>\n<div class=\"twitter-tweet twitter-tweet-rendered\"><iframe id=\"twitter-widget-0\" class=\"\" title=\"X Post\" src=\"https:\/\/platform.twitter.com\/embed\/Tweet.html?dnt=false&amp;embedId=twitter-widget-0&amp;features=eyJ0ZndfdGltZWxpbmVfbGlzdCI6eyJidWNrZXQiOltdLCJ2ZXJzaW9uIjpudWxsfSwidGZ3X2ZvbGxvd2VyX2NvdW50X3N1bnNldCI6eyJidWNrZXQiOnRydWUsInZlcnNpb24iOm51bGx9LCJ0ZndfdHdlZXRfZWRpdF9iYWNrZW5kIjp7ImJ1Y2tldCI6Im9uIiwidmVyc2lvbiI6bnVsbH0sInRmd19yZWZzcmNfc2Vzc2lvbiI6eyJidWNrZXQiOiJvbiIsInZlcnNpb24iOm51bGx9LCJ0ZndfZm9zbnJfc29mdF9pbnRlcnZlbnRpb25zX2VuYWJsZWQiOnsiYnVja2V0Ijoib24iLCJ2ZXJzaW9uIjpudWxsfSwidGZ3X21peGVkX21lZGlhXzE1ODk3Ijp7ImJ1Y2tldCI6InRyZWF0bWVudCIsInZlcnNpb24iOm51bGx9LCJ0ZndfZXhwZXJpbWVudHNfY29va2llX2V4cGlyYXRpb24iOnsiYnVja2V0IjoxMjA5NjAwLCJ2ZXJzaW9uIjpudWxsfSwidGZ3X3Nob3dfYmlyZHdhdGNoX3Bpdm90c19lbmFibGVkIjp7ImJ1Y2tldCI6Im9uIiwidmVyc2lvbiI6bnVsbH0sInRmd19kdXBsaWNhdGVfc2NyaWJlc190b19zZXR0aW5ncyI6eyJidWNrZXQiOiJvbiIsInZlcnNpb24iOm51bGx9LCJ0ZndfdXNlX3Byb2ZpbGVfaW1hZ2Vfc2hhcGVfZW5hYmxlZCI6eyJidWNrZXQiOiJvbiIsInZlcnNpb24iOm51bGx9LCJ0ZndfdmlkZW9faGxzX2R5bmFtaWNfbWFuaWZlc3RzXzE1MDgyIjp7ImJ1Y2tldCI6InRydWVfYml0cmF0ZSIsInZlcnNpb24iOm51bGx9LCJ0ZndfbGVnYWN5X3RpbWVsaW5lX3N1bnNldCI6eyJidWNrZXQiOnRydWUsInZlcnNpb24iOm51bGx9LCJ0ZndfdHdlZXRfZWRpdF9mcm9udGVuZCI6eyJidWNrZXQiOiJvbiIsInZlcnNpb24iOm51bGx9fQ%3D%3D&amp;frame=false&amp;hideCard=false&amp;hideThread=false&amp;id=1808596709502767385&amp;lang=de&amp;origin=https%3A%2F%2Funcutnews.ch%2Fjournalist-spricht-nach-ukraine-besuch-vor-der-un-und-ueberrascht-mit-wahrheiten%2F&amp;sessionId=fb313b965f084bebc202206af4802611531b91b9&amp;theme=light&amp;widgetsVersion=2615f7e52b7e0%3A1702314776716&amp;width=550px\" frameborder=\"0\" scrolling=\"no\" allowfullscreen=\"allowfullscreen\" data-tweet-id=\"1808596709502767385\" data-mce-fragment=\"1\"><\/iframe><\/div>\n<p><span>Hinkle poznamenal, \u017ee Ukrajina si nep\u0159eje ukon\u010den\u00ed konfliktu, ale prosazuje jeho eskalaci. Lid\u00e9 z Donbasu cht\u011bli pat\u0159it k Rusku. Ukrajina pou\u017e\u00edv\u00e1 zbran\u011b dodan\u00e9 Z\u00e1padem k prov\u00e1d\u011bn\u00ed d\u011bsiv\u00fdch teroristick\u00fdch \u00fatok\u016f na Donbasu.<\/span><\/p>\n<p><span>N\u011bco takov\u00e9ho jsem je\u0161t\u011b neza\u017eil<\/span><\/p>\n<p><span>M\u011bsto Mariupol b\u011bhem v\u00e1lky t\u011b\u017ece utrp\u011blo a bylo z velk\u00e9 \u010d\u00e1sti zni\u010deno. B\u011bhem sv\u00e9 n\u00e1v\u0161t\u011bvy m\u011bsta Hinkle napo\u010d\u00edtal kolem 1000 stavebn\u00edch vozidel. &#8222;Nikdy v \u017eivot\u011b jsem nic takov\u00e9ho nevid\u011bl.&#8220;<\/span><\/p>\n<p><span>Ob\u011bti konfliktu dostanou d\u016fm v Mariupolu zdarma. Cel\u00e9 m\u011bstsk\u00e9 \u010d\u00e1sti vznikaj\u00ed mrknut\u00edm oka. Hinkle tak\u00e9 vid\u011bl budovy, v\u010detn\u011b \u0161kolky, zasa\u017een\u00e9 americk\u00fdmi raketami ATACMS. N\u011bkolik civilist\u016f bylo zabito.<\/span><\/p>\n<p><span>Pokud prezident Zelenskij po\u017eaduje v\u00edce zbran\u00ed a raket, mus\u00ed si b\u00fdt v\u011bdom toho, \u017ee budou bombardov\u00e1ni nevinn\u00ed civilist\u00e9, \u0159ekl novin\u00e1\u0159.<\/span><\/p>\n<p><span>Nejv\u00edce \u0161okuj\u00edc\u00ed pro n\u011bj byla n\u00e1v\u0161t\u011bva jadern\u00e9 elektr\u00e1rny v Z\u00e1poro\u017e\u00ed. Pobl\u00ed\u017e elektr\u00e1rny vid\u011bl americkou raketu, nevybuchlou bombu, tr\u010d\u00edc\u00ed ze zem\u011b. Tento neuv\u00e1\u017een\u00fd \u00fatok mohl m\u00edt za n\u00e1sledek katastrofickou jadernou katastrofu, zd\u016fraznil Hinkle.<\/span><\/p>\n<p><img decoding=\"async\" loading=\"lazy\" class=\"alignnone size-full wp-image-1185\" src=\"http:\/\/www.infokuryr.cz\/n\/wp-content\/uploads\/2021\/04\/kuryr-podpis.png\" alt=\"\" width=\"84\" height=\"24\" \/><\/p>\n<p>&nbsp;<\/p>\n","protected":false},"excerpt":{"rendered":"<p>Minul\u00fd t\u00fdden pr\u00e1vn\u00edk Daniel Kovalik, politick\u00fd koment\u00e1tor a novin\u00e1\u0159 Jackson Hinkle a investigativn\u00ed novin\u00e1\u0159 Christopher&#8230;<\/p>\n","protected":false},"author":2,"featured_media":14247,"comment_status":"closed","ping_status":"closed","sticky":false,"template":"","format":"standard","meta":[],"categories":[7],"tags":[1304,186,26],"_links":{"self":[{"href":"https:\/\/www.infokuryr.cz\/n\/wp-json\/wp\/v2\/posts\/57578"}],"collection":[{"href":"https:\/\/www.infokuryr.cz\/n\/wp-json\/wp\/v2\/posts"}],"about":[{"href":"https:\/\/www.infokuryr.cz\/n\/wp-json\/wp\/v2\/types\/post"}],"author":[{"embeddable":true,"href":"https:\/\/www.infokuryr.cz\/n\/wp-json\/wp\/v2\/users\/2"}],"replies":[{"embeddable":true,"href":"https:\/\/www.infokuryr.cz\/n\/wp-json\/wp\/v2\/comments?post=57578"}],"version-history":[{"count":0,"href":"https:\/\/www.infokuryr.cz\/n\/wp-json\/wp\/v2\/posts\/57578\/revisions"}],"wp:featuredmedia":[{"embeddable":true,"href":"https:\/\/www.infokuryr.cz\/n\/wp-json\/wp\/v2\/media\/14247"}],"wp:attachment":[{"href":"https:\/\/www.infokuryr.cz\/n\/wp-json\/wp\/v2\/media?parent=57578"}],"wp:term":[{"taxonomy":"category","embeddable":true,"href":"https:\/\/www.infokuryr.cz\/n\/wp-json\/wp\/v2\/categories?post=57578"},{"taxonomy":"post_tag","embeddable":true,"href":"https:\/\/www.infokuryr.cz\/n\/wp-json\/wp\/v2\/tags?post=57578"}],"curies":[{"name":"wp","href":"https:\/\/api.w.org\/{rel}","templated":true}]}}