{"id":57577,"date":"2024-07-12T00:35:33","date_gmt":"2024-07-11T22:35:33","guid":{"rendered":"https:\/\/www.infokuryr.cz\/n\/?p=57577"},"modified":"2024-07-11T15:32:32","modified_gmt":"2024-07-11T13:32:32","slug":"eutanazie-mezi-lidmi-ockovanymi-na-covid-pribyva","status":"publish","type":"post","link":"https:\/\/www.infokuryr.cz\/n\/2024\/07\/12\/eutanazie-mezi-lidmi-ockovanymi-na-covid-pribyva\/","title":{"rendered":"Eutanazie mezi lidmi o\u010dkovan\u00fdmi na covid p\u0159ib\u00fdv\u00e1"},"content":{"rendered":"<div id=\"fb-root\"><\/div>\n<div class=\"elementor-element elementor-element-1fb4c2c elementor-widget elementor-widget-theme-post-content\" data-id=\"1fb4c2c\" data-element_type=\"widget\" data-widget_type=\"theme-post-content.default\">\n<div class=\"elementor-widget-container\">\n<p><span>Znepokojiv\u00e9 nov\u00e9 \u00fadaje uk\u00e1zaly, \u017ee po\u010det lid\u00ed zabit\u00fdch eutanazi\u00ed mezi o\u010dkovan\u00fdmi proti Covidu prudce stoup\u00e1, proto\u017ee mnoz\u00ed bojuj\u00ed se zran\u011bn\u00edmi zp\u016fsoben\u00fdmi injekcemi mRNA.<\/span><\/p>\n<p><span>Tato zpr\u00e1va p\u0159ich\u00e1z\u00ed uprost\u0159ed rostouc\u00edch obav, \u017ee eutanazie nebo \u201easistovan\u00e1 sebevra\u017eda\u201c se st\u00e1v\u00e1 \u201emainstreamem\u201c, zejm\u00e9na v Kanad\u011b a \u201eprogresivn\u00edch\u201c evropsk\u00fdch zem\u00edch.<\/span><\/p>\n<p><span>V zem\u00edch se socializovan\u00fdmi \u201esyst\u00e9my zdravotn\u00ed p\u00e9\u010de\u201c nyn\u00ed st\u00e1t zab\u00edj\u00ed probl\u00e9mov\u00e9 ob\u010dany.<\/span><\/p>\n<p><span>V\u0161echny zem\u011b, kter\u00e9 nyn\u00ed maj\u00ed liber\u00e1ln\u00ed z\u00e1kony o eutanazii, postupovaly podle podobn\u00e9ho vzoru.<\/span><\/p>\n<p><span>Kdy\u017e byly z\u00e1kony poprv\u00e9 zavedeny, byly nab\u00edzeny jako posledn\u00ed mo\u017enost pro zoufal\u00e9, nevyl\u00e9\u010diteln\u011b nemocn\u00e9 pacienty, co\u017e jim d\u00e1valo \u0161anci vyhnout se pomal\u00e9, bolestiv\u00e9 smrti.<\/span><\/p>\n<p><span>V posledn\u00edch letech se v\u0161ak tyto z\u00e1kony st\u00e1le v\u00edce roz\u0161i\u0159uj\u00ed.<\/span><\/p>\n<p><span>V n\u011bkter\u00fdch zem\u00edch, jako nap\u0159 Nap\u0159\u00edklad v Kanad\u011b jsou nyn\u00ed\u00a0<\/span><a href=\"https:\/\/slaynews.com\/news\/dutch-government-begins-euthanizing-young-healthy-citizens\/\"><span>zdrav\u00ed<\/span><\/a><span>\u00a0ob\u010dan\u00e9,\u00a0<\/span><a href=\"https:\/\/slaynews.com\/news\/insider-blows-whistle-canada-shocking-euthanisia-methods-drowned-death\/\"><span>dosp\u011bl\u00ed<\/span><\/a><span>\u00a0i\u00a0<\/span><a href=\"https:\/\/slaynews.com\/news\/canada-plan-euthanize-infants-gaining-support\/\"><span>d\u011bti<\/span><\/a><span>\u00a0, zab\u00edjeni kv\u016fli \u0159ad\u011b men\u0161\u00edch a l\u00e9\u010diteln\u00fdch probl\u00e9m\u016f, jako je\u00a0<\/span><a href=\"https:\/\/slaynews.com\/news\/canadian-doctors-railroad-woman-euthanasia-help-depression\/\"><span>deprese<\/span><\/a><span>\u00a0,\u00a0<\/span><a href=\"https:\/\/slaynews.com\/news\/canadian-man-euthanized-hearing-loss\/\"><span>ztr\u00e1ta sluchu<\/span><\/a><span>\u00a0a dokonce\u00a0<\/span><a href=\"https:\/\/slaynews.com\/news\/completely-traumatized-canadian-man-raises-alarm-doctors-railroad-euthanasia\/\"><span>chudoba<\/span><\/a><span>\u00a0a\u00a0<\/span><a href=\"https:\/\/slaynews.com\/news\/canada-euthanize-disabled-homeless-woman\/\"><span>bezdomovectv\u00ed<\/span><\/a><span>\u00a0.<\/span><\/p>\n<p><span>L\u00e9ka\u0159i financovan\u00ed da\u0148ov\u00fdmi poplatn\u00edky st\u00e1le v\u00edce tla\u010d\u00ed na to, aby pacienti volili rad\u011bji eutanazii, ne\u017e aby je l\u00e9\u010dili s psychick\u00fdmi probl\u00e9my, jako jsou deprese nebo sebevra\u017eedn\u00e9 my\u0161lenky.<\/span><\/p>\n<p><span>To v\u0161ak vyvol\u00e1v\u00e1 velk\u00e9 obavy, proto\u017ee zna\u010dn\u00fd po\u010det lid\u00ed, kte\u0159\u00ed maj\u00ed sebevra\u017eedn\u00e9 sklony, se nakonec uzdrav\u00ed.<\/span><\/p>\n<p><span>Nicm\u00e9n\u011b ve srovn\u00e1n\u00ed s terapi\u00ed a antidepresivy je eutanazie mnohem levn\u011bj\u0161\u00ed zp\u016fsob \u201el\u00e9\u010dby\u201c pacienta.<\/span><\/p>\n<p><span>A\u010dkoli ka\u017ed\u00fd \u010dlov\u011bk je p\u0159irozen\u011b schopen se zab\u00edt, pokud jsou d\u016fvody pro to tak v\u00e1gn\u00ed jako \u201edeprese\u201c, m\u011bly by b\u00fdt zapojeny vl\u00e1dn\u00ed nebo l\u00e9ka\u0159sk\u00e9 org\u00e1ny.<\/span><\/p>\n<p><span>Druh\u00fdm trendem je, \u017ee se zd\u00e1, \u017ee miliony lid\u00ed utrp\u011bly v d\u016fsledku protiopat\u0159en\u00ed COVID-19 zran\u011bn\u00ed zp\u016fsoben\u00e1 o\u010dkov\u00e1n\u00edm.<\/span><\/p>\n<p><span>V reakci na to vl\u00e1dy zah\u00e1jily eutanazii lid\u00ed\u00a0<\/span><a href=\"https:\/\/slaynews.com\/news\/hospitals-euthanized-patients-boost-covid-deaths-whistleblowers-testify\/\"><span>zran\u011bn\u00fdch<\/span><\/a><span>\u00a0o\u010dkov\u00e1n\u00edm Covid mRNA .<\/span><\/p>\n<p><span>Tito lid\u00e9 byli opakovan\u011b \u201evyhn\u00e1ni\u201c l\u00e9ka\u0159sk\u00fdm za\u0159\u00edzen\u00edm, kter\u00e9 nebude uzn\u00e1vat prevalenci zran\u011bn\u00ed zp\u016fsoben\u00fdch vakc\u00ednou COVID-19, ani nehled\u00e1 \u010di nenab\u00edz\u00ed zp\u016fsoby, jak t\u011bmto trp\u00edc\u00edm lidem pomoci, aby se c\u00edtili l\u00e9pe.<\/span><\/p>\n<p><span>Nyn\u00ed je jasn\u00e9, \u017ee n\u011bkte\u0159\u00ed lid\u00e9 byli kv\u016fli postvakcina\u010dn\u00edmu syndromu usmrceni a \u017ee se to m\u016f\u017ee st\u00e1t st\u00e1le \u010dast\u011bj\u0161\u00edm jevem.<\/span><\/p>\n<p><span>V Kanad\u011b od zaveden\u00ed o\u010dkov\u00e1n\u00ed proti Covidu prudce stoupl po\u010det l\u00e9ka\u0159sky asistovan\u00fdch \u00famrt\u00ed.<\/span><\/p>\n<p><span>Zran\u011bn\u00ed zp\u016fsoben\u00e1 o\u010dkov\u00e1n\u00edm proti Covidu jsou v\u0161ak glob\u00e1ln\u00edm probl\u00e9mem.<\/span><\/p>\n<p><span>Ve Spojen\u00fdch st\u00e1tech se odhaduje, \u017ee a\u017e 2 miliony Ameri\u010dan\u016f se pot\u00fdkaj\u00ed s materi\u00e1ln\u00ed ztr\u00e1tou kvality \u017eivota v d\u016fsledku nep\u0159\u00edzniv\u00fdch \u00fa\u010dink\u016f souvisej\u00edc\u00edch s injekcemi mRNA Covid.<\/span><\/p>\n<p><span>Mezit\u00edm anti-vaxxe\u0159i tvrd\u00ed, \u017ee \u00famrt\u00ed a zran\u011bn\u00ed zp\u016fsoben\u00e1 v\u00fdst\u0159ely jsou malou cenou za \u201emiliony lid\u00ed\u201c, kte\u0159\u00ed\u00a0byli \u00fadajn\u011b \u201ezachr\u00e1n\u011bni\u201c \u201e\u00a0<\/span><a href=\"https:\/\/slaynews.com\/news\/covid-mrna-shots-not-vaccines-appeals-court-rules\/\"><span>vakc\u00ednami \u201c.<\/span><\/a><\/p>\n<p><span>N\u011bkolik ob\u011bt\u00ed o\u010dkov\u00e1n\u00ed zve\u0159ejnilo sv\u00e9 p\u0159\u00edb\u011bhy p\u0159edt\u00edm, ne\u017e byly nuceny k eutan\u00e1zii kv\u016fli zran\u011bn\u00edm zp\u016fsoben\u00fdm o\u010dkov\u00e1n\u00edm.<\/span><\/p>\n<p><span>\u0160v\u00fdcarsk\u00e1 asociace\u00a0<\/span><a href=\"https:\/\/www.postvac.ch\/\"><span>pro post-vakcina\u010dn\u00ed syndrom<\/span><\/a><span>\u00a0(PVS) je neziskov\u00e1 organizace, kter\u00e1 se zasazuje o lidi po\u0161kozen\u00e9 vakc\u00ednami COVID-19.<\/span><\/p>\n<p><span>Hlavn\u00edm z\u00e1jmem PVS je zlep\u0161it \u201eobecnou \u017eivotn\u00ed situaci\u201c a zdrav\u00ed zran\u011bn\u00fdch osob.<\/span><\/p>\n<p><a href=\"https:\/\/www.postvac.ch\/Unsere-Geschichten\/Jeanine\/\"><span>Na podzim roku 2023 si \u017eena jm\u00e9nem Jeanine podle PVS<\/span><\/a><span>\u00a0zvolila cestu sebevra\u017edy p\u0159es \u201eExit\u201c\u00a0.<\/span><\/p>\n<p><span>Jeanine byla dva roky v\u00e1\u017en\u011b po\u0161kozena vakc\u00ednou Moderna.<\/span><\/p>\n<p><span>Byla \u010dlenkou PVS od jej\u00edho zalo\u017een\u00ed a toto m\u00e9dium nab\u00eddlo Jeanine vlastn\u00ed sv\u011bdectv\u00ed:<\/span><\/p>\n<p><em><span>\u201eM\u011bl jsem vzru\u0161uj\u00edc\u00ed pr\u00e1ci projektov\u00e9ho mana\u017eera IT, chodil jsem s p\u0159\u00e1teli l\u00e9zt, jezdit na kole a \u0159\u00eddit kabriolet.<\/span><\/em><\/p>\n<p><em><span>&#8222;U\u017eil jsem si sv\u016fj \u017eivot naplno.<\/span><\/em><\/p>\n<p><em><span>&#8222;Pak p\u0159i\u0161la Corona.&#8220; V \u010dervnu 2021 jsem si nechal aplikovat vakc\u00ednu Moderna.<\/span><\/em><\/p>\n<p><em><span>\u201eV n\u00e1sleduj\u00edc\u00edch dnech jsem m\u011bl siln\u00e9 bolesti t\u011bla a z\u00e1vrat\u011b.<\/span><\/em><\/p>\n<p><em><span>\u201eDok\u00e1zal jsem se dot\u00e1hnout na z\u00e1chod jen po \u010dty\u0159ech.<\/span><\/em><\/p>\n<p><em><span>&#8222;Ale to p\u0159e\u0161lo. \u0160patn\u00e1 vzpom\u00ednka vybledla. Dokonce jsem v\u011b\u0159il, \u017ee jsem nyn\u00ed obzvl\u00e1\u0161t\u011b dob\u0159e chr\u00e1n\u011bn p\u0159ed Coronou.<\/span><\/em><\/p>\n<p><em><span>&#8222;Ale o t\u0159i m\u011bs\u00edce pozd\u011bji se p\u0159\u00edznaky znovu objevily.&#8220;<\/span><\/em><\/p>\n<p><em><span>\u201eU\u017e jsem nemohl chodit, st\u00e1t ani mluvit.<\/span><\/em><\/p>\n<p><em><span>\u201eByl jsem neust\u00e1le vy\u010derpan\u00fd a u\u017e ne s\u00e1m sebou.<\/span><\/em><\/p>\n<p><em><span>\u201eRodinn\u00fd l\u00e9ka\u0159 byl bezradn\u00fd. &#8222;Ned\u00e1 se s t\u00edm nic d\u011blat,&#8220; \u0159ekla.<\/span><\/em><\/p>\n<p><em><span>\u201eHledal jsem pomoc u v\u00edce ne\u017e deseti dal\u0161\u00edch l\u00e9ka\u0159\u016f, v\u00edce ne\u017e polovina z nich na univerzitn\u00ed klinice \u2013 tak\u00e9 bez \u00fasp\u011bchu.<\/span><\/em><\/p>\n<p><em><span>\u201eProto\u017ee m\u00e9 p\u0159\u00edznaky odpov\u00eddaj\u00ed p\u0159\u00edznak\u016fm pacient\u016f s Long Covidem, nechal jsem si otestovat krev na mo\u017enou neodhalenou koronavirovou nemoc.<\/span><\/em><\/p>\n<p><em><span>\u201eV\u00fdsledek: negativn\u00ed. Dvakr\u00e1t.<\/span><\/em><\/p>\n<p><em><span>\u201eTi, kte\u0159\u00ed byli posti\u017eeni zran\u011bn\u00edmi zp\u016fsoben\u00fdmi vakcinac\u00ed, z\u016fst\u00e1vaj\u00ed sami.<\/span><\/em><\/p>\n<p><em><span>\u201eJe to, jako bychom \u0161li do v\u00e1lky solid\u00e1rn\u011b proti Coron\u011b a zran\u011bn\u00ed dnes st\u00e1le le\u017e\u00ed na bitevn\u00edm poli.<\/span><\/em><\/p>\n<p><em><span>&#8222;Cht\u011bl bych, aby byli l\u00e9ka\u0159i informov\u00e1ni o existenci po\u0161kozen\u00ed vakc\u00ednou, kontaktn\u00ed m\u00edsto pro posti\u017een\u00e9 a p\u0159edev\u0161\u00edm v\u00fdzkum tohoto fenom\u00e9nu, kter\u00fd ji\u017e nelze pop\u0159\u00edt.&#8220;<\/span><\/em><\/p>\n<p><span>Jeanine bylo pouh\u00fdch 37 let, kdy\u017e byla usmrcena v d\u016fsledku po\u0161kozen\u00ed vakc\u00ednou Covid.<\/span><\/p>\n<p><span>Produkt Moderna mRNA obdr\u017eela 6. ledna a 6. b\u0159ezna 2021.<\/span><\/p>\n<p><span>Dal\u0161\u00ed skupinou ve \u0160v\u00fdcarsku, kter\u00e1 usmrcuje ob\u011bti vakc\u00edny Covid, je\u00a0<\/span><a href=\"https:\/\/pegasos-association.com\/\"><span>Sdru\u017een\u00ed Pegasus<\/span><\/a><span>\u00a0.<\/span><\/p>\n<p><span>Magaz\u00edn Evie\u00a0<\/span><a href=\"https:\/\/www.eviemagazine.com\/post\/model-dies-by-assisted-suicide-battling-covid-19-booster-injuries\"><span>zve\u0159ejnil<\/span><\/a><span>\u00a0koncem \u010dervna 2023 smutn\u00fd p\u0159\u00edb\u011bh modelky\/here\u010dky Kate\u0159iny Pavelek (41).<\/span><\/p>\n<p><span>Pavelek dostal posilovac\u00ed d\u00e1vku COVID-19 v\u00edce ne\u017e rok p\u0159ed \u010dl\u00e1nkem.<\/span><\/p>\n<p><span>Po o\u010dkov\u00e1n\u00ed j\u00ed bylo diagnostikov\u00e1no nevyl\u00e9\u010diteln\u00e9 neurologick\u00e9 onemocn\u011bn\u00ed Myalgick\u00e1 encefalomyelitida\/chronick\u00fd \u00fanavov\u00fd syndrom (ME\/CFS).<\/span><\/p>\n<p><span>ME\/CFS je dlouhodob\u00e9 onemocn\u011bn\u00ed s \u0159adou p\u0159\u00edznak\u016f, kter\u00e9 naru\u0161uj\u00ed ka\u017edodenn\u00ed aktivity.<\/span><\/p>\n<p><span>N\u011bkte\u0159\u00ed lid\u00e9 jsou s touto nemoc\u00ed upout\u00e1ni na l\u016f\u017eko.<\/span><\/p>\n<p><span>L\u00e9ka\u0159i m\u011bli Pavelka podez\u0159en\u00ed, \u017ee m\u011bl tak\u00e9 respira\u010dn\u00ed ALS, neurodegenerativn\u00ed onemocn\u011bn\u00ed, kter\u00e9 postihuje svaly pot\u0159ebn\u00e9 k d\u00fdch\u00e1n\u00ed a polyk\u00e1n\u00ed.<\/span><\/p>\n<p><span>1. \u010dervna 2023 o sv\u00e9 situaci informovala na Instagramu.<\/span><\/p>\n<p><span>Pavelek sv\u00fdm stoupenc\u016fm \u0159ekl, \u017ee se cht\u011bla zab\u00edt prost\u0159ednictv\u00edm eutanazie:<\/span><\/p>\n<p><span>&#8222;Ahoj lidi, za posledn\u00edch 10 dn\u00ed jsem znovu v\u00e1\u017en\u011b onemocn\u011bla a nem\u016f\u017eu moc d\u011blat,&#8220; napsala.<\/span><\/p>\n<p><span>&#8222;Moje t\u011blo je p\u0159\u00edli\u0161 slab\u00e9 na boj s touto nemoc\u00ed a u\u017e mi nezb\u00fdvaj\u00ed s\u00edly, proto jsem se rozhodl ukon\u010dit sv\u016fj \u017eivot v klubu Pegasus ve \u0160v\u00fdcarsku.&#8220;<\/span><\/p>\n<p><span>\u201eBylo mi diagnostikov\u00e1no nevyl\u00e9\u010diteln\u00e9 chronick\u00e9 neurologick\u00e9 onemocn\u011bn\u00ed ME\/CFS zp\u016fsoben\u00e9 p\u0159eo\u010dkov\u00e1n\u00edm a nav\u00edc podez\u0159en\u00ed na respira\u010dn\u00ed ALS.<\/span><\/p>\n<p><span>&#8222;Tato nemoc m\u011b zp\u016fsobila, \u017ee jsem nemohl pracovat, nemohl jsem m\u00edt spole\u010densk\u00fd \u017eivot a nemohl jsem si dokonce ani u\u017e\u00edvat \u017eivota.&#8220;<\/span><\/p>\n<p><span>\u201eD\u00fdch\u00e1n\u00ed pro m\u011b bylo st\u00e1le obt\u00ed\u017en\u011bj\u0161\u00ed a bolestiv\u011bj\u0161\u00ed a moje funkce plic se zhor\u0161ila.<\/span><\/p>\n<p><span>\u201eD\u011bkuji za va\u0161e p\u0159\u00e1telstv\u00ed a podporu v minul\u00e9m roce.<\/span><\/p>\n<p><span>\u201eP\u0159eo\u010dkov\u00e1n\u00ed, kter\u00e9 jsem dostal p\u0159ed v\u00edce ne\u017e rokem, zcela zni\u010dilo m\u00e9 zdrav\u00ed, m\u00e9 t\u011blo a m\u016fj \u017eivot.<\/span><\/p>\n<p><span>&#8222;Neexistuje jin\u00fd zp\u016fsob, jak ukon\u010dit m\u00e9 utrpen\u00ed, ne\u017e rozhodnut\u00ed, kter\u00e9 jsem u\u010dinil.&#8220;<\/span><\/p>\n<p><span>Pavelek p\u0159i srovn\u00e1n\u00ed jej\u00edho stavu se smrt\u00ed napsal: \u201eProces je stejn\u00fd.<\/span><\/p>\n<p><span>&#8222;Pocity jsou stejn\u00e9.<\/span><\/p>\n<p><span>\u201eJedin\u00fd rozd\u00edl je v tom, \u017ee nezem\u0159e milovan\u00fd \u010dlov\u011bk, ale vy s\u00e1m.<\/span><\/p>\n<p><span>\u201eV\u00e1\u0161 \u017eivot, va\u0161e nad\u011bje, va\u0161e sny, va\u0161e pl\u00e1ny.<\/span><\/p>\n<p><span>\u201eKdo jsi byl a k\u00fdm jsi cht\u011bl b\u00fdt.<\/span><\/p>\n<p><span>&#8222;V\u0161echno. V\u0161echno se nav\u017edy zm\u011bnilo.&#8220;<\/span><\/p>\n<p><span>Lindsey Briones, 36, je o\u010dkovan\u00e1 Flori\u010fanka, kter\u00e1 zva\u017euje asistovanou sebevra\u017edu jako jedin\u00fd zp\u016fsob, jak uniknout zhor\u0161uj\u00edc\u00edmu se kardiovaskul\u00e1rn\u00edmu poran\u011bn\u00ed covid mRNA injekc\u00ed.<\/span><\/p>\n<p><span>Matka a man\u017eelka v\u00ed o centru v Coloradu, kter\u00e9 j\u00ed m\u016f\u017ee pomoci ukon\u010dit jej\u00ed \u017eivot.<\/span><\/p>\n<p><span>Se stovkami tis\u00edc dolar\u016f v ochromuj\u00edc\u00edm l\u00e9ka\u0159sk\u00e9m dluhu se Briones c\u00edt\u00ed jako z\u00e1t\u011b\u017e pro svou rodinu a spole\u010dnost.<\/span><\/p>\n<p><span>Od obdr\u017een\u00ed vakc\u00edny Pfizer v roce 2021 byla v podstat\u011b st\u00ednem sv\u00e9ho b\u00fdval\u00e9ho j\u00e1.<\/span><\/p>\n<p><span>Jako b\u00fdval\u00e1 narkomanka u\u017e nem\u016f\u017ee d\u011blat nic, co by ji vzru\u0161ovalo, proto\u017ee jinak by mohla upadnout mrtv\u00e1.<\/span><\/p>\n<p><span>V\u011bt\u0161ina ostatn\u00edch s podobn\u00fdm stavem ji\u017e zem\u0159ela.<\/span><\/p>\n<p><span>Briones obdr\u017eela sv\u016fj jedin\u00fd v\u00fdst\u0159el Pfizer mRNA 27. srpna 2021 v\u00a0<\/span><a href=\"https:\/\/halifaxhealth.org\/locations\/halifax-health-medical-center-of-daytona-beach\"><span>Halifax Health Hospital<\/span><\/a><span>\u00a0v Daytona Beach.<\/span><\/p>\n<p><span>Jej\u00ed \u017eivot se nav\u017edy zm\u011bnil.<\/span><\/p>\n<p><span>Musela b\u00fdt o\u010dkov\u00e1na do pr\u00e1ce i do \u0161koly.<\/span><\/p>\n<p><span>N\u011bkolik dn\u00ed po o\u010dkov\u00e1n\u00ed utrp\u011bl Briones t\u011b\u017ek\u00fd z\u00e1chvat anafylaxe, po kter\u00e9m n\u00e1sledoval neuv\u011b\u0159iteln\u011b vysok\u00fd srde\u010dn\u00ed tep.<\/span><\/p>\n<p><span>To progredovalo do \u00fapln\u00e9\u00a0<\/span><a href=\"https:\/\/www.mayoclinic.org\/diseases-conditions\/ventricular-tachycardia\/symptoms-causes\/syc-20355138\"><span>ventrikul\u00e1rn\u00ed tachykardie<\/span><\/a><span>\u00a0(\u00a0<\/span><a href=\"https:\/\/www.mayoclinic.org\/diseases-conditions\/ventricular-tachycardia\/symptoms-causes\/syc-20355138\"><span>VTAC<\/span><\/a><span>\u00a0) s n\u00e1hlou srde\u010dn\u00ed z\u00e1stavou.<\/span><\/p>\n<p><span>Od 1. z\u00e1\u0159\u00ed do 15. prosince 2021 za\u017eila mnoho\u010detnou VTAC a fibrilaci komor (V-FIG), nepravideln\u00fd srde\u010dn\u00ed rytmus, kter\u00fd m\u016f\u017ee v\u00e9st k n\u00e1hl\u00e9 z\u00e1stav\u011b srdce.<\/span><\/p>\n<p><span>Jejich l\u00e9ka\u0159i dok\u00e1zali spojit tyto incidenty s vakc\u00ednou.<\/span><\/p>\n<p><span>Tak\u00e9 je nahl\u00e1sili VAERS CDC.<\/span><\/p>\n<p><span>Zat\u00edmco n\u011bkte\u0159\u00ed specialist\u00e9 s n\u00ed spolupracovali a uznali p\u0159\u00ed\u010dinu, jin\u00ed se k n\u00ed chovali jako k mnoha dal\u0161\u00edm lidem po\u0161kozen\u00fdm vakc\u00ednami COVID-19.<\/span><\/p>\n<p><span>Briones nyn\u00ed \u201echod\u00ed po sko\u0159\u00e1pk\u00e1ch\u201c kv\u016fli obav\u00e1m ze srde\u010dn\u00edho selh\u00e1n\u00ed.<\/span><\/p>\n<p><span>Nyn\u00ed je ve stavu zvan\u00e9m \u201epolymorfn\u00ed VTAC\u201c, co\u017e znamen\u00e1, \u017ee tento nepravideln\u00fd srde\u010dn\u00ed tep se cyklicky opakuje a vykazuje r\u016fzn\u00e9 arytmie.<\/span><\/p>\n<p><span>Tento stav je malign\u00ed komorov\u00e1 tachyarytmie se st\u0159\u00eddaj\u00edc\u00edm se vzorem QRS, kter\u00fd se bu\u010f spont\u00e1nn\u011b p\u0159eru\u0161\u00ed (vedouc\u00ed k synkop\u011b, pokud trv\u00e1 d\u00e9le ne\u017e n\u011bkolik sekund), nebo se zhor\u0161\u00ed k fibrilaci komor (VF), kter\u00e1 zp\u016fsob\u00ed z\u00e1stavu srdce.<\/span><\/p>\n<p><span>Nesm\u00ed konzumovat kofein, cukr ani jin\u00e9 stimulanty.<\/span><\/p>\n<p><span>Zat\u00edmco d\u0159\u00edve byla Lindsey pln\u00e1 \u017eivota, jak jsem \u0159ekl, adrenalinov\u00e1 narkomanka, nyn\u00ed ji ka\u017ed\u00e1 v\u011bt\u0161\u00ed n\u00e1maha m\u016f\u017ee doslova zab\u00edt.<\/span><\/p>\n<p><span>Nem\u016f\u017ee se roz\u010dilovat; Pot\u011b\u0161en\u00ed nebo z\u00e1bava nejsou povoleny.<\/span><\/p>\n<p><span>Nav\u00edc m\u00e1 nyn\u00ed Briones ve \u0161t\u00edtn\u00e9 \u017el\u00e1ze bulku, kter\u00e1 by mohla b\u00fdt rakovinou.<\/span><\/p>\n<p><span>Byl j\u00ed tak\u00e9 diagnostikov\u00e1n lupus a chronick\u00fd \u00fanavov\u00fd syndrom.<\/span><\/p>\n<p><span>Jej\u00ed kvalita \u017eivota je pry\u010d a ona se c\u00edt\u00ed jako z\u00e1t\u011b\u017e pro man\u017eela a jej\u00ed rodinu, kter\u00e1 u\u017e nem\u00e1 smysl.<\/span><\/p>\n<p><span>Poji\u0161t\u011bn\u00ed kryje v\u011bt\u0161inu \u00fa\u010dt\u016f, ale vzhledem k enormn\u00edm n\u00e1klad\u016fm se zadlu\u017euje st\u00e1le hloub\u011bji.<\/span><\/p>\n<p><span>Musela si nap\u0159\u00edklad ka\u017ed\u00fdch 12 let nechat instalovat kardiostimul\u00e1tor, kter\u00fd stoj\u00ed 350 000 dolar\u016f a nyn\u00ed je na finan\u010dn\u00ed hranici.<\/span><\/p>\n<p><span>Podle n\u011bkter\u00fdch zpr\u00e1v bylo v Kanad\u011b od zaveden\u00ed legislativy v roce 2016 hl\u00e1\u0161eno 44 958 \u00famrt\u00ed souvisej\u00edc\u00edch s l\u00e9ka\u0159skou pomoc\u00ed p\u0159i um\u00edr\u00e1n\u00ed (MAID).<\/span><\/p>\n<p><span>V Kanad\u011b bylo v roce 2022 hl\u00e1\u0161eno 13 241 p\u0159\u00edpad\u016f \u00famrt\u00ed za l\u00e9ka\u0159sk\u00e9 pomoci, co\u017e p\u0159edstavuje 4,1 % v\u0161ech \u00famrt\u00ed v Kanad\u011b.<\/span><\/p>\n<p><span>To p\u0159edstavuje tempo r\u016fstu o 31,2 % ve srovn\u00e1n\u00ed s rokem 2021.<\/span><\/p>\n<p><span>Co je skute\u010dn\u011b znepokojiv\u00e9, je v\u00fdznamn\u00fd n\u00e1r\u016fst MAID v Kanad\u011b z vlny hromadn\u00e9ho o\u010dkov\u00e1n\u00ed proti COVID-19, kter\u00e1 za\u010dala v prosinci 2020 do roku 2021.<\/span><\/p>\n<p><span>Podle\u00a0<\/span><a href=\"https:\/\/www.canada.ca\/en\/health-canada\/services\/publications\/health-system-services\/annual-report-medical-assistance-dying-2022.html\"><span>kanadsk\u00e9 vl\u00e1dy<\/span><\/a><span>\u00a0se po\u010det \u00famrt\u00ed na MAID v\u00fdrazn\u011b zv\u00fd\u0161il v roce, kdy bylo v roce 2021 zavedeno protiopat\u0159en\u00ed COVID-19.<\/span><\/p>\n<p class=\"has-medium-font-size\"><strong><span>L\u00e9ka\u0159sky asistovan\u00e1 \u00famrt\u00ed v Kanad\u011b:<\/span><\/strong><\/p>\n<figure class=\"wp-block-table\">\n<table>\n<tbody>\n<tr>\n<td><strong><span>Rok<\/span><\/strong><\/td>\n<td><strong><span>\u00damrt\u00ed slu\u017eebn\u00e9 v Kanad\u011b<\/span><\/strong><\/td>\n<\/tr>\n<tr>\n<td><span>2016<\/span><\/td>\n<td><span>1,018<\/span><\/td>\n<\/tr>\n<tr>\n<td><span>2017<\/span><\/td>\n<td><span>2,838<\/span><\/td>\n<\/tr>\n<tr>\n<td><span>2018<\/span><\/td>\n<td><span>4,480<\/span><\/td>\n<\/tr>\n<tr>\n<td><span>2019<\/span><\/td>\n<td><span>5,661<\/span><\/td>\n<\/tr>\n<tr>\n<td><span>2020<\/span><\/td>\n<td><span>7,603<\/span><\/td>\n<\/tr>\n<tr>\n<td><span>2021*<\/span><\/td>\n<td><span>10 064<\/span><\/td>\n<\/tr>\n<tr>\n<td><span>2022<\/span><\/td>\n<td><span>13,241<\/span><\/td>\n<\/tr>\n<\/tbody>\n<\/table>\n<\/figure>\n<p><span>*Prvn\u00ed cel\u00fd rok nasazen\u00ed protiopat\u0159en\u00ed COVID-19<\/span><\/p>\n<p><span>K 51 % celkov\u00fdch \u00famrt\u00ed na MAID do\u0161lo b\u011bhem pouh\u00fdch dvou cel\u00fdch let od kampan\u011b hromadn\u00e9ho o\u010dkov\u00e1n\u00ed v Kanad\u011b.<\/span><\/p>\n<p><span>Obrovsk\u00fd po\u010det asistovan\u00fdch sebevra\u017ed od zaveden\u00ed masov\u00fdch protiopat\u0159en\u00ed v Kanad\u011b je zar\u00e1\u017eej\u00edc\u00ed.<\/span><\/p>\n<p><em>Od Franka Bergmana<\/em><\/p>\n<\/div>\n<\/div>\n<div class=\"elementor-element elementor-element-8c57238 quelle dc-has-condition dc-condition-empty elementor-widget elementor-widget-heading\" data-id=\"8c57238\" data-element_type=\"widget\" data-widget_type=\"heading.default\">\n<div class=\"elementor-widget-container\">\n<h3 class=\"elementor-heading-title elementor-size-default\"><span style=\"font-size: 10pt;\"><a href=\"https:\/\/slaynews.com\/news\/euthanasia-soars-among-covid-vaccinated\/\" target=\"_blank\" rel=\"nofollow noopener\">ZDROJ<\/a><\/span><\/h3>\n<p>&nbsp;<\/p>\n<\/div>\n<\/div>\n","protected":false},"excerpt":{"rendered":"<p>Znepokojiv\u00e9 nov\u00e9 \u00fadaje uk\u00e1zaly, \u017ee po\u010det lid\u00ed zabit\u00fdch eutanazi\u00ed mezi o\u010dkovan\u00fdmi proti Covidu prudce stoup\u00e1,&#8230;<\/p>\n","protected":false},"author":2,"featured_media":36671,"comment_status":"closed","ping_status":"closed","sticky":false,"template":"","format":"standard","meta":[],"categories":[7],"tags":[23,3714,213],"_links":{"self":[{"href":"https:\/\/www.infokuryr.cz\/n\/wp-json\/wp\/v2\/posts\/57577"}],"collection":[{"href":"https:\/\/www.infokuryr.cz\/n\/wp-json\/wp\/v2\/posts"}],"about":[{"href":"https:\/\/www.infokuryr.cz\/n\/wp-json\/wp\/v2\/types\/post"}],"author":[{"embeddable":true,"href":"https:\/\/www.infokuryr.cz\/n\/wp-json\/wp\/v2\/users\/2"}],"replies":[{"embeddable":true,"href":"https:\/\/www.infokuryr.cz\/n\/wp-json\/wp\/v2\/comments?post=57577"}],"version-history":[{"count":0,"href":"https:\/\/www.infokuryr.cz\/n\/wp-json\/wp\/v2\/posts\/57577\/revisions"}],"wp:featuredmedia":[{"embeddable":true,"href":"https:\/\/www.infokuryr.cz\/n\/wp-json\/wp\/v2\/media\/36671"}],"wp:attachment":[{"href":"https:\/\/www.infokuryr.cz\/n\/wp-json\/wp\/v2\/media?parent=57577"}],"wp:term":[{"taxonomy":"category","embeddable":true,"href":"https:\/\/www.infokuryr.cz\/n\/wp-json\/wp\/v2\/categories?post=57577"},{"taxonomy":"post_tag","embeddable":true,"href":"https:\/\/www.infokuryr.cz\/n\/wp-json\/wp\/v2\/tags?post=57577"}],"curies":[{"name":"wp","href":"https:\/\/api.w.org\/{rel}","templated":true}]}}