{"id":57571,"date":"2024-07-12T00:32:28","date_gmt":"2024-07-11T22:32:28","guid":{"rendered":"https:\/\/www.infokuryr.cz\/n\/?p=57571"},"modified":"2024-07-11T15:17:21","modified_gmt":"2024-07-11T13:17:21","slug":"andrew-korybko-polsko-ukrajinsky-bezpecnostni-pakt-stavi-ukrajinu-na-cestu-stat-se-polskym-klientskym-statem","status":"publish","type":"post","link":"https:\/\/www.infokuryr.cz\/n\/2024\/07\/12\/andrew-korybko-polsko-ukrajinsky-bezpecnostni-pakt-stavi-ukrajinu-na-cestu-stat-se-polskym-klientskym-statem\/","title":{"rendered":"Andrew Korybko: Polsko-ukrajinsk\u00fd bezpe\u010dnostn\u00ed pakt stav\u00ed Ukrajinu na cestu st\u00e1t se polsk\u00fdm klientsk\u00fdm st\u00e1tem"},"content":{"rendered":"<div id=\"fb-root\"><\/div>\n<p>Nen\u00ed to deklarov\u00e1no p\u0159\u00edmo, ale \u010dten\u00ed mezi \u0159\u00e1dky nazna\u010duje, \u017ee polsk\u00e9 a ukrajinsk\u00e9 vojensko-pr\u016fmyslov\u00e9 komplexy (MIC) jsou p\u0159ipraveny ke slou\u010den\u00ed pot\u00e9, co se Polsko zav\u00e1zalo zahrnout ukrajinsk\u00e9 spole\u010dnosti do sv\u00fdch dodavatelsk\u00fdch \u0159et\u011bzc\u016f a Ukrajina se zav\u00e1zala zahrnout polsk\u00e9 podniky do sv\u00fdch n\u00e1kup\u016f. N\u011bkter\u00e9 polsk\u00e9 spole\u010dnosti MIC nav\u00edc pl\u00e1nuj\u00ed um\u00edstit v\u00fdrobu na Ukrajinu, co\u017e by mohlo slou\u017eit jako z\u00e1minka pro konven\u010dn\u00ed vojenskou intervenci, pokud Rusko tato za\u0159\u00edzen\u00ed zni\u010d\u00ed.<\/p>\n<p><span style=\"font-size: 14pt;\"><strong>* Vz\u00e1jemn\u00e1 bezpe\u010dnost je zm\u00edn\u011bna, ale \u017e\u00e1dn\u00e9 polsk\u00e9 jednotky se nezavazuj\u00ed<\/strong><\/span><\/p>\n<p>Na rozd\u00edl od d\u0159\u00edv\u011bj\u0161\u00edch pakt\u016f Ukrajiny s Velkou Brit\u00e1ni\u00ed a USA, ten nejnov\u011bj\u0161\u00ed s Polskem v\u00fdslovn\u011b zmi\u0148uje \u201epos\u00edlen\u00ed jejich vz\u00e1jemn\u00e9 bezpe\u010dnosti a komplementaritu jejich proces\u016f vojensk\u00e9ho rozvoje\u201c. P\u0159esto\u017ee se Polsko nezavazuje k vysl\u00e1n\u00ed voj\u00e1k\u016f na Ukrajinu, stejn\u011b jako to neud\u011blala ani Velk\u00e1 Brit\u00e1nie ani USA, tento v\u00fdjime\u010dn\u00fd jazyk znovu potvrzuje p\u0159edstavu, \u017ee maj\u00ed zvl\u00e1\u0161tn\u00ed a privilegovan\u00e9 partnerstv\u00ed. Z toho tak\u00e9 vypl\u00fdv\u00e1, \u017ee\u00a0za ur\u010dit\u00fdch okolnost\u00ed by na tomto z\u00e1klad\u011b skute\u010dn\u011b mohly b\u00fdt v budoucnu\u00a0<a href=\"https:\/\/thealtworld.com\/andrew_korybko\/poland-might-be-seeking-american-approval-to-conventionally-intervene-in-ukraine\">vysl\u00e1ny\u00a0<\/a>jednotky .<\/p>\n<p><span style=\"font-size: 14pt;\"><strong>* Znovu se potvrzuje trojstrann\u00e1 polsko-litevsko-ukrajinsk\u00e1 vojensk\u00e1 spolupr\u00e1ce<\/strong><\/span><\/p>\n<p>Pakt uv\u00e1d\u00ed, \u017ee v\u00fdcvik ukrajinsk\u00fdch jednotek v Polsku a dal\u0161\u00ed vojensk\u00e9 formy podpory Kyjeva prost\u0159ednictv\u00edm trilater\u00e1ln\u00ed Polsko-litevsko-ukrajinsk\u00e9 brig\u00e1dy (LITPOLUKRBRIG) budou pokra\u010dovat. Tento m\u00e1lo zn\u00e1m\u00fd r\u00e1mec symbolicky p\u0159edstavuje novodob\u00e9 vojensk\u00e9 o\u017eiven\u00ed b\u00fdval\u00e9ho Commonwealthu. Jej\u00ed existence tak\u00e9 ukazuje, \u017ee Ukrajina se pova\u017euje za sou\u010d\u00e1st t\u00e9to civilizace a ne za ruskou, a tato brig\u00e1da by mohla fungovat jako hrot o\u0161t\u011bpu, pokud tam Polsko konven\u010dn\u011b zas\u00e1hne.<\/p>\n<p><span style=\"font-size: 14pt;\"><strong>* Polsko shrom\u00e1\u017ed\u00ed \u201eukrajinskou legii\u201c a vyzve uprchl\u00edky, aby se vr\u00e1tili do boje<\/strong><\/span><\/p>\n<p>V\u00fd\u0161e zm\u00edn\u011bn\u00fd r\u00e1mec dopln\u00ed \u00fa\u010dast ukrajinsk\u00fdch uprchl\u00edk\u016f v Polsku a jinde v Evrop\u011b na v\u00fdcvikov\u00fdch procesech pod veden\u00edm Polska, zat\u00edmco Var\u0161ava bude povzbuzovat ostatn\u00ed, aby se na \u017e\u00e1dost Kyjeva vr\u00e1tili dom\u016f a slou\u017eili v jejich ozbrojen\u00fdch sil\u00e1ch. N\u011bkter\u00e9 zem\u011b EU by mohly vyhostit ukrajinsk\u00e9 uprchl\u00edky zp\u011bt do Polska, pokud by tam nejprve nepo\u017e\u00e1dali o status uprchl\u00edka, na\u010de\u017e by byli bu\u010f nuceni vstoupit do \u201eukrajinsk\u00e9 legie\u201c, nebo by se vr\u00e1tili dom\u016f, aby hned bojovali bez polsk\u00e9ho v\u00fdcviku.<\/p>\n<p><span style=\"font-size: 14pt;\"><strong>* Polsko ofici\u00e1ln\u011b zva\u017euje zachycov\u00e1n\u00ed rusk\u00fdch raket<\/strong><\/span><\/p>\n<p>I kdy\u017e bylo loni v dubnu vyhodnoceno, \u017ee \u201e\u00a0<a href=\"https:\/\/korybko.substack.com\/p\/it-would-be-surprising-if-polish\">Bylo by p\u0159ekvapiv\u00e9, kdyby byly polsk\u00e9 patriotsk\u00e9 syst\u00e9my pou\u017eity k ochran\u011b z\u00e1padn\u00ed Ukrajiny\u00a0<\/a>\u201c, p\u0159edev\u0161\u00edm proto, \u017ee anglo-americk\u00e1 osa vyj\u00e1d\u0159ila sv\u016fj nesouhlas s t\u00edm, Polsko st\u00e1le ofici\u00e1ln\u011b zva\u017euje tento sc\u00e9n\u00e1\u0159, kter\u00fd je potvrzen jejich paktem. . Varov\u00e1n\u00ed v\u0161ak zn\u00ed, \u017ee by se museli \u201e\u0159\u00eddit nezbytn\u00fdmi procedurami dohodnut\u00fdmi z\u00fa\u010dastn\u011bn\u00fdmi st\u00e1ty a organizacemi\u201c, tak\u017ee rozhodnut\u00ed ponechat na NATO (a pota\u017emo jeho v\u016fdc\u00edch Anglo-americk\u00e9 osy), kte\u0159\u00ed mohou st\u00e1le nesouhlasit.<\/p>\n<p><strong>&#8212;&#8212;&#8212;-<\/strong><\/p>\n<p>Jak je vid\u011bt, polsko-ukrajinsk\u00fd bezpe\u010dnostn\u00ed pakt stav\u00ed Ukrajinu na cestu st\u00e1t se polsk\u00fdm klientsk\u00fdm st\u00e1tem, jej\u00edm\u017e v\u00fdsledkem je odm\u011bna USA Polsku za nahrazen\u00ed jeho konzervativn\u011b-nacionalistick\u00e9 vl\u00e1dy vl\u00e1dou liber\u00e1ln\u011b-globalistickou a n\u00e1sledn\u011b\u00a0<a href=\"https:\/\/korybko.substack.com\/p\/germany-is-preparing-to-assume-partial\">komplexn\u011b pod\u0159\u00edzen\u00e1 N\u011bmecku\u00a0<\/a>. Vznikaj\u00edc\u00ed d\u011blba pr\u00e1ce spo\u010d\u00edv\u00e1 v tom, \u017ee N\u011bmecko vybuduje \u201e\u00a0<a href=\"https:\/\/korybko.substack.com\/p\/germany-is-rebuilding-fortress-europe\">pevnost Evropa\u00a0<\/a>\u201c, Polsko povede \u201e\u00a0<a href=\"https:\/\/korybko.substack.com\/p\/heres-how-poland-is-slyly-taking\">Projekt Ukrajina\u00a0<\/a>\u201c a USA \u201e\u00a0<a href=\"https:\/\/sputnikglobe.com\/20150129\/1017517136.html\">vedou v\u0161e zezadu <\/a>\u201c t\u00edm, \u017ee budou dohl\u00ed\u017eet na oba a v p\u0159\u00edpad\u011b pot\u0159eby jim pom\u00e1hat.<\/p>\n<p><a href=\"https:\/\/korybko.substack.com\/p\/the-polish-ukrainian-security-pact\">Andrew Korybko, PhD<\/a><\/p>\n<p><img decoding=\"async\" loading=\"lazy\" class=\"alignnone  wp-image-22017\" src=\"http:\/\/www.infokuryr.cz\/n\/wp-content\/uploads\/2023\/01\/andrew-korybko-300x300.jpg\" alt=\"\" width=\"170\" height=\"170\" srcset=\"https:\/\/www.infokuryr.cz\/n\/wp-content\/uploads\/2023\/01\/andrew-korybko-300x300.jpg 300w, https:\/\/www.infokuryr.cz\/n\/wp-content\/uploads\/2023\/01\/andrew-korybko-150x150.jpg 150w, https:\/\/www.infokuryr.cz\/n\/wp-content\/uploads\/2023\/01\/andrew-korybko.jpg 400w\" sizes=\"(max-width: 170px) 100vw, 170px\" \/><\/p>\n<p>&nbsp;<\/p>\n","protected":false},"excerpt":{"rendered":"<p>Nen\u00ed to deklarov\u00e1no p\u0159\u00edmo, ale \u010dten\u00ed mezi \u0159\u00e1dky nazna\u010duje, \u017ee polsk\u00e9 a ukrajinsk\u00e9 vojensko-pr\u016fmyslov\u00e9 komplexy&#8230;<\/p>\n","protected":false},"author":2,"featured_media":57572,"comment_status":"closed","ping_status":"closed","sticky":false,"template":"","format":"standard","meta":[],"categories":[7],"tags":[1042,31,26,37],"_links":{"self":[{"href":"https:\/\/www.infokuryr.cz\/n\/wp-json\/wp\/v2\/posts\/57571"}],"collection":[{"href":"https:\/\/www.infokuryr.cz\/n\/wp-json\/wp\/v2\/posts"}],"about":[{"href":"https:\/\/www.infokuryr.cz\/n\/wp-json\/wp\/v2\/types\/post"}],"author":[{"embeddable":true,"href":"https:\/\/www.infokuryr.cz\/n\/wp-json\/wp\/v2\/users\/2"}],"replies":[{"embeddable":true,"href":"https:\/\/www.infokuryr.cz\/n\/wp-json\/wp\/v2\/comments?post=57571"}],"version-history":[{"count":1,"href":"https:\/\/www.infokuryr.cz\/n\/wp-json\/wp\/v2\/posts\/57571\/revisions"}],"predecessor-version":[{"id":57573,"href":"https:\/\/www.infokuryr.cz\/n\/wp-json\/wp\/v2\/posts\/57571\/revisions\/57573"}],"wp:featuredmedia":[{"embeddable":true,"href":"https:\/\/www.infokuryr.cz\/n\/wp-json\/wp\/v2\/media\/57572"}],"wp:attachment":[{"href":"https:\/\/www.infokuryr.cz\/n\/wp-json\/wp\/v2\/media?parent=57571"}],"wp:term":[{"taxonomy":"category","embeddable":true,"href":"https:\/\/www.infokuryr.cz\/n\/wp-json\/wp\/v2\/categories?post=57571"},{"taxonomy":"post_tag","embeddable":true,"href":"https:\/\/www.infokuryr.cz\/n\/wp-json\/wp\/v2\/tags?post=57571"}],"curies":[{"name":"wp","href":"https:\/\/api.w.org\/{rel}","templated":true}]}}