{"id":57570,"date":"2024-07-12T00:31:12","date_gmt":"2024-07-11T22:31:12","guid":{"rendered":"https:\/\/www.infokuryr.cz\/n\/?p=57570"},"modified":"2024-07-11T15:12:10","modified_gmt":"2024-07-11T13:12:10","slug":"p-c-roberts-nadeje-zrazena-francouzske-volby","status":"publish","type":"post","link":"https:\/\/www.infokuryr.cz\/n\/2024\/07\/12\/p-c-roberts-nadeje-zrazena-francouzske-volby\/","title":{"rendered":"P.C.Roberts: Nad\u011bje zrazena: francouzsk\u00e9 volby"},"content":{"rendered":"<div id=\"fb-root\"><\/div>\n<p>Zaj\u00edmalo by m\u011b, jestli je Putin z v\u00fdsledku francouzsk\u00fdch voleb zklam\u00e1n stejn\u011b jako j\u00e1. Prvn\u00ed kolo voleb poskytlo velk\u00fd n\u00e1skok francouzsk\u00e9 nacionalistick\u00e9 stran\u011b Marine Le Penov\u00e9. Doufal jsem, \u017ee to takto prob\u011bhne i v kole druh\u00e9m. Vid\u011bl jsem nad\u011bji v my\u0161lence, \u017ee evropsk\u00e9 n\u00e1rody, unaven\u00e9 dlouhou nadvl\u00e1dou Washingtonu nad jejich politikou, se za\u010d\u00ednaj\u00ed osvobozovat.<\/p>\n<p>Bohu\u017eel to nebylo nic jin\u00e9ho ne\u017e sen. Co se tak dramaticky zm\u011bnilo mezi prvn\u00edm a druh\u00fdm kolem hlasov\u00e1n\u00ed, \u017ee francouz\u0161t\u00ed nacionalist\u00e9 v kone\u010dn\u00e9m v\u00fdsledku propadli z prvn\u00edho m\u00edsta na m\u00edsto t\u0159et\u00ed? Byly volby ukraden\u00e9 jako posledn\u00ed dv\u011b n\u00e1rodn\u00ed volby v USA?<\/p>\n<p>Nebo bylo prvn\u00ed kolo jen hlasov\u00e1n\u00edm protestn\u00edm a tud\u00ed\u017e nikoliv indik\u00e1torem n\u00e1vratu k francouzsk\u00e9mu nacionalismu, kter\u00fd Francie naposledy za\u017eila b\u011bhem 10 let\u00e9ho p\u0159edsednictv\u00ed Charlese De Gaulla?<\/p>\n<p>Le Penova nacionalistick\u00e1 strana dnes slou\u017e\u00ed jako jak\u00e9si odkladi\u0161t\u011b, na kter\u00e9 voli\u010di umis\u0165uj\u00ed sv\u00e9 protesty proti stran\u00e1m vl\u00e1dnouc\u00edm. A t\u0159eba\u017ee jsou prom\u011bnou Francie v Babylonskou v\u011b\u017e pobou\u0159eni, byli ji\u017e p\u0159edt\u00edm Ameri\u010dany a EU \u00fasp\u011b\u0161n\u011b indoktrinov\u00e1ni v tom smyslu, aby nacionalismus pova\u017eovali za nacismus. Vol\u00ed tedy francouzsk\u00fd nacionalismus pouze jako protest, nikoli jako \u0159e\u0161en\u00ed pokra\u010duj\u00edc\u00edho postupn\u00e9ho mizen\u00ed francouzsk\u00e9ho n\u00e1roda.<\/p>\n<p>Anebo byl neuspokojiv\u00fd v\u00fdsledek druh\u00e9ho kola voleb d\u016fsledkem toho, \u017ee se Macronova establishmentov\u00e1 strana spojila s francouzskou levic\u00ed, aby zabr\u00e1nila v\u00edt\u011bzstv\u00ed francouzsk\u00e9ho etnika? Strana Le Penov\u00e9 je m\u00e9di\u00ed ozna\u010dov\u00e1na za \u201ekrajn\u00ed pravici\u201c. V cel\u00e9 Evrop\u011b a Spojen\u00e9m kr\u00e1lovstv\u00ed nastala ta zvl\u00e1\u0161tn\u00ed situace, \u017ee ka\u017ed\u00e1 strana, kter\u00e1 reprezentuje etnick\u00fd z\u00e1klad zem\u011b \u2013 Britov\u00e9, Francouzi, N\u011bmci, Italov\u00e9, Nizozemci atd., je ozna\u010dena za \u201ekrajn\u00ed pravici\u201c.<\/p>\n<p>Po cel\u00e1 desetilet\u00ed propagandist\u00e9 \u200b\u200bztoto\u017e\u0148ovali etnick\u00e9 nacionalisty s nacisty. Evropan\u00e9 jsou do tohoto zp\u016fsobu my\u0161len\u00ed indoktrinov\u00e1ni a nikdo tedy nechce \u201evolit jako nacista\u201c. Nu a v d\u016fsledku toho etnick\u00e9 n\u00e1rodnosti, kter\u00e9 tvo\u0159\u00ed evropsk\u00e9 zem\u011b, nejsou ochotny volit stranu, kter\u00e1 je zastupuje.<\/p>\n<p>Francouzsk\u00e9 volby p\u0159inesly tedy zm\u011bnu jen v tom, \u017ee francouzsk\u00e1 levice vytla\u010dila Macronovu stranu establishmentu jako stranu s nejv\u011bt\u0161\u00edm po\u010dtem hlas\u016f. Vl\u00e1dnouc\u00ed koalici vytvo\u0159\u00ed tedy Macronova establishmentov\u00e1 strana s francouzskou levic\u00ed. S\u00e1m Macron v ohro\u017een\u00ed nen\u00ed. Co se zm\u011bn\u00ed, budou minist\u0159i. Nu a francouzsk\u00e1 levice je k imigrantsk\u00fdm vet\u0159elc\u016fm stejn\u011b vst\u0159\u00edcn\u00e1 jako strana Macronova<\/p>\n<p>Snad m\u011b francouz\u0161t\u00ed \u010dten\u00e1\u0159i budou informovat, kde stoj\u00ed francouzsk\u00e1 levice ve v\u00e1lce s Ruskem. M\u00e1m podez\u0159en\u00ed, \u017ee pen\u00edze a pozice, kter\u00e9 Washington rozd\u00e1 prodejn\u00fdm francouzsk\u00fdm levi\u010d\u00e1k\u016fm, budou sta\u010dit k rozdrcen\u00ed jak\u00fdchkoli revolu\u010dn\u00edch z\u00e1m\u011br\u016f. B\u00fdt pov\u00fd\u0161en do d\u016fv\u011bry Washingtonu je cenn\u00e9. Francouzsk\u00e1 levice bude uti\u0161ena sn\u00ed\u017een\u00fdm ekonomick\u00fdm \u00fatokem na francouzskou d\u011blnickou t\u0159\u00eddu. Jak napsal Giuseppe di Lampedusa ve sv\u00e9m klasick\u00e9m rom\u00e1nu Leopard, \u201ev\u011bci se mus\u00ed zm\u011bnit, aby mohly z\u016fstat stejn\u00e9\u201c.<\/p>\n<p>Jedna ot\u00e1zka z\u016fst\u00e1v\u00e1 i tak nezodpov\u011bzena. Nyn\u00ed, kdy\u017e byly nad\u011bje na obnoven\u00ed evropsk\u00e9ho nacionalismu indoktrinovan\u00fdmi francouzsk\u00fdmi voli\u010di pora\u017eeny, byly t\u00edm pora\u017eeny i Putinovy \u200b\u200bnad\u011bje na rozumn\u011bj\u0161\u00ed Evropu?. Kolik dal\u0161\u00edch takov\u00fdch zmarn\u011bn\u00fdch nad\u011bj\u00ed mus\u00ed Putin je\u0161t\u011b za\u017e\u00edt, ne\u017e mu nezbude jin\u00e1 mo\u017enost, ne\u017e jednat v z\u00e1jmu obrany Ruska?<\/p>\n<p>Jakou podobu bude m\u00edt tato obrana?<\/p>\n<p>Jde o\u00a0 ot\u00e1zky, kter\u00e9 kupodivu nejsou sou\u010d\u00e1st\u00ed americk\u00fdch prezidentsk\u00fdch voleb. Washington, \u00fadajn\u011b velmoc, ale mysl\u00edm, \u017ee k\u0159ehk\u00e1, rozhoduje o v\u00e1lce bez pochopen\u00ed jejich pravd\u011bpodobn\u00fdch d\u016fsledk\u016f.<\/p>\n<p>Kdy\u017e srovn\u00e1m dne\u0161n\u00ed americk\u00e9 veden\u00ed ve vl\u00e1d\u011b, v korporac\u00edch, m\u00e9di\u00edch a univerzit\u00e1ch s veden\u00edm p\u0159ed lety, vid\u00edm bezduchost. Bezduchost je ov\u0161em v rozporu s t\u00edm, \u017ee jsme velmoc\u00ed.<\/p>\n<p><em>P\u0159eklad: Lubom\u00edr Man<\/em><\/p>\n<p>&nbsp;<\/p>\n","protected":false},"excerpt":{"rendered":"<p>Zaj\u00edmalo by m\u011b, jestli je Putin z v\u00fdsledku francouzsk\u00fdch voleb zklam\u00e1n stejn\u011b jako j\u00e1. Prvn\u00ed&#8230;<\/p>\n","protected":false},"author":2,"featured_media":810,"comment_status":"closed","ping_status":"closed","sticky":false,"template":"","format":"standard","meta":[],"categories":[7],"tags":[130,1503,122,27],"_links":{"self":[{"href":"https:\/\/www.infokuryr.cz\/n\/wp-json\/wp\/v2\/posts\/57570"}],"collection":[{"href":"https:\/\/www.infokuryr.cz\/n\/wp-json\/wp\/v2\/posts"}],"about":[{"href":"https:\/\/www.infokuryr.cz\/n\/wp-json\/wp\/v2\/types\/post"}],"author":[{"embeddable":true,"href":"https:\/\/www.infokuryr.cz\/n\/wp-json\/wp\/v2\/users\/2"}],"replies":[{"embeddable":true,"href":"https:\/\/www.infokuryr.cz\/n\/wp-json\/wp\/v2\/comments?post=57570"}],"version-history":[{"count":0,"href":"https:\/\/www.infokuryr.cz\/n\/wp-json\/wp\/v2\/posts\/57570\/revisions"}],"wp:featuredmedia":[{"embeddable":true,"href":"https:\/\/www.infokuryr.cz\/n\/wp-json\/wp\/v2\/media\/810"}],"wp:attachment":[{"href":"https:\/\/www.infokuryr.cz\/n\/wp-json\/wp\/v2\/media?parent=57570"}],"wp:term":[{"taxonomy":"category","embeddable":true,"href":"https:\/\/www.infokuryr.cz\/n\/wp-json\/wp\/v2\/categories?post=57570"},{"taxonomy":"post_tag","embeddable":true,"href":"https:\/\/www.infokuryr.cz\/n\/wp-json\/wp\/v2\/tags?post=57570"}],"curies":[{"name":"wp","href":"https:\/\/api.w.org\/{rel}","templated":true}]}}