{"id":5757,"date":"2021-10-29T06:43:02","date_gmt":"2021-10-29T04:43:02","guid":{"rendered":"http:\/\/www.infokuryr.cz\/n\/?p=5757"},"modified":"2021-10-29T06:43:02","modified_gmt":"2021-10-29T04:43:02","slug":"vice-nez-polovina-zaku-ve-vidni-nemluvi-nemecky","status":"publish","type":"post","link":"https:\/\/www.infokuryr.cz\/n\/2021\/10\/29\/vice-nez-polovina-zaku-ve-vidni-nemluvi-nemecky\/","title":{"rendered":"V\u00edce ne\u017e polovina \u017e\u00e1k\u016f ve V\u00eddni nemluv\u00ed n\u011bmecky"},"content":{"rendered":"<div id=\"fb-root\"><\/div>\n<p><strong>V\u00edce ne\u017e polovina \u017e\u00e1k\u016f ve V\u00eddni 54,4% nemluv\u00ed n\u011bm\u010dinou jako svou mate\u0159\u0161tinou. V celorakousk\u00e9 perspektiv\u011b je to v\u00edce ne\u017e \u010dtvrtina &#8211; 27,4%. Nejv\u011bt\u0161\u00ed pod\u00edl \u017e\u00e1k\u016f s nen\u011bmeckou mate\u0159\u0161tinou je na zvl\u00e1\u0161tn\u00edch \u0161kol\u00e1ch, nejmen\u0161\u00ed na gymn\u00e1zi\u00edch.<\/strong><\/p>\n<p><strong><span>V\u00edde\u0148.\u00a0<\/span><\/strong><span>Nov\u00e1 publikace Rakousk\u00e9ho integra\u010dn\u00edho fondu ukazuje p\u0159ekvapiv\u00e1 data o m\u00edstn\u00edch \u0161kol\u00e1c\u00edch: Ve spolkov\u00e9m hlavn\u00edm m\u011bst\u011b 54,4 procenta \u0161kol\u00e1k\u016f pou\u017e\u00edv\u00e1 v\u011bt\u0161inu z nich jin\u00fd ne\u017e n\u011bmeck\u00fd jazyk.\u00a0To je t\u00e9m\u011b\u0159 dvojn\u00e1sobek rakousk\u00e9ho pr\u016fm\u011bru (27,4 procenta).<\/span><\/p>\n<p><strong><span>Typy \u0161kol.\u00a0<\/span><\/strong><span>Mezi jednotliv\u00fdmi typy \u0161kol jsou jasn\u00e9 rozd\u00edly: ve speci\u00e1ln\u00edch \u0161kol\u00e1ch mluv\u00ed t\u00e9m\u011b\u0159 40 % v soukrom\u00e9m i b\u011b\u017en\u00e9m \u017eivot\u011b p\u0159ev\u00e1\u017en\u011b jin\u00fdm jazykem ne\u017e n\u011bmecky, n\u00e1sleduj\u00ed polytechnick\u00e9 \u0161koly (35,6 %) a nov\u00e9 st\u0159edn\u00ed \u0161koly (33,3 %).\u00a0Naproti tomu na gymn\u00e1zi\u00edch je pod\u00edl student\u016f s nen\u011bmeck\u00fdm hovorov\u00fdm jazykem pouze 21 %, tedy t\u00e9m\u011b\u0159 polovina.<\/span><\/p>\n<p><a href=\"https:\/\/www.oe24.at\/oesterreich\/chronik\/jeder-2-schueler-in-wien-spricht-nicht-deutsch\/496998011\">ZDROJ<\/a><\/p>\n<p>&nbsp;<\/p>\n<p>&nbsp;<\/p>\n","protected":false},"excerpt":{"rendered":"<p>V\u00edce ne\u017e polovina \u017e\u00e1k\u016f ve V\u00eddni 54,4% nemluv\u00ed n\u011bm\u010dinou jako svou mate\u0159\u0161tinou. V celorakousk\u00e9 perspektiv\u011b&#8230;<\/p>\n","protected":false},"author":2,"featured_media":1992,"comment_status":"closed","ping_status":"closed","sticky":false,"template":"","format":"standard","meta":[],"categories":[7],"tags":[120,1392,354],"_links":{"self":[{"href":"https:\/\/www.infokuryr.cz\/n\/wp-json\/wp\/v2\/posts\/5757"}],"collection":[{"href":"https:\/\/www.infokuryr.cz\/n\/wp-json\/wp\/v2\/posts"}],"about":[{"href":"https:\/\/www.infokuryr.cz\/n\/wp-json\/wp\/v2\/types\/post"}],"author":[{"embeddable":true,"href":"https:\/\/www.infokuryr.cz\/n\/wp-json\/wp\/v2\/users\/2"}],"replies":[{"embeddable":true,"href":"https:\/\/www.infokuryr.cz\/n\/wp-json\/wp\/v2\/comments?post=5757"}],"version-history":[{"count":0,"href":"https:\/\/www.infokuryr.cz\/n\/wp-json\/wp\/v2\/posts\/5757\/revisions"}],"wp:featuredmedia":[{"embeddable":true,"href":"https:\/\/www.infokuryr.cz\/n\/wp-json\/wp\/v2\/media\/1992"}],"wp:attachment":[{"href":"https:\/\/www.infokuryr.cz\/n\/wp-json\/wp\/v2\/media?parent=5757"}],"wp:term":[{"taxonomy":"category","embeddable":true,"href":"https:\/\/www.infokuryr.cz\/n\/wp-json\/wp\/v2\/categories?post=5757"},{"taxonomy":"post_tag","embeddable":true,"href":"https:\/\/www.infokuryr.cz\/n\/wp-json\/wp\/v2\/tags?post=5757"}],"curies":[{"name":"wp","href":"https:\/\/api.w.org\/{rel}","templated":true}]}}