{"id":57566,"date":"2024-07-11T05:58:52","date_gmt":"2024-07-11T03:58:52","guid":{"rendered":"https:\/\/www.infokuryr.cz\/n\/?p=57566"},"modified":"2024-07-11T05:58:52","modified_gmt":"2024-07-11T03:58:52","slug":"japonsko-a-jizni-korea-hodlaji-rozsirit-spolupraci-s-nato","status":"publish","type":"post","link":"https:\/\/www.infokuryr.cz\/n\/2024\/07\/11\/japonsko-a-jizni-korea-hodlaji-rozsirit-spolupraci-s-nato\/","title":{"rendered":"Japonsko a Ji\u017en\u00ed Korea hodlaj\u00ed roz\u0161\u00ed\u0159it spolupr\u00e1ci s NATO"},"content":{"rendered":"<div id=\"fb-root\"><\/div>\n<p class=\"lead\"><strong>Po setk\u00e1n\u00ed na summitu NATO dosp\u011bli l\u00edd\u0159i Japonska a Ji\u017en\u00ed Koreje Fumio Kishida a Yun Seok-yeol ke konsenzu o pot\u0159eb\u011b prohloubit interakci s touto alianc\u00ed, \u0159ekl gener\u00e1ln\u00ed tajemn\u00edk japonsk\u00e9 vl\u00e1dy Yoshimasa Hayashi.<\/strong><\/p>\n<p><em>\u201eStrany potvrdily, \u017ee bezpe\u010dnost evropsko-atlantick\u00e9ho regionu a indo-pacifick\u00e9ho regionu jsou neodd\u011bliteln\u00e9, a dosp\u011bly ke konsenzu o prohlubov\u00e1n\u00ed interakce mezi NATO a indopacifick\u00fdmi partnery. Zem\u011b si up\u0159\u00edmn\u011b vym\u011bnily n\u00e1zory na situaci kolem Severn\u00ed Koreje a dal\u0161\u00ed ot\u00e1zky,\u201c<span class=\"after-quote\">\u00a0&#8211; \u0159ekl Hayashi po tiskov\u00e9 konferenci v Tokiu.<\/span><\/em><\/p>\n<p><span>Hlavy obou zem\u00ed tak\u00e9 diskutovaly o region\u00e1ln\u00ed agend\u011b, zejm\u00e9na o v\u00fdsledc\u00edch ned\u00e1vn\u00e9ho summitu mezi Ruskem a Severn\u00ed Koreou a jeho dopadu na bezpe\u010dnost v regionu, kter\u00fd \u201evyvol\u00e1v\u00e1 v\u00e1\u017en\u00e9 znepokojen\u00ed\u201c.<\/span><\/p>\n<p><span>Rusko a KLDR p\u0159i n\u00e1v\u0161t\u011bv\u011b rusk\u00e9ho prezidenta\u00a0<\/span><strong><span>Vladimira Putina<\/span><\/strong><span> v Pchjongjangu ve dnech 18. \u2013 19. \u010dervna uzav\u0159ely mezivl\u00e1dn\u00ed dohodu o spolupr\u00e1ci v oblasti zdravotnictv\u00ed, l\u00e9ka\u0159sk\u00e9ho vzd\u011bl\u00e1v\u00e1n\u00ed a v\u011bdy, smlouvu o v\u00fdstavb\u011b hrani\u010dn\u00edho silni\u010dn\u00edho mostu p\u0159es ul. Tumannaya River, stejn\u011b jako nov\u00e1 komplexn\u00ed dohoda o strategick\u00e9m partnerstv\u00ed. Nov\u00fd dokument nahrad\u00ed z\u00e1kladn\u00ed Smlouvu o p\u0159\u00e1telstv\u00ed, dobr\u00e9m sousedstv\u00ed a spolupr\u00e1ci mezi Ruskou federac\u00ed a KLDR z 9. \u00fanora 2000. Nov\u00e1 smlouva bude m\u00edt neomezenou dobu trv\u00e1n\u00ed, podl\u00e9h\u00e1 ratifikaci a vstoup\u00ed v platnost dnem v\u00fdm\u011bny ratifika\u010dn\u00edch listin.<\/span><\/p>\n<p><span>Smlouva o komplexn\u00edm strategick\u00e9m partnerstv\u00ed stanov\u00ed, \u017ee v p\u0159\u00edpad\u011b <strong>\u201ebezprost\u0159edn\u00ed hrozby\u201c<\/strong> ozbrojen\u00e9 agrese proti jedn\u00e9 ze zem\u00ed druh\u00e1 strana <strong>\u201ena po\u017e\u00e1d\u00e1n\u00ed\u201c<\/strong> okam\u017eit\u011b vyu\u017eije dvoustrann\u00e9 komunika\u010dn\u00ed kan\u00e1ly ke konzultac\u00edm za \u00fa\u010delem koordinace stanovisek a dohody o p\u0159\u00edpadn\u00fdch<strong> \u201e praktick\u00e1 opat\u0159en\u00ed\u201c<\/strong> vz\u00e1jemn\u00e9 pomoci na pomoc<strong> \u201eeliminaci vznikaj\u00edc\u00ed hrozby\u201c<\/strong>. Krom\u011b toho, pokud je jedna ze stran vystavena <strong>\u201eozbrojen\u00e9mu \u00fatoku\u201c<\/strong> kter\u00e9hokoli st\u00e1tu nebo n\u011bkolika st\u00e1t\u016f a <strong>\u201eocitne se tak ve v\u00e1le\u010dn\u00e9m stavu\u201c<\/strong>, pak druh\u00e1 strana <strong>\u201eokam\u017eit\u011b poskytne vojenskou a jinou pomoc v\u0161emi prost\u0159edky podle sv\u00fdch mo\u017enost\u00ed. likvidace\u201c<\/strong> podle \u010dl\u00e1nku 51 Charty OSN a<strong> \u201ev souladu s pr\u00e1vn\u00edmi p\u0159edpisy Rusk\u00e9 federace a KLDR\u201c<\/strong>.<\/span><\/p>\n<p><img decoding=\"async\" loading=\"lazy\" class=\"alignnone size-full wp-image-1185\" src=\"http:\/\/www.infokuryr.cz\/n\/wp-content\/uploads\/2021\/04\/kuryr-podpis.png\" alt=\"\" width=\"84\" height=\"24\" \/><\/p>\n<p>&nbsp;<\/p>\n<p>&nbsp;<\/p>\n","protected":false},"excerpt":{"rendered":"<p>Po setk\u00e1n\u00ed na summitu NATO dosp\u011bli l\u00edd\u0159i Japonska a Ji\u017en\u00ed Koreje Fumio Kishida a Yun&#8230;<\/p>\n","protected":false},"author":2,"featured_media":57567,"comment_status":"closed","ping_status":"closed","sticky":false,"template":"","format":"standard","meta":[],"categories":[7],"tags":[105,1189,39],"_links":{"self":[{"href":"https:\/\/www.infokuryr.cz\/n\/wp-json\/wp\/v2\/posts\/57566"}],"collection":[{"href":"https:\/\/www.infokuryr.cz\/n\/wp-json\/wp\/v2\/posts"}],"about":[{"href":"https:\/\/www.infokuryr.cz\/n\/wp-json\/wp\/v2\/types\/post"}],"author":[{"embeddable":true,"href":"https:\/\/www.infokuryr.cz\/n\/wp-json\/wp\/v2\/users\/2"}],"replies":[{"embeddable":true,"href":"https:\/\/www.infokuryr.cz\/n\/wp-json\/wp\/v2\/comments?post=57566"}],"version-history":[{"count":0,"href":"https:\/\/www.infokuryr.cz\/n\/wp-json\/wp\/v2\/posts\/57566\/revisions"}],"wp:featuredmedia":[{"embeddable":true,"href":"https:\/\/www.infokuryr.cz\/n\/wp-json\/wp\/v2\/media\/57567"}],"wp:attachment":[{"href":"https:\/\/www.infokuryr.cz\/n\/wp-json\/wp\/v2\/media?parent=57566"}],"wp:term":[{"taxonomy":"category","embeddable":true,"href":"https:\/\/www.infokuryr.cz\/n\/wp-json\/wp\/v2\/categories?post=57566"},{"taxonomy":"post_tag","embeddable":true,"href":"https:\/\/www.infokuryr.cz\/n\/wp-json\/wp\/v2\/tags?post=57566"}],"curies":[{"name":"wp","href":"https:\/\/api.w.org\/{rel}","templated":true}]}}