{"id":57512,"date":"2024-07-11T00:46:50","date_gmt":"2024-07-10T22:46:50","guid":{"rendered":"https:\/\/www.infokuryr.cz\/n\/?p=57512"},"modified":"2024-07-10T15:55:09","modified_gmt":"2024-07-10T13:55:09","slug":"briefing-rady-bezpecnosti-osn-o-ukrajine-9-cervence-2024-rusky-postoj","status":"publish","type":"post","link":"https:\/\/www.infokuryr.cz\/n\/2024\/07\/11\/briefing-rady-bezpecnosti-osn-o-ukrajine-9-cervence-2024-rusky-postoj\/","title":{"rendered":"Briefing Rady bezpe\u010dnosti OSN o Ukrajin\u011b 9. \u010dervence 2024 &#8211; rusk\u00fd postoj"},"content":{"rendered":"<div id=\"fb-root\"><\/div>\n<p><span style=\"font-size: 18pt;\"><strong>Ofici\u00e1ln\u00ed\u00a0<a href=\"https:\/\/russiaun.ru\/en\/news\/090724_unsc_ukraine\">prohl\u00e1\u0161en\u00ed st\u00e1l\u00e9ho p\u0159edstavitele Ruska na<\/a>\u00a0briefingu Rady bezpe\u010dnosti OSN o Ukrajin\u011b poskytnut\u00e9 St\u00e1lou mis\u00ed Rusk\u00e9 federace p\u0159i OSN.<\/strong><\/span><\/p>\n<p>Draz\u00ed kolegov\u00e9,<\/p>\n<p>Vzhledem k tomu, \u017ee Rusk\u00e1 federace p\u0159evzet\u00edm p\u0159edsednictv\u00ed Rady bezpe\u010dnosti OSN p\u0159evzala jako v\u017edy povinnost jednat transparentn\u011b a nestrann\u011b, r\u00e1d bych situaci kolem \u00fa\u010dasti Ukrajiny na dne\u0161n\u00edm jedn\u00e1n\u00ed otev\u0159en\u011b vysv\u011btlil.<\/p>\n<p>Sekretari\u00e1t v\u010dera obdr\u017eel dopis od st\u00e1l\u00e9ho p\u0159edstavitele t\u00e9to zem\u011b s \u017e\u00e1dost\u00ed o pr\u00e1vo vystoupit na briefingu.<\/p>\n<p>Na rozd\u00edl od v\u0161ech ostatn\u00edch \u017e\u00e1dost\u00ed, v\u010detn\u011b \u017e\u00e1dost\u00ed EU a Polska, zp\u016fsob jejich vypracov\u00e1n\u00ed zna\u010dn\u011b poru\u0161uje zaveden\u00e9 postupy; nen\u00ed adresov\u00e1n p\u0159edsedovi Rady bezpe\u010dnosti a neobsahuje ani z\u00e1kladn\u00ed protokol\u00e1rn\u00ed jazyk diplomatick\u00e9 komunikace.<\/p>\n<p>Jedinou v\u011btou dopisu byla \u017e\u00e1dost, aby se Ukrajina mohla sch\u016fzky z\u00fa\u010dastnit.<\/p>\n<p>Tady je dopis. Nen\u00ed jasn\u00e9, komu je ur\u010dena. A to jsou dopisy z Polska a EU, obsahuj\u00ed v\u0161echny pot\u0159ebn\u00e9 n\u00e1le\u017eitosti projevu k p\u0159edsedovi Rady bezpe\u010dnosti a jsou seps\u00e1ny v souladu s protokolem.<\/p>\n<p>Informovali jsme Radu o \u017e\u00e1dosti Ukrajiny. R\u00e1d bych zd\u016fraznil, \u017ee nevid\u00edme \u017e\u00e1dn\u00fd probl\u00e9m v povolen\u00ed \u00fa\u010dasti Ukrajiny, proto\u017ee jde o zemi, jej\u00ed\u017e z\u00e1jmy se dot\u00fdk\u00e1 bod na programu. To je v souladu s jednac\u00edm \u0159\u00e1dem. Okam\u017eit\u011b jsme sd\u011blili, \u017ee jakmile p\u0159edsednictvo obdr\u017e\u00ed dopis v \u0159\u00e1dn\u00e9 form\u011b, bude \u00fa\u010dast Ukrajiny na jedn\u00e1n\u00ed akceptov\u00e1na, kdy\u017e to odsouhlas\u00ed \u010dlenov\u00e9 DV.<\/p>\n<p>Ukrajinsk\u00e1 delegace v\u0161ak nikdy neposlala \u017e\u00e1dnou \u0159\u00e1dnou \u017e\u00e1dost. Domn\u00edv\u00e1m se, \u017ee jde o to, \u017ee je z\u00e1sadn\u011b d\u016fle\u017eit\u00e9, aby uk\u00e1zaly, \u017ee jsou nad pravidly stanoven\u00fdmi v Rad\u011b bezpe\u010dnosti, a uk\u00e1zaly, \u017ee na rozd\u00edl od jin\u00fdch delegac\u00ed (v\u010detn\u011b delegac\u00ed evropsk\u00fdch zem\u00ed), kter\u00e9 po\u017eaduj\u00ed \u00fa\u010dast v souladu s \u010dl\u00e1nkem 37, maj\u00ed pr\u00e1vo stanovit si vlastn\u00ed pravidla hry.<\/p>\n<p>My jako p\u0159edsednictv\u00ed to nem\u016f\u017eeme p\u0159ijmout. Pravidla jsou pro v\u0161echny stejn\u00e1; a to zajistilo fungov\u00e1n\u00ed Rady bezpe\u010dnosti OSN na t\u00e9m\u011b\u0159 80 let.<\/p>\n<p>Postup ukrajinsk\u00e9 delegace nen\u00ed nic jin\u00e9ho ne\u017e pokus podkopat autoritu Rady, proto\u017ee p\u0159edsednictv\u00ed je sp\u00ed\u0161e instituce ne\u017e zem\u011b. Douf\u00e1m, \u017ee si to v\u0161ichni kolegov\u00e9 v Rad\u011b bezpe\u010dnosti uv\u011bdom\u00ed.<\/p>\n<p>Nicm\u00e9n\u011b souhlas\u00edme s t\u00edm, \u017ee nech\u00e1me Ukrajinu \u00fa\u010dastnit se dne\u0161n\u00edho jedn\u00e1n\u00ed (pokud nebudou n\u00e1mitky ostatn\u00edch \u010dlen\u016f Rady), ale pouze s ohledem na to, \u017ee o to po\u017e\u00e1dal \u010dlen Rady bezpe\u010dnosti, tedy Spojen\u00e9 st\u00e1ty. M\u00e1me v \u00famyslu vyhov\u011bt \u017e\u00e1dosti delegace USA v souladu s jednac\u00edm \u0159\u00e1dem Rady. Je n\u00e1m l\u00edto, \u017ee Ukrajina nen\u00ed schopna jednat samostatn\u011b ani v tak \u010dist\u011b procedur\u00e1ln\u00ed z\u00e1le\u017eitosti, jako je \u00fa\u010dast na zased\u00e1n\u00ed Rady bezpe\u010dnosti OSN, a dokonce pot\u0159ebuje veden\u00ed od sv\u00fdch sponzor\u016f.<\/p>\n<p>&nbsp;<\/p>\n<div style=\"width: 640px;\" class=\"wp-video\"><!--[if lt IE 9]><script>document.createElement('video');<\/script><![endif]-->\n<video class=\"wp-video-shortcode\" id=\"video-57512-1\" width=\"640\" height=\"360\" preload=\"metadata\" controls=\"controls\"><source type=\"video\/mp4\" src=\"http:\/\/www.infokuryr.cz\/n\/wp-content\/uploads\/2024\/07\/UN_Security_Council_briefing.mp4?_=1\" \/><a href=\"http:\/\/www.infokuryr.cz\/n\/wp-content\/uploads\/2024\/07\/UN_Security_Council_briefing.mp4\">http:\/\/www.infokuryr.cz\/n\/wp-content\/uploads\/2024\/07\/UN_Security_Council_briefing.mp4<\/a><\/video><\/div>\n<h3><span style=\"font-size: 18pt;\"><strong><br \/>\nHlavn\u00ed prohl\u00e1\u0161en\u00ed<\/strong><\/span><\/h3>\n<p>R\u00e1d bych za\u010dal pod\u011bkov\u00e1n\u00edm Francii a Ekv\u00e1doru za svol\u00e1n\u00ed tohoto setk\u00e1n\u00ed.<\/p>\n<p>Jak je patrn\u00e9 z vyj\u00e1d\u0159en\u00ed na\u0161ich z\u00e1padn\u00edch koleg\u016f (mimochodem velmi minimalistick\u00fdch), t\u00e9ma \u00fadajn\u00e9ho rusk\u00e9ho \u00faderu na d\u011btskou nemocnici, o kter\u00e9m dnes diskutujeme, je pro n\u011b jen st\u011b\u017e\u00ed pot\u011b\u0161uj\u00edc\u00ed. Pravd\u011bpodobn\u011b vid\u011bli \u010detn\u00e9 fotografie a videa toho, co se stalo, z nich\u017e jasn\u011b vypl\u00fdv\u00e1, \u017ee to byla ukrajinsk\u00e1 raketa PVO, kter\u00e1 zas\u00e1hla nemocnici. Z\u00e1padn\u00ed \u010dlenov\u00e9 Rady bezpe\u010dnosti proto p\u0159edv\u00e1d\u011bj\u00ed kouzlo verb\u00e1ln\u00ed gymnastiky a sna\u017e\u00ed se v\u0161emi prost\u0159edky obh\u00e1jit kyjevsk\u00fd re\u017eim.<\/p>\n<p>Pro n\u00e1s je v\u0161ak toto setk\u00e1n\u00ed v\u00fdbornou p\u0159\u00edle\u017eitost\u00ed \u0159\u00edct si pravdu o tom, co se vlastn\u011b stalo.<\/p>\n<p>Pravda nicm\u00e9n\u011b, jak v\u0161ichni v\u00edme, na\u0161e z\u00e1padn\u00ed kolegy nezaj\u00edm\u00e1 a v nejlep\u0161\u00edch tradic\u00edch dnes zmi\u0148ovan\u00e9 buchovsk\u00e9 provokace \u010di nemocnice Mariupol se pokusili zapojit do zbo\u017en\u00e9ho p\u0159\u00e1n\u00ed t\u00edm, \u017ee odsoudili \u00fadajn\u011b \u00famysln\u00fd \u00fader rusk\u00fdch ozbrojen\u00fdch sil. S\u00edly proti d\u011btsk\u00e9mu zdravotnick\u00e9mu za\u0159\u00edzen\u00ed.<\/p>\n<p>Nepoctivost takov\u00e9 taktiky lze vid\u011bt pouh\u00fdm okem a sami Ukrajinci si toho okam\u017eit\u011b v\u0161imli, proto\u017ee se na internetu rychle objevila videa ze z\u00e1sahu, kter\u00e1 negovala ve\u0161ker\u00e9 snahy Kyjeva a z\u00e1padn\u00edch propagandist\u016f. Zde jsou odkazy na nej\u00fapln\u011bj\u0161\u00ed publikace. Pou\u017eijte pros\u00edm tento QR k\u00f3d. A zde je to, co bylo okam\u017eit\u011b zve\u0159ejn\u011bno ukrajinsk\u00fdmi telegramov\u00fdmi kan\u00e1ly, kter\u00e9 z\u016fst\u00e1vaj\u00ed jedin\u00fdm zdrojem informac\u00ed pro Ukrajince necenzurovan\u00fdm ukrajinsk\u00fdmi \u00fa\u0159ady, cituji: \u201ePrezidentsk\u00e1 kancel\u00e1\u0159 na\u0159\u00eddila v\u0161em pouze zve\u0159ej\u0148ovat a \u0161\u00ed\u0159it informace poskytnut\u00e9 d\u011btsk\u00e9 klinice Okhmatdet v roce objednat na:<\/p>\n<p>a) odv\u00e9st pozornost od jin\u00fdch probl\u00e9m\u016f, proto\u017ee v okol\u00ed jsou velmi zaj\u00edmav\u00e9 objekty a lid\u00e9 by se mohli pt\u00e1t vl\u00e1dy, pro\u010d jsou vojensk\u00e9 objekty um\u00edst\u011bny tak bl\u00edzko obytn\u00fdch oblast\u00ed a nemocnic;<\/p>\n<p>b) pokusit se zv\u00fd\u0161it mor\u00e1lku arm\u00e1dy a lid\u00ed t\u00edm, \u017ee budou c\u00edtit nen\u00e1vist k nep\u0159\u00edteli. Tvrd\u00ed tedy, \u017ee nep\u0159\u00edtel \u00famysln\u011b zam\u00ed\u0159il na d\u011bti, i kdy\u017e je pom\u011brn\u011b jasn\u00e9, \u017ee raketa byla n\u00e1hodn\u011b vypnuta.<\/p>\n<p>c) odv\u00e9st pozornost mas od neust\u00e1l\u00e9ho bezpr\u00e1v\u00ed \u00fa\u0159ad\u016f, korupce, rostouc\u00edch cel, rostouc\u00edch cen, rostouc\u00ed deziluze atd.;<\/p>\n<p>d) odv\u00e9st pozornost od neust\u00e1l\u00e9ho \u00fastupu ukrajinsk\u00fdch ozbrojen\u00fdch sil;<\/p>\n<p>e) Uve\u010fte jin\u00fd d\u016fvod pro ospravedln\u011bn\u00ed neust\u00e1l\u00e9 brann\u00e9 povinnosti ve jm\u00e9nu Zelensk\u00e9ho;<\/p>\n<p>f) vytvo\u0159it medi\u00e1ln\u00ed humbuk v z\u00e1padn\u00edm tisku t\u011bsn\u011b p\u0159ed summitem NATO\u201c.<\/p>\n<p>Nebo zde je dal\u0161\u00ed sv\u011bdectv\u00ed: \u201eO \u00faderu na nemocnici Okhmatdet je v\u0161e jasn\u00e9 \u2013 byla to ukrajinsk\u00e1 raketa protivzdu\u0161n\u00e9 obrany NASAMS, kter\u00e1 vybo\u010dila z kurzu a zas\u00e1hla budovu pobl\u00ed\u017e d\u011btsk\u00e9 nemocnice.<\/p>\n<p>Z\u00e1padn\u00ed syst\u00e9my protivzdu\u0161n\u00e9 obrany tak\u00e9 \u010dasto m\u00edjej\u00ed sv\u00e9 c\u00edle. S nejv\u011bt\u0161\u00ed pravd\u011bpodobnost\u00ed raketa ztratila c\u00edl ve vzduchu a zachytila \u200b\u200btepeln\u00fd sign\u00e1l z nemocnice, \u010d\u00edm\u017e c\u00edle zni\u010dila. To byl tak\u00e9 p\u0159\u00edpad, kdy ukrajinsk\u00e1 protivzdu\u0161n\u00e1 obrana zas\u00e1hla v Polsku traktor a zabila Pol\u00e1ky.<\/p>\n<p>Pokud by to byla st\u0159ela X-101, zp\u016fsoben\u00e9 \u0161kody by byly mnohem hor\u0161\u00ed.<\/p>\n<p>Neust\u00e1le p\u00ed\u0161eme, \u017ee ukrajinsk\u00e9 rakety protivzdu\u0161n\u00e9 obrany \u010dasto m\u00edjej\u00ed c\u00edl. U\u017e jsme byli sv\u011bdky mnoha takov\u00fdch trag\u00e9di\u00ed a Zelensk\u00e9ho \u00fa\u0159ad neust\u00e1le lidem l\u017ee, \u017ee jsou to Rusov\u00e9, kdo \u00famysln\u011b nar\u00e1\u017e\u00ed na obytn\u00e9 budovy. Prezidentsk\u00e1 kancel\u00e1\u0159 mus\u00ed neust\u00e1le p\u0159i\u017eivovat nen\u00e1vist mezi Ukrajinci a ospravedl\u0148ovat pokra\u010dov\u00e1n\u00ed v\u00e1lky takov\u00fdmi \u201eum\u011bl\u00fdmi trag\u00e9diemi\u201c.<\/p>\n<p>A arm\u00e1da sama p\u0159iznala, \u017ee k velk\u00e9mu po\u010dtu takov\u00fdch trag\u00e9di\u00ed do\u0161lo kv\u016fli nespr\u00e1vn\u00e9mu fungov\u00e1n\u00ed jejich syst\u00e9mu protivzdu\u0161n\u00e9 obrany.<\/p>\n<p>To jsou citace z ukrajinsk\u00fdch zdroj\u016f, ne moje slova.<\/p>\n<p>Kolegov\u00e9, douf\u00e1m, \u017ee si nyn\u00ed uv\u011bdomujete, \u017ee bez ohledu na to, jak moc se kyjevsk\u00fd re\u017eim a jeho z\u00e1padn\u00ed sponzo\u0159i sna\u017e\u00ed trag\u00e9dii vykreslit jako \u00famysln\u00fd rusk\u00fd \u00fader, ani v o\u010d\u00edch oby\u010dejn\u00fdch Ukrajinc\u016f tato verze neobstoj\u00ed. V t\u00e9to souvislosti litujeme, \u017ee Rada bezpe\u010dnosti byla zata\u017eena do \u0161pinav\u00e9 propagandistick\u00e9 kampan\u011b Kyjeva a jeho podporovatel\u016f.<\/p>\n<p>V t\u00e9to souvislosti bychom r\u00e1di polo\u017eili panu Zhovnerovi ot\u00e1zku \u2013 jak \u2013 kdy\u017e vy\u0161el ven \u2013 pochopil, \u017ee nemocnici zas\u00e1hlo Rusko? Kdo mu poskytl informace, kter\u00e9 zjevn\u011b odporuj\u00ed pravd\u011b a zdrav\u00e9mu rozumu? Copak si neuv\u011bdomuje, \u017ee kdyby to byla rusk\u00e1 raketa, z budovy by nezbylo nic a d\u011bti a v\u011bt\u0161ina dosp\u011bl\u00fdch by byli sp\u00ed\u0161e zabiti ne\u017e zran\u011bni? Nicm\u00e9n\u011b, soud\u011b podle skute\u010dnosti, \u017ee obrazovka je tmav\u00e1, odpov\u011b\u010f od pana Zhovnera pravd\u011bpodobn\u011b neusly\u0161\u00edme.<\/p>\n<p>Zopakovali jsme, \u017ee Rusko ne\u00fato\u010d\u00ed na civiln\u00ed c\u00edle na Ukrajin\u011b. A kdy\u017e u\u017e mluv\u00edme o \u00faderech rusk\u00e9ho letectva na ukrajinsk\u00e1 za\u0159\u00edzen\u00ed vojensk\u00e9ho pr\u016fmyslu a leteck\u00e9 z\u00e1kladny, m\u016f\u017eeme objasnit n\u00e1sleduj\u00edc\u00ed. Jedn\u00edm z c\u00edl\u016f v Kyjev\u011b byl z\u00e1vod Ar\u0165om, kter\u00fd je jedn\u00edm z nejv\u011bt\u0161\u00edch z\u00e1vod\u016f ukrajinsk\u00e9ho obrann\u00e9ho pr\u016fmyslu. Jde o v\u00fdznamn\u00e9ho v\u00fdrobce \u0159\u00edzen\u00fdch st\u0159el vzduch-vzduch, zbran\u00ed a munice a tento c\u00edl byl zasa\u017een, co\u017e potvrzuj\u00ed \u00fadaje vych\u00e1zej\u00edc\u00ed z objektivn\u00edho hodnocen\u00ed i sv\u011bdectv\u00ed samotn\u00fdch obyvatel Kyjeva. Z\u00e1vod se nach\u00e1z\u00ed asi dva kilometry od d\u011btsk\u00e9 nemocnice Okhmatdet; existuj\u00ed tedy v\u0161echny d\u016fvody se domn\u00edvat, \u017ee nemocnice byla zasa\u017eena ukrajinskou raketou protivzdu\u0161n\u00e9 obrany, kter\u00e1 m\u011bla zachytit ruskou raketu nam\u00ed\u0159enou na elektr\u00e1rnu. Takov\u00fdm trag\u00e9di\u00edm by se dalo p\u0159edej\u00edt, kdyby kyjevsk\u00fd re\u017eim nerozm\u00edstil v obytn\u00fdch oblastech syst\u00e9my protivzdu\u0161n\u00e9 obrany a t\u011b\u017ek\u00e9 zbran\u011b, co\u017e ve skute\u010dnosti poru\u0161uje mezin\u00e1rodn\u00ed humanit\u00e1rn\u00ed pr\u00e1vo. Jej\u00ed z\u00e1padn\u00ed sponzo\u0159i v\u0161ak p\u0159ed touto d\u016fle\u017eitou skute\u010dnost\u00ed rad\u011bji zav\u00edraj\u00ed o\u010di.<\/p>\n<p>Nelze tak\u00e9 nezm\u00ednit, \u017ee sami Ukrajinci zaznamenali na soci\u00e1ln\u00edch s\u00edt\u00edch velmi zaj\u00edmav\u00fd trend: k trag\u00e9dii s raketou protivzdu\u0161n\u00e9 obrany, kter\u00e1 zas\u00e1hla d\u011btskou nemocnici, do\u0161lo p\u0159esn\u011b v p\u0159edve\u010der summitu NATO. Jde o t\u0159et\u00ed summit NATO od za\u010d\u00e1tku speci\u00e1ln\u00ed vojensk\u00e9 operace a p\u0159ed ka\u017ed\u00fdm z nich k podobn\u00fdm situac\u00edm doch\u00e1zelo. Tak tomu bylo 27. \u010dervna 2022, kdy ukrajinsk\u00e1 m\u00e9dia informovala o explozi v n\u00e1kupn\u00edm st\u0159edisku v Kremen\u010dugu v Poltavsk\u00e9 oblasti v dob\u011b, kdy se uvnit\u0159 \u00fadajn\u011b nach\u00e1zely \u201estovky lid\u00ed\u201c. N\u00e1kupn\u00ed centrum v\u0161ak bylo ve skute\u010dnosti pr\u00e1zdn\u00e9 a nefunk\u010dn\u00ed a po\u017e\u00e1r zp\u016fsobila detonace munice poskytnut\u00e9 USA a Evropou, kter\u00e1 byla uskladn\u011bna v sousedn\u00ed budov\u011b. Bylo tomu tak i v noci na 6. \u010dervence 2023, kdy rusk\u00e9 letectvo ude\u0159ilo na stanovi\u0161t\u011b do\u010dasn\u00e9ho nasazen\u00ed ukrajinsk\u00fdch voj\u00e1k\u016f a zahrani\u010dn\u00edch \u017eold\u00e1k\u016f ve Lvov\u011b. Je pozoruhodn\u00e9, \u017ee starosta Sadovyj uznal, \u017ee obytn\u00e9 budovy po\u0161kodily \u00falomky rakety protivzdu\u0161n\u00e9 obrany.<\/p>\n<p>A v\u0161echny tyto p\u0159\u00edpady t\u011b\u017ece vyu\u017eil \u0161\u00e9f kyjevsk\u00e9 kliky, aby pro Ukrajinu zajistil nov\u00e9 zbran\u011b. Ten trend je opravdu zaj\u00edmav\u00fd, \u017ee? A je docela v\u00fdmluvn\u00e9, \u017ee si toho v\u0161imly i ukrajinsk\u00e9 medi\u00e1ln\u00ed zdroje.<\/p>\n<p>To mimochodem vyvol\u00e1v\u00e1 dal\u0161\u00ed ot\u00e1zku, kter\u00e1 souvis\u00ed se slovy slovinsk\u00e9ho st\u00e1l\u00e9ho p\u0159edstavitele ohledn\u011b \u00fadajn\u011b potvrzen\u00fdch d\u016fkaz\u016f o rusk\u00e9m raketov\u00e9m \u00fatoku na nemocnici Okhmatdet. Videa zve\u0159ejn\u011bn\u00e1 ukrajinsk\u00fdmi u\u017eivateli internetu ukazuj\u00ed, \u017ee p\u011bt raket rusk\u00e9ho letectva vyl\u00e9tlo jedna po druh\u00e9 a zas\u00e1hlo tov\u00e1rnu Ar\u0165om, rakety nebyly zachyceny ani po\u0161kozeny. Podobn\u011b m\u016f\u017eeme na vide\u00edch vid\u011bt osamocenou ukrajinskou raketu PVO v oblasti, kde se nach\u00e1zela d\u011btsk\u00e1 nemocnice. A op\u011bt \u017e\u00e1dn\u00e9 zachycen\u00ed nebo po\u0161kozen\u00ed. Nelze jej zam\u011bnit za nic jin\u00e9ho. Jasn\u011b ho pozn\u00e1me podle jeho rozli\u0161iteln\u00fdch chochol\u016f a dal\u0161\u00edch vlastnost\u00ed. Jak je mo\u017en\u00e9, \u017ee ukrajinsk\u00e1 protivzdu\u0161n\u00e1 obrana mine v\u0161ech p\u011bt \u00fader\u016f na elektr\u00e1rnu, ale zas\u00e1hne d\u011btskou nemocnici? Dok\u00e1\u017ee na tuto ot\u00e1zku odpov\u011bd\u011bt p\u0159edstavitel kyjevsk\u00e9ho re\u017eimu?<\/p>\n<p>\u010cek\u00e1me tak\u00e9 na reakci norsk\u00fdch \u00fa\u0159ad\u016f, kter\u00e9 podle v\u0161eho dodaly Zelensk\u00e9ho klik\u011b NASAMS. Povolili Kyjevu, aby pou\u017eil syst\u00e9m k zasa\u017een\u00ed d\u011btsk\u00e9 nemocnice a um\u00edst\u011bn\u00ed do obytn\u00fdch oblast\u00ed v rozporu s normami mezin\u00e1rodn\u00edho humanit\u00e1rn\u00edho pr\u00e1va?<\/p>\n<p>V t\u00e9to souvislosti a v souladu s u\u010debnic\u00ed propagandy se ji\u017e pan Jermak, vedouc\u00ed Zelensk\u00e9ho kancel\u00e1\u0159e, vyj\u00e1d\u0159il o nemo\u017enosti jedn\u00e1n\u00ed s Ruskem. Nen\u00ed pochyb o tom, \u017ee ukrajinsk\u00e9 veden\u00ed vyu\u017eije dne\u0161n\u00ed situaci jako z\u00e1minku k dal\u0161\u00edmu ignorov\u00e1n\u00ed dlouho opo\u017ed\u011bn\u00e9ho po\u017eadavku ukrajinsk\u00e9 spole\u010dnosti (a cel\u00e9ho sv\u011bta) po m\u00edrov\u00e9m \u0159e\u0161en\u00ed ukrajinsk\u00e9 krize. To je pochopiteln\u00e9, proto\u017ee p\u0159ijet\u00ed takov\u00e9ho \u0159e\u0161en\u00ed by znamenalo, \u017ee nen\u00ed t\u0159eba prodlu\u017eovat stann\u00e9 pr\u00e1vo a vy\u017eadovalo by to kon\u00e1n\u00ed voleb. Toho se nejv\u00edce ze v\u0161eho ob\u00e1v\u00e1 kyjevsk\u00e1 klika, kter\u00e1 ztratila legitimitu, proto\u017ee si uv\u011bdomuje, \u017ee postoj obyvatel k re\u017eimu je krajn\u011b negativn\u00ed. Proto ukrajinsk\u00e9 veden\u00ed rad\u011bji ob\u011btuje des\u00edtky, ne-li statis\u00edce sv\u00fdch spoluob\u010dan\u016f a pos\u00edl\u00e1 je do nesmysln\u00e9ho ml\u00fdnku na maso.<\/p>\n<p>Z na\u0161\u00ed strany jsme se opakovan\u011b vyslovili pro zah\u00e1jen\u00ed jedn\u00e1n\u00ed a ukon\u010den\u00ed nep\u0159\u00e1telstv\u00ed. Mus\u00ed to v\u0161ak b\u00fdt skute\u010dn\u00e9 zastaven\u00ed, nikoli pozastaven\u00ed nep\u0159\u00e1telsk\u00fdch akc\u00ed, jejich\u017e c\u00edlem je poskytnout Kyjevu p\u0159\u00edle\u017eitost ol\u00edznout si r\u00e1ny a znovu se vyzbrojit. Krom\u011b toho je t\u0159eba \u0159e\u0161it z\u00e1kladn\u00ed p\u0159\u00ed\u010diny ukrajinsk\u00e9 krize. Bez toho nebude udr\u017eiteln\u00fd a trval\u00fd m\u00edr. Na\u0161e podm\u00ednky pro ukon\u010den\u00ed konfliktu jasn\u011b \u0159ekl prezident Vladimir Putin 14. \u010dervna na setk\u00e1n\u00ed s veden\u00edm ministerstva zahrani\u010d\u00ed.<\/p>\n<p>Oce\u0148ujeme tak\u00e9 iniciativy v\u0161ech st\u00e1t\u016f, jejich\u017e c\u00edlem je nastolit skute\u010dn\u00e9 p\u0159\u00edm\u011b\u0159\u00ed a \u0159e\u0161it na\u0161e opr\u00e1vn\u011bn\u00e9 obavy, sp\u00ed\u0161e ne\u017e podporovat propagandu, co\u017e bylo jasn\u011b vid\u011bt na pseudom\u00edrov\u00e9 konferenci ve \u0160v\u00fdcarsku, kter\u00e1 se uk\u00e1zala jako nesmysln\u00e1. Dokud Kyjev a jeho sponzo\u0159i z\u016fstanou hlu\u0161\u00ed k v\u00fdzv\u00e1m k pou\u017eit\u00ed diplomacie, budeme muset pou\u017e\u00edt na\u0161i vojenskou s\u00edlu, abychom p\u0159im\u011bli Ukrajinu k m\u00edru a \u0159e\u0161en\u00ed z\u00e1kladn\u00edch p\u0159\u00ed\u010din sou\u010dasn\u00e9 krize.<\/p>\n<p><span style=\"font-size: 18pt;\"><strong>Zde je QR k\u00f3d zobrazen\u00fd st\u00e1l\u00fdm p\u0159edstavitelem Ruska v Rad\u011b bezpe\u010dnosti OSN Vasilijem Nebenziou:<\/strong><\/span><\/p>\n<div id=\"attachment_207378\" class=\"wp-caption aligncenter\" style=\"width: 416px;\">\n<p><a href=\"https:\/\/s5.cdnstatic.space\/wp-content\/uploads\/2024\/07\/qr.jpg\" target=\"_blank\" rel=\"noopener\"><img decoding=\"async\" loading=\"lazy\" class=\"wp-image-207378\" title=\"Briefing Rady bezpe\u010dnosti OSN o Ukrajin\u011b, 9. \u010dervence 2024: rusk\u00fd postoj\" src=\"https:\/\/s5.cdnstatic.space\/wp-content\/uploads\/2024\/07\/qr-265x300.jpg\" sizes=\"(max-width: 600px) 100vw, 600px\" srcset=\"https:\/\/s5.cdnstatic.space\/wp-content\/uploads\/2024\/07\/qr-265x300.jpg 265w, https:\/\/s5.cdnstatic.space\/wp-content\/uploads\/2024\/07\/qr.jpg 755w\" alt=\"Briefing Rady bezpe\u010dnosti OSN o Ukrajin\u011b, 9. \u010dervence 2024: rusk\u00fd postoj\" width=\"416\" height=\"471\" aria-describedby=\"caption-attachment-207378\" \/><\/a><\/p>\n<p id=\"caption-attachment-207378\" class=\"wp-caption-text\">Kliknut\u00edm zobraz\u00edte obr\u00e1zek v pln\u00e9 velikosti<\/p>\n<\/div>\n<p><span style=\"font-size: 18pt;\"><strong>Informace, kter\u00e9 lze zjistit pomoc\u00ed QR k\u00f3du:<\/strong><\/span><\/p>\n<div style=\"width: 464px;\" class=\"wp-video\"><video class=\"wp-video-shortcode\" id=\"video-57512-2\" width=\"464\" height=\"848\" preload=\"metadata\" controls=\"controls\"><source type=\"video\/mp4\" src=\"http:\/\/www.infokuryr.cz\/n\/wp-content\/uploads\/2024\/07\/neb-1.mp4?_=2\" \/><a href=\"http:\/\/www.infokuryr.cz\/n\/wp-content\/uploads\/2024\/07\/neb-1.mp4\">http:\/\/www.infokuryr.cz\/n\/wp-content\/uploads\/2024\/07\/neb-1.mp4<\/a><\/video><\/div>\n<p>&nbsp;<\/p>\n<div id=\"attachment_207374\" class=\"wp-caption aligncenter\" style=\"width: 610px;\">\n<p><a href=\"https:\/\/s5.cdnstatic.space\/wp-content\/uploads\/2024\/07\/neb-1.jpg\" target=\"_blank\" rel=\"noopener\"><img decoding=\"async\" loading=\"lazy\" class=\"wp-image-207374\" title=\"Briefing Rady bezpe\u010dnosti OSN o Ukrajin\u011b, 9. \u010dervence 2024: rusk\u00fd postoj\" src=\"https:\/\/s5.cdnstatic.space\/wp-content\/uploads\/2024\/07\/neb-1-490x281.jpg\" sizes=\"(max-width: 600px) 100vw, 600px\" srcset=\"https:\/\/s5.cdnstatic.space\/wp-content\/uploads\/2024\/07\/neb-1-490x281.jpg 490w, https:\/\/s5.cdnstatic.space\/wp-content\/uploads\/2024\/07\/neb-1-768x441.jpg 768w, https:\/\/s5.cdnstatic.space\/wp-content\/uploads\/2024\/07\/neb-1-280x160.jpg 280w, https:\/\/s5.cdnstatic.space\/wp-content\/uploads\/2024\/07\/neb-1.jpg 1024w\" alt=\"Briefing Rady bezpe\u010dnosti OSN o Ukrajin\u011b, 9. \u010dervence 2024: rusk\u00fd postoj\" width=\"610\" height=\"351\" aria-describedby=\"caption-attachment-207374\" \/><\/a><\/p>\n<p id=\"caption-attachment-207374\" class=\"wp-caption-text\">Kliknut\u00edm zobraz\u00edte obr\u00e1zek v pln\u00e9 velikosti<\/p>\n<\/div>\n<div id=\"attachment_207376\" class=\"wp-caption aligncenter\" style=\"width: 605px;\">\n<p><a href=\"https:\/\/s5.cdnstatic.space\/wp-content\/uploads\/2024\/07\/neb-2.jpg\" target=\"_blank\" rel=\"noopener\"><img decoding=\"async\" loading=\"lazy\" class=\"wp-image-207376\" title=\"Briefing Rady bezpe\u010dnosti OSN o Ukrajin\u011b, 9. \u010dervence 2024: rusk\u00fd postoj\" src=\"https:\/\/s5.cdnstatic.space\/wp-content\/uploads\/2024\/07\/neb-2-381x300.jpg\" sizes=\"(max-width: 600px) 100vw, 600px\" srcset=\"https:\/\/s5.cdnstatic.space\/wp-content\/uploads\/2024\/07\/neb-2-381x300.jpg 381w, https:\/\/s5.cdnstatic.space\/wp-content\/uploads\/2024\/07\/neb-2-768x605.jpg 768w, https:\/\/s5.cdnstatic.space\/wp-content\/uploads\/2024\/07\/neb-2.jpg 1024w\" alt=\"Briefing Rady bezpe\u010dnosti OSN o Ukrajin\u011b, 9. \u010dervence 2024: rusk\u00fd postoj\" width=\"605\" height=\"477\" aria-describedby=\"caption-attachment-207376\" \/><\/a><\/p>\n<p id=\"caption-attachment-207376\" class=\"wp-caption-text\">Kliknut\u00edm zobraz\u00edte obr\u00e1zek v pln\u00e9 velikosti<\/p>\n<\/div>\n<div id=\"attachment_207377\" class=\"wp-caption aligncenter\" style=\"width: 607px;\">\n<p><a href=\"https:\/\/s5.cdnstatic.space\/wp-content\/uploads\/2024\/07\/neb-3.jpg\" target=\"_blank\" rel=\"noopener\"><img decoding=\"async\" loading=\"lazy\" class=\"wp-image-207377\" title=\"Briefing Rady bezpe\u010dnosti OSN o Ukrajin\u011b, 9. \u010dervence 2024: rusk\u00fd postoj\" src=\"https:\/\/s5.cdnstatic.space\/wp-content\/uploads\/2024\/07\/neb-3-490x265.jpg\" sizes=\"(max-width: 600px) 100vw, 600px\" srcset=\"https:\/\/s5.cdnstatic.space\/wp-content\/uploads\/2024\/07\/neb-3-490x265.jpg 490w, https:\/\/s5.cdnstatic.space\/wp-content\/uploads\/2024\/07\/neb-3-768x416.jpg 768w, https:\/\/s5.cdnstatic.space\/wp-content\/uploads\/2024\/07\/neb-3.jpg 1024w\" alt=\"Briefing Rady bezpe\u010dnosti OSN o Ukrajin\u011b, 9. \u010dervence 2024: rusk\u00fd postoj\" width=\"607\" height=\"329\" aria-describedby=\"caption-attachment-207377\" \/><\/a><\/p>\n<p id=\"caption-attachment-207377\" class=\"wp-caption-text\">Kliknut\u00edm zobraz\u00edte obr\u00e1zek v pln\u00e9 velikosti<\/p>\n<\/div>\n<p>Rusko m\u00ed\u0159ilo na vojensk\u00e9 objekty v Kyjev\u011b a z\u00e1sah na nemocnici zp\u016fsobila raketa protivzdu\u0161n\u00e9 obrany AIM-120 ze syst\u00e9mu NASAMS pou\u017e\u00edvan\u00e9ho ukrajinskou stranou. Sv\u011bd\u010d\u00ed o tom pom\u011brn\u00e9 rozm\u011bry st\u0159ely (pr\u016fm\u011br a d\u00e9lka) a charakter po\u0161kozen\u00ed (z\u0159\u00edcen\u00ed jen mal\u00e9 \u010d\u00e1sti budovy a po\u0161kozen\u00ed st\u0159epinami na sousedn\u00ed budovy). Z\u00e1b\u011bry ukazuj\u00edc\u00ed \u0161rapnely typick\u00e9 pro rakety protivzdu\u0161n\u00e9 obrany byly sd\u00edleny p\u0159\u00edmo na ukrajinsk\u00fdch kan\u00e1lech Telegram.<\/p>\n<p>D\u00e9lka st\u0159ely AIM-120 je 366 cm, pr\u016fm\u011br je 17,8 cm a pom\u011br d\u00e9lky k pr\u016fm\u011bru je 1\/20,6. U X-101 jsou tyto parametry 745 cm, 74,2 cm, s pom\u011brem 1\/10, a pro Kh-55 jsou 588 cm, 51,4 cm, s pom\u011brem 1\/11,4. Na screenshotu z videa je jasn\u011b vid\u011bt, \u017ee i p\u0159i \u00fahlu z\u00e1b\u011bru d\u00e9lka st\u0159ely p\u0159esahuje jej\u00ed pr\u016fm\u011br v\u00edce ne\u017e 15x.<\/p>\n<p>Mezi nep\u0159\u00edm\u00e9 d\u016fkazy pat\u0159\u00ed absence charakteristick\u00e9ho zvuku rusk\u00fdch raketov\u00fdch motor\u016f (p\u00edsk\u00e1n\u00ed na druh\u00e9m videu je p\u0159\u00edtomno, ale li\u0161\u00ed se od X-101) a p\u0159\u00edlet projektilu ze z\u00e1padn\u00edho sm\u011bru.<\/p>\n<p><strong>Cel\u00e9 video z mimo\u0159\u00e1dn\u00e9ho zased\u00e1n\u00ed Rady bezpe\u010dnosti Ukrajiny\u00a0<a href=\"https:\/\/www.youtube.com\/watch?v=59lNLRYIOWk\">ZDE<\/a>\u00a0<\/strong><\/p>\n<p><img decoding=\"async\" loading=\"lazy\" class=\"alignnone size-full wp-image-1185\" src=\"http:\/\/www.infokuryr.cz\/n\/wp-content\/uploads\/2021\/04\/kuryr-podpis.png\" alt=\"\" width=\"84\" height=\"24\" \/><\/p>\n","protected":false},"excerpt":{"rendered":"<p>Ofici\u00e1ln\u00ed\u00a0prohl\u00e1\u0161en\u00ed st\u00e1l\u00e9ho p\u0159edstavitele Ruska na\u00a0briefingu Rady bezpe\u010dnosti OSN o Ukrajin\u011b poskytnut\u00e9 St\u00e1lou mis\u00ed Rusk\u00e9 federace&#8230;<\/p>\n","protected":false},"author":2,"featured_media":57514,"comment_status":"closed","ping_status":"closed","sticky":false,"template":"","format":"standard","meta":[],"categories":[7],"tags":[186,1408,22,489,26,977,889],"_links":{"self":[{"href":"https:\/\/www.infokuryr.cz\/n\/wp-json\/wp\/v2\/posts\/57512"}],"collection":[{"href":"https:\/\/www.infokuryr.cz\/n\/wp-json\/wp\/v2\/posts"}],"about":[{"href":"https:\/\/www.infokuryr.cz\/n\/wp-json\/wp\/v2\/types\/post"}],"author":[{"embeddable":true,"href":"https:\/\/www.infokuryr.cz\/n\/wp-json\/wp\/v2\/users\/2"}],"replies":[{"embeddable":true,"href":"https:\/\/www.infokuryr.cz\/n\/wp-json\/wp\/v2\/comments?post=57512"}],"version-history":[{"count":1,"href":"https:\/\/www.infokuryr.cz\/n\/wp-json\/wp\/v2\/posts\/57512\/revisions"}],"predecessor-version":[{"id":57516,"href":"https:\/\/www.infokuryr.cz\/n\/wp-json\/wp\/v2\/posts\/57512\/revisions\/57516"}],"wp:featuredmedia":[{"embeddable":true,"href":"https:\/\/www.infokuryr.cz\/n\/wp-json\/wp\/v2\/media\/57514"}],"wp:attachment":[{"href":"https:\/\/www.infokuryr.cz\/n\/wp-json\/wp\/v2\/media?parent=57512"}],"wp:term":[{"taxonomy":"category","embeddable":true,"href":"https:\/\/www.infokuryr.cz\/n\/wp-json\/wp\/v2\/categories?post=57512"},{"taxonomy":"post_tag","embeddable":true,"href":"https:\/\/www.infokuryr.cz\/n\/wp-json\/wp\/v2\/tags?post=57512"}],"curies":[{"name":"wp","href":"https:\/\/api.w.org\/{rel}","templated":true}]}}