{"id":57509,"date":"2024-07-11T00:44:24","date_gmt":"2024-07-10T22:44:24","guid":{"rendered":"https:\/\/www.infokuryr.cz\/n\/?p=57509"},"modified":"2024-07-10T15:34:04","modified_gmt":"2024-07-10T13:34:04","slug":"le-penova-odsoudila-hon-na-carodejnice-pote-co-bylo-zahajeno-vysetrovani-financovani-prezidentske-kampane-v-roce-2022","status":"publish","type":"post","link":"https:\/\/www.infokuryr.cz\/n\/2024\/07\/11\/le-penova-odsoudila-hon-na-carodejnice-pote-co-bylo-zahajeno-vysetrovani-financovani-prezidentske-kampane-v-roce-2022\/","title":{"rendered":"Le Penov\u00e1 odsoudila hon na \u010darod\u011bjnice pot\u00e9, co bylo zah\u00e1jeno vy\u0161et\u0159ov\u00e1n\u00ed financov\u00e1n\u00ed prezidentsk\u00e9 kampan\u011b v roce 2022"},"content":{"rendered":"<div id=\"fb-root\"><\/div>\n<h2 class=\"s-tagline fw-tagline\"><span>T\u00fdm Marine Le Penov\u00e9 \u0159\u00edk\u00e1, \u017ee obvin\u011bn\u00ed jsou mlhav\u00e1 a nedostali \u0161anci jim \u010delit<\/span><\/h2>\n<p><span>Ve Francii bylo zah\u00e1jeno vy\u0161et\u0159ov\u00e1n\u00ed podez\u0159el\u00e9ho nez\u00e1konn\u00e9ho financov\u00e1n\u00ed prezidentsk\u00e9 volebn\u00ed kampan\u011b Marine Le Penov\u00e9 v roce 2022, potvrdila v \u00fater\u00fd pa\u0159\u00ed\u017esk\u00e1 prokuratura.<\/span><\/p>\n<p><span>Podle BFMTV bylo 2. \u010dervence zah\u00e1jeno\u00a0<\/span><a class=\"ek-link\" href=\"https:\/\/infostart.hu\/kulfold\/2024\/07\/09\/illegalis-kampanyfinanszirozassal-gyanusitjak-marine-le-pen-partjat#\"><span>p\u0159edb\u011b\u017en\u00e9 \u0159\u00edzen\u00ed<\/span><\/a><span>\u00a0o pro\u0161et\u0159en\u00ed p\u016fj\u010dky od pr\u00e1vnick\u00e9 osoby, uvedla ob\u017ealoba. \u017d\u00e1dn\u00e9 dal\u0161\u00ed podrobnosti souvisej\u00edc\u00ed s vy\u0161et\u0159ov\u00e1n\u00edm v\u0161ak nebyly poskytnuty.<\/span><\/p>\n<p><span>Od roku 1990 je financov\u00e1n\u00ed francouzsk\u00fdch volebn\u00edch kampan\u00ed \u0159\u00edzeno a kontrolov\u00e1no nez\u00e1visl\u00fdm org\u00e1nem, N\u00e1rodn\u00ed komis\u00ed pro \u00fa\u010dty kampan\u00ed (CNCCFP), kter\u00e1 schvaluje propl\u00e1cen\u00ed \u010d\u00e1sti v\u00fddaj\u016f na kampa\u0148 kandid\u00e1t\u016fm st\u00e1tem.<\/span><\/p>\n<p><span>Pr\u00e1v\u011b tento \u00fa\u0159ad v roce 2023 ozn\u00e1mil pa\u0159\u00ed\u017esk\u00e9 prokuratu\u0159e podez\u0159en\u00ed na nesrovnalosti ve financov\u00e1n\u00ed kampan\u011b prezidentsk\u00e9ho kandid\u00e1ta N\u00e1rodn\u00edho volebn\u00edho obvodu.<\/span><\/p>\n<p><span>Vy\u0161et\u0159ov\u00e1n\u00ed vede finan\u010dn\u00ed odd\u011blen\u00ed pa\u0159\u00ed\u017esk\u00e9 krimin\u00e1ln\u00ed policie pod veden\u00edm nez\u00e1visl\u00e9ho vy\u0161et\u0159uj\u00edc\u00edho soudce, uvedla prokuratura.<\/span><\/p>\n<p><span>&#8222;M\u016fj klient nebyl nikdy v \u017e\u00e1dn\u00e9m p\u0159\u00edpad\u011b vyslechnut ohledn\u011b \u017e\u00e1dn\u00e9 ze skute\u010dnost\u00ed tohoto obecn\u00e9ho obvin\u011bn\u00ed,&#8220; uvedl v prohl\u00e1\u0161en\u00ed pr\u00e1vn\u00edk Marine Le Pen Rodolphe Bosselut. \u201eNyn\u00ed \u010del\u00ed medi\u00e1ln\u00ed kampani, na kterou zat\u00edm nem\u016f\u017ee reagovat ani se br\u00e1nit, proto\u017ee si nen\u00ed v\u011bdoma \u017e\u00e1dn\u00fdch konkr\u00e9tn\u00edch obvin\u011bn\u00edch, kter\u00e9 by mohly b\u00fdt p\u0159edm\u011btem podrobn\u00e9 reakce,\u201c dodal pr\u00e1vn\u00edk a nazna\u010dil, \u017ee to bylo \u201emarn\u00e9\u201c a \u017ee po\u017e\u00e1dal st\u00e1tn\u00ed zastupitelstv\u00ed o dal\u0161\u00ed podrobnosti.<\/span><\/p>\n<p><span>&#8222;\u0158\u00edzen\u00ed je v\u00e1gn\u00ed obvin\u011bn\u00ed, kter\u00e9 nelze zpochybnit nebo napadnout, a tak pran\u00fd\u0159ovat m\u00e9ho klienta v m\u00e9di\u00edch je ne\u010destn\u00e9,&#8220; zd\u016fraznil pr\u00e1vn\u00ed z\u00e1stupce Marine Le Penov\u00e9.<\/span><\/p>\n<p><span>Tiskov\u00e1 agentura AFP citovala nejmenovan\u00fd zdroj z National Rally (RN), kter\u00fd p\u0159ipomn\u011bl, \u017ee \u00fa\u010det Marine Le Penov\u00e9 za prezidentskou kampa\u0148 byl schv\u00e1len p\u0159\u00edslu\u0161n\u00fdm \u00fa\u0159adem v prosinci 2022 a st\u00e1t uhradil \u010d\u00e1st n\u00e1klad\u016f v \u00fanoru 2023.<\/span><\/p>\n<p><img decoding=\"async\" loading=\"lazy\" class=\"alignnone size-full wp-image-1185\" src=\"http:\/\/www.infokuryr.cz\/n\/wp-content\/uploads\/2021\/04\/kuryr-podpis.png\" alt=\"\" width=\"84\" height=\"24\" \/><\/p>\n<p>&nbsp;<\/p>\n","protected":false},"excerpt":{"rendered":"<p>T\u00fdm Marine Le Penov\u00e9 \u0159\u00edk\u00e1, \u017ee obvin\u011bn\u00ed jsou mlhav\u00e1 a nedostali \u0161anci jim \u010delit Ve&#8230;<\/p>\n","protected":false},"author":2,"featured_media":1323,"comment_status":"closed","ping_status":"closed","sticky":false,"template":"","format":"standard","meta":[],"categories":[7],"tags":[130,249,1226],"_links":{"self":[{"href":"https:\/\/www.infokuryr.cz\/n\/wp-json\/wp\/v2\/posts\/57509"}],"collection":[{"href":"https:\/\/www.infokuryr.cz\/n\/wp-json\/wp\/v2\/posts"}],"about":[{"href":"https:\/\/www.infokuryr.cz\/n\/wp-json\/wp\/v2\/types\/post"}],"author":[{"embeddable":true,"href":"https:\/\/www.infokuryr.cz\/n\/wp-json\/wp\/v2\/users\/2"}],"replies":[{"embeddable":true,"href":"https:\/\/www.infokuryr.cz\/n\/wp-json\/wp\/v2\/comments?post=57509"}],"version-history":[{"count":0,"href":"https:\/\/www.infokuryr.cz\/n\/wp-json\/wp\/v2\/posts\/57509\/revisions"}],"wp:featuredmedia":[{"embeddable":true,"href":"https:\/\/www.infokuryr.cz\/n\/wp-json\/wp\/v2\/media\/1323"}],"wp:attachment":[{"href":"https:\/\/www.infokuryr.cz\/n\/wp-json\/wp\/v2\/media?parent=57509"}],"wp:term":[{"taxonomy":"category","embeddable":true,"href":"https:\/\/www.infokuryr.cz\/n\/wp-json\/wp\/v2\/categories?post=57509"},{"taxonomy":"post_tag","embeddable":true,"href":"https:\/\/www.infokuryr.cz\/n\/wp-json\/wp\/v2\/tags?post=57509"}],"curies":[{"name":"wp","href":"https:\/\/api.w.org\/{rel}","templated":true}]}}