{"id":57495,"date":"2024-07-11T00:37:16","date_gmt":"2024-07-10T22:37:16","guid":{"rendered":"https:\/\/www.infokuryr.cz\/n\/?p=57495"},"modified":"2024-07-10T14:53:18","modified_gmt":"2024-07-10T12:53:18","slug":"petr-imanuelsens-pravda-o-francouzskych-volbach","status":"publish","type":"post","link":"https:\/\/www.infokuryr.cz\/n\/2024\/07\/11\/petr-imanuelsens-pravda-o-francouzskych-volbach\/","title":{"rendered":"Petr Imanuelsens: Pravda o francouzsk\u00fdch volb\u00e1ch"},"content":{"rendered":"<div id=\"fb-root\"><\/div>\n<div class=\"elementor-element elementor-element-1fb4c2c elementor-widget elementor-widget-theme-post-content\" data-id=\"1fb4c2c\" data-element_type=\"widget\" data-widget_type=\"theme-post-content.default\">\n<div class=\"elementor-widget-container\">\n<p><span style=\"font-size: 18pt;\"><em><strong>Zasv\u011bcen\u00e1 anal\u00fdza politick\u00e9ho prost\u0159ed\u00ed Petera Imanuelsena.<\/strong><\/em><\/span><\/p>\n<p>Volby ve Francii v ned\u011bli ve\u010der byly thrillerem. V\u0161ichni o\u010dek\u00e1vali, \u017ee vyhraje krajn\u011b pravicov\u00e1 strana Marine Le Penov\u00e9, mo\u017en\u00e1 dokonce s absolutn\u00ed v\u011bt\u0161inou.<\/p>\n<p>Ale k p\u0159ekvapen\u00ed v\u0161ech a radosti mainstreamov\u00fdch m\u00e9di\u00ed z\u00edskali nejv\u00edce k\u0159esel krajn\u011b levicov\u00ed socialist\u00e9\/komunist\u00e9.<\/p>\n<p>Ale nen\u00ed to tak snadn\u00e9.<\/p>\n<p>Proto\u017ee nejv\u00edce hlas\u016f z\u00edskala pravice s 37 %, zat\u00edmco levice jen 26 %.<\/p>\n<p>Pravice ale dostala v\u00fdrazn\u011b m\u00e9n\u011b mand\u00e1t\u016f a skon\u010dila na t\u0159et\u00edm m\u00edst\u011b za krajn\u00ed levic\u00ed a Macronovou stranou.<\/p>\n<p>To je vlastn\u011b velk\u00e9 v\u00edt\u011bzstv\u00ed pravice, kter\u00e1 v posledn\u00edch letech dramaticky zv\u00fd\u0161ila sv\u016fj pod\u00edl na hlasech.<\/p>\n<p><strong>Tak, co se stalo?<\/strong><\/p>\n<p>Tady je moje informovan\u00e1 politick\u00e1 anal\u00fdza, kterou v mainstreamov\u00fdch m\u00e9di\u00edch nenajdete&#8230;<\/p>\n<p>Prezident Macron po t\u011b\u017ek\u00e9 por\u00e1\u017ece v evropsk\u00fdch volb\u00e1ch, ve kter\u00fdch zv\u00edt\u011bzila krajn\u011b pravicov\u00e1 strana Marine Le Penov\u00e9, narychlo vypsal nov\u00e9 volby.<\/p>\n<p>Francouzsk\u00fd volebn\u00ed syst\u00e9m umo\u017e\u0148uje dv\u011b kola hlasov\u00e1n\u00ed. Pokud kandid\u00e1ti z\u00edskaj\u00ed v prvn\u00edm kole dostatek hlas\u016f, jsou automaticky zvoleni do parlamentu. N\u00e1sleduje druh\u00e9 kolo hlasov\u00e1n\u00ed, ve kter\u00e9m jsou tak\u00e9 zvoleni dva nejvy\u0161\u0161\u00ed kandid\u00e1ti a ka\u017ed\u00fd kandid\u00e1t, kter\u00fd z\u00edskal alespo\u0148 12,5 procenta hlas\u016f ve volebn\u00edm obvodu.<\/p>\n<p>V prvn\u00edm kole hlasov\u00e1n\u00ed zv\u00edt\u011bzila pravicov\u00e1 strana N\u00e1rodn\u00ed shrom\u00e1\u017ed\u011bn\u00ed s v\u00edce ne\u017e 33 % hlas\u016f. Volebn\u00ed \u00fa\u010dast byla rekordn\u00ed, byla nejvy\u0161\u0161\u00ed za posledn\u00edch 40 let. Tolik lid\u00ed volilo pravici.<\/p>\n<p>To vyvolalo paniku establishmentu, proto\u017ee existovala mo\u017enost, \u017ee by pravice mohla z\u00edskat nadpolovi\u010dn\u00ed v\u011bt\u0161inu a jmenovat premi\u00e9ra.<\/p>\n<p><strong>Co tedy ud\u011blali?<\/strong><\/p>\n<p>Macronova strana se dohodla s krajn\u011b levicov\u00fdmi socialisty\/komunisty na taktick\u00e9m sta\u017een\u00ed sv\u00fdch kandid\u00e1t\u016f pro druh\u00e9 kolo, aby z\u00edskala co nejv\u011bt\u0161\u00ed podporu pro nepravicov\u00e9ho kandid\u00e1ta.<\/p>\n<p>V\u00edce ne\u017e 200 kandid\u00e1t\u016f bylo takticky sta\u017eeno, aby zabr\u00e1nili pravici z\u00edskat k\u0159esla \u2013 a vypad\u00e1 to, \u017ee tato taktika fungovala skv\u011ble.<\/p>\n<p><strong>Poj\u010fme se pod\u00edvat na v\u00fdsledky druh\u00e9ho kola hlasov\u00e1n\u00ed.<\/strong><\/p>\n<ul>\n<li>N\u00e1rodn\u00ed shrom\u00e1\u017ed\u011bn\u00ed Marine Le Penov\u00e9 obdr\u017eelo 37 % hlas\u016f, ale pouze 142 k\u0159esel.<\/li>\n<li>Socialist\u00e9\/komunist\u00e9 z\u00edskali 26 % hlas\u016f a 180 mand\u00e1t\u016f.<\/li>\n<li>Macronova strana z\u00edskala 24,5 % hlas\u016f a 159 mand\u00e1t\u016f.<\/li>\n<\/ul>\n<p>\u010cili pravice byla zdaleka nejsiln\u011bj\u0161\u00ed stranou, ale skon\u010dila a\u017e na t\u0159et\u00edm m\u00edst\u011b. Z\u00edskala 10,1 milionu hlas\u016f ve srovn\u00e1n\u00ed s pouh\u00fdmi 6,7 miliony pro Macronovu stranu, ale Macronova strana z\u00edskala v\u00edce k\u0159esel v parlamentu!<\/p>\n<p><strong>Je jasn\u00e9, \u017ee v\u016fle lidu \u0161la doprava.<\/strong><\/p>\n<p>P\u0159ipom\u00edn\u00e1 to situaci ve Velk\u00e9 Brit\u00e1nii, kde Reformn\u00ed strana Nigela Farage z\u00edskala 4 miliony hlas\u016f, ale pouze 5 k\u0159esel. Pro srovn\u00e1n\u00ed, liber\u00e1ln\u00ed demokrat\u00e9 dostali jen 3,5 milionu hlas\u016f, ale z\u00edskali 72 k\u0159esel.<\/p>\n<p>Za zm\u00ednku tak\u00e9 stoj\u00ed, \u017ee po v\u00edt\u011bzstv\u00ed pravice v prvn\u00edm kole hlasov\u00e1n\u00ed vy\u0161li levicov\u00ed extremist\u00e9 do ulic, vyvolali velk\u00e9 nepokoje a poni\u010dili obchody.<\/p>\n<p>To bylo zjevn\u011b u\u010din\u011bno proto, aby vystra\u0161ilo voli\u010de, aby nepodporovali pravici.<\/p>\n<p>V obdob\u00ed p\u0159ed druh\u00fdm kolem hlasov\u00e1n\u00ed obchody zabarik\u00e1dovaly v\u00fdlohy, aby se p\u0159ipravily na \u00fatoky levicov\u00fdch extremist\u016f.<\/p>\n<p>I p\u0159es sv\u00e9 v\u00edt\u011bzstv\u00ed zp\u016fsobili levicov\u00ed extremist\u00e9 masivn\u00ed chaos. Byla to demonstrace s\u00edly k zastra\u0161en\u00ed lid\u00ed. Klasick\u00e1 komunistick\u00e1 taktika.<\/p>\n<p>Nyn\u00ed cht\u011bj\u00ed levicov\u00ed radik\u00e1lov\u00e9 vl\u00e1dnout Francii naprosto \u0161\u00edlen\u00fdm ekonomick\u00fdm pl\u00e1nem, kter\u00fd zahrnuje 90procentn\u00ed da\u0148 z p\u0159\u00edjmu nad 400 000 eur.<\/p>\n<p>V\u00ed\u0161, co se stane potom? V\u0161ichni chyt\u0159\u00ed lid\u00e9 opust\u00ed zemi a ekonomick\u00e1 produktivita se zhrout\u00ed. To zase vede k tomu, \u017ee da\u0148ov\u00e9 p\u0159\u00edjmy sp\u00ed\u0161e klesaj\u00ed ne\u017e rostou.<\/p>\n<p><strong>Komunismus byl zkou\u0161en ji\u017e d\u0159\u00edve a v\u017edy selhal a znovu sel\u017ee.<\/strong><\/p>\n<p>Zaj\u00edmav\u00e9 ale je, \u017ee mainstreamov\u00e1 m\u00e9dia hystericky informuj\u00ed o volebn\u00edm v\u00edt\u011bzstv\u00ed pravice. M\u00e9dia neust\u00e1le popisuj\u00ed Marine Le Penovou jako \u201epravicovou extremistku\u201c. Ale m\u00e9dia jsou naprosto v po\u0159\u00e1dku, kdy\u017e vyhraj\u00ed komunist\u00e9.<\/p>\n<p>Z\u00e1stupce zvolen\u00fd do parlamentu za socialisty je dokonce mluv\u010d\u00edm n\u00e1siln\u00e9 skupiny Antifa, jej\u00ed\u017e \u010dlenov\u00e9 byli zat\u010deni za antisemitsk\u00fd \u00fatok na 15let\u00e9ho mlad\u00edka v metru.<\/p>\n<p><strong>O tom se v m\u00e9di\u00edch t\u00e9m\u011b\u0159 nep\u00ed\u0161e.<\/strong><\/p>\n<p>Krajn\u00ed levice ale nem\u00e1 v\u011bt\u0161inu, aby si d\u011blala, co chce. Mus\u00ed existovat n\u011bjak\u00e1 koalice.<\/p>\n<p>Te\u010f bude asi dost chaotick\u00e1 vl\u00e1da. Zvl\u00e1\u0161\u0165 pokud prosad\u00ed svou 90procentn\u00ed da\u0148 na bohat\u00fdch&#8230;<\/p>\n<p>Mo\u017en\u00e1 bude v p\u0159\u00ed\u0161t\u00edch volb\u00e1ch v\u00edce lid\u00ed volit pravici.<\/p>\n<p>P\u0159\u00ed\u0161t\u00ed prezidentsk\u00e9 volby jsou v roce 2027.<\/p>\n<p>Tipni si!<\/p>\n<p><strong>P\u0158EKVAPEN\u00cd!<\/strong><\/p>\n<p>Jen n\u011bkolik dn\u00ed po volebn\u00edm v\u00edt\u011bzstv\u00ed levice vy\u0161et\u0159uj\u00ed francouz\u0161t\u00ed prokur\u00e1to\u0159i Marine Le Penovou a jej\u00ed stranu N\u00e1rodn\u00ed shrom\u00e1\u017ed\u011bn\u00ed kv\u016fli \u201enez\u00e1konn\u00e9mu financov\u00e1n\u00ed\u201c jejich posledn\u00ed prezidentsk\u00e9 volebn\u00ed kampan\u011b a cht\u011bj\u00ed ji na p\u011bt let vylou\u010dit z voleb a vyhro\u017eovat j\u00ed a\u017e deseti lety. ve v\u011bzen\u00ed.<\/p>\n<p>V tomto p\u0159\u00edpad\u011b se ji\u017e v roce 2027 nemohla st\u00e1t prezidentkou.<\/p>\n<p>Vypad\u00e1 to, \u017ee tvrd\u011b pracuj\u00ed, aby zabr\u00e1nili pravici ve v\u00edt\u011bzstv\u00ed. Nejprve se Macron spojil s krajn\u00ed levic\u00ed, aby zabr\u00e1nil v\u00edt\u011bzstv\u00ed pravice, a nyn\u00ed se \u017ealobci sna\u017e\u00ed zak\u00e1zat Marine Le Penov\u00e9 v p\u0159\u00ed\u0161t\u00edch prezidentsk\u00fdch volb\u00e1ch.<\/p>\n<p>I kdy\u017e je to nejv\u011bt\u0161\u00ed strana.<\/p>\n<\/div>\n<\/div>\n<div class=\"elementor-element elementor-element-8c57238 quelle dc-has-condition dc-condition-empty elementor-widget elementor-widget-heading\" data-id=\"8c57238\" data-element_type=\"widget\" data-widget_type=\"heading.default\">\n<div class=\"elementor-widget-container\">\n<h3 class=\"elementor-heading-title elementor-size-default\"><span style=\"font-size: 10pt;\"><a href=\"https:\/\/petersweden.substack.com\/p\/the-truth-about-the-french-election?utm_source=post-email-title&amp;publication_id=547128&amp;post_id=146434374&amp;utm_campaign=email-post-title&amp;isFreemail=false&amp;r=pf6gr&amp;triedRedirect=true&amp;utm_medium=email\" target=\"_blank\" rel=\"nofollow noopener\">ZDROJ<\/a><\/span><\/h3>\n<p>&nbsp;<\/p>\n<\/div>\n<\/div>\n","protected":false},"excerpt":{"rendered":"<p>Zasv\u011bcen\u00e1 anal\u00fdza politick\u00e9ho prost\u0159ed\u00ed Petera Imanuelsena. Volby ve Francii v ned\u011bli ve\u010der byly thrillerem. V\u0161ichni&#8230;<\/p>\n","protected":false},"author":2,"featured_media":57496,"comment_status":"closed","ping_status":"closed","sticky":false,"template":"","format":"standard","meta":[],"categories":[7],"tags":[1042,130,307,7570],"_links":{"self":[{"href":"https:\/\/www.infokuryr.cz\/n\/wp-json\/wp\/v2\/posts\/57495"}],"collection":[{"href":"https:\/\/www.infokuryr.cz\/n\/wp-json\/wp\/v2\/posts"}],"about":[{"href":"https:\/\/www.infokuryr.cz\/n\/wp-json\/wp\/v2\/types\/post"}],"author":[{"embeddable":true,"href":"https:\/\/www.infokuryr.cz\/n\/wp-json\/wp\/v2\/users\/2"}],"replies":[{"embeddable":true,"href":"https:\/\/www.infokuryr.cz\/n\/wp-json\/wp\/v2\/comments?post=57495"}],"version-history":[{"count":1,"href":"https:\/\/www.infokuryr.cz\/n\/wp-json\/wp\/v2\/posts\/57495\/revisions"}],"predecessor-version":[{"id":57497,"href":"https:\/\/www.infokuryr.cz\/n\/wp-json\/wp\/v2\/posts\/57495\/revisions\/57497"}],"wp:featuredmedia":[{"embeddable":true,"href":"https:\/\/www.infokuryr.cz\/n\/wp-json\/wp\/v2\/media\/57496"}],"wp:attachment":[{"href":"https:\/\/www.infokuryr.cz\/n\/wp-json\/wp\/v2\/media?parent=57495"}],"wp:term":[{"taxonomy":"category","embeddable":true,"href":"https:\/\/www.infokuryr.cz\/n\/wp-json\/wp\/v2\/categories?post=57495"},{"taxonomy":"post_tag","embeddable":true,"href":"https:\/\/www.infokuryr.cz\/n\/wp-json\/wp\/v2\/tags?post=57495"}],"curies":[{"name":"wp","href":"https:\/\/api.w.org\/{rel}","templated":true}]}}