{"id":57398,"date":"2024-07-09T04:55:44","date_gmt":"2024-07-09T02:55:44","guid":{"rendered":"https:\/\/www.infokuryr.cz\/n\/?p=57398"},"modified":"2024-07-09T04:55:58","modified_gmt":"2024-07-09T02:55:58","slug":"ukrajina-odpalila-americke-rakety-atacms-na-krym","status":"publish","type":"post","link":"https:\/\/www.infokuryr.cz\/n\/2024\/07\/09\/ukrajina-odpalila-americke-rakety-atacms-na-krym\/","title":{"rendered":"Ukrajina odp\u00e1lila americk\u00e9 rakety ATACMS na Krym"},"content":{"rendered":"<div id=\"fb-root\"><\/div>\n<div class=\"news-text-body\">\n<p class=\"lead\"><strong>Ukrajina pou\u017eila k \u00fatoku na Krym rakety ATACMS dlouh\u00e9ho doletu, kter\u00e9 do Kyjeva p\u0159evezly Spojen\u00e9 st\u00e1ty. Ozn\u00e1mil to v pond\u011bl\u00ed na br\u00edfinku koordin\u00e1tor strategick\u00e9 komunikace B\u00edl\u00e9ho domu John Kirby.<\/strong><\/p>\n<p><em>\u201eUkrajina pou\u017eila na Krymu rakety ATACMS od USA, st\u0159ely dlouh\u00e9ho doletu, zni\u010dily rusk\u00e9 protiletadlov\u00e9 raketov\u00e9 syst\u00e9my, velitelsk\u00e1 centra a leti\u0161t\u011b. Potopili posledn\u00ed v\u00e1le\u010dnou lo\u010f s \u0159\u00edzenou st\u0159elou v p\u0159\u00edstavu Sevastopol a rusk\u00e1 \u010dernomo\u0159sk\u00e1 flotila v reakci na to opustila Krym.&#8220;<span class=\"after-quote\"> &#8211; \u0159ekl Kirby, citovan\u00fd telegramov\u00fdm kan\u00e1lem.<\/span><\/em><\/p>\n<\/div>\n<div class=\"news-text-body\">\n<p>Kirby tak\u00e9 \u0159ekl, \u017ee Spojen\u00e9 st\u00e1ty nepl\u00e1nuj\u00ed zru\u0161it omezen\u00ed pro ozbrojen\u00e9 s\u00edly Ukrajiny na \u00fadery americk\u00fdmi zbran\u011bmi na rusk\u00e9 \u00fazem\u00ed.<\/p>\n<p><iframe loading=\"lazy\" src=\"https:\/\/t.me\/smotri_media\/88658?embed=1&amp;tme_mode=1\" width=\"600\" height=\"350\" data-mce-fragment=\"1\"><\/iframe><\/p>\n<\/div>\n<div class=\"socials-wrapper socials-floating\">\n<div class=\"social-likes socials-visible socials-ready\" data-url=\"https:\/\/eadaily.com\/ru\/news\/2024\/07\/08\/ukraina-bila-amerikanskimi-raketami-atacms-po-krymu-kirbi\" data-title=\"\u0423\u043a\u0440\u0430\u0438\u043d\u0430 \u0431\u0438\u043b\u0430 \u0430\u043c\u0435\u0440\u0438\u043a\u0430\u043d\u0441\u043a\u0438\u043c\u0438 \u0440\u0430\u043a\u0435\u0442\u0430\u043c\u0438 ATACMS \u043f\u043e\u00a0\u041a\u0440\u044b\u043c\u0443\u00a0\u2014 \u041a\u0438\u0440\u0431\u0438\">\n<div class=\"socials-widget socials-widget-vk\" title=\"Sd\u00edlejte na VKontakte\"><\/div>\n<\/div>\n<\/div>\n<p><img decoding=\"async\" loading=\"lazy\" class=\"alignnone size-full wp-image-1185\" src=\"http:\/\/www.infokuryr.cz\/n\/wp-content\/uploads\/2021\/04\/kuryr-podpis.png\" alt=\"\" width=\"84\" height=\"24\" \/><\/p>\n<p>&nbsp;<\/p>\n","protected":false},"excerpt":{"rendered":"<p>Ukrajina pou\u017eila k \u00fatoku na Krym rakety ATACMS dlouh\u00e9ho doletu, kter\u00e9 do Kyjeva p\u0159evezly Spojen\u00e9&#8230;<\/p>\n","protected":false},"author":2,"featured_media":46081,"comment_status":"closed","ping_status":"closed","sticky":false,"template":"","format":"standard","meta":[],"categories":[7],"tags":[7561,751,26],"_links":{"self":[{"href":"https:\/\/www.infokuryr.cz\/n\/wp-json\/wp\/v2\/posts\/57398"}],"collection":[{"href":"https:\/\/www.infokuryr.cz\/n\/wp-json\/wp\/v2\/posts"}],"about":[{"href":"https:\/\/www.infokuryr.cz\/n\/wp-json\/wp\/v2\/types\/post"}],"author":[{"embeddable":true,"href":"https:\/\/www.infokuryr.cz\/n\/wp-json\/wp\/v2\/users\/2"}],"replies":[{"embeddable":true,"href":"https:\/\/www.infokuryr.cz\/n\/wp-json\/wp\/v2\/comments?post=57398"}],"version-history":[{"count":0,"href":"https:\/\/www.infokuryr.cz\/n\/wp-json\/wp\/v2\/posts\/57398\/revisions"}],"wp:featuredmedia":[{"embeddable":true,"href":"https:\/\/www.infokuryr.cz\/n\/wp-json\/wp\/v2\/media\/46081"}],"wp:attachment":[{"href":"https:\/\/www.infokuryr.cz\/n\/wp-json\/wp\/v2\/media?parent=57398"}],"wp:term":[{"taxonomy":"category","embeddable":true,"href":"https:\/\/www.infokuryr.cz\/n\/wp-json\/wp\/v2\/categories?post=57398"},{"taxonomy":"post_tag","embeddable":true,"href":"https:\/\/www.infokuryr.cz\/n\/wp-json\/wp\/v2\/tags?post=57398"}],"curies":[{"name":"wp","href":"https:\/\/api.w.org\/{rel}","templated":true}]}}